{"id":598822,"date":"2025-02-25T01:23:41","date_gmt":"2025-02-25T05:23:41","guid":{"rendered":"https:\/\/diariodominicano.com\/?p=598822"},"modified":"2025-02-25T01:25:35","modified_gmt":"2025-02-25T05:25:35","slug":"republica-dominicana-invita-al-empresariado-del-hemisferio-a-la-x-cumbre-de-las-americas-durante-conferencia-del-aaccla-regional-outlook-on-the-americas","status":"publish","type":"post","link":"https:\/\/diariodominicano.com\/?p=598822","title":{"rendered":"Rep\u00fablica Dominicana invita al empresariado del hemisferio a la X Cumbre de las Am\u00e9ricas durante Conferencia del AACCLA \u201cRegional Outlook on the Americas\u201d"},"content":{"rendered":"\n<p>Miami, Estados Unidos.\u2013 Una destacada representaci\u00f3n de empresarios dominicanos, junto a AMCHAMDR, el CONEP y al ministro de Relaciones Exteriores, Roberto \u00c1lvarez, se dieron cita en la ciudad de Miami para participar en la conferencia Outlook on the Americas, organizada por la Asociaci\u00f3n de C\u00e1maras Americanas de Comercio de Latinoam\u00e9rica y el Caribe (AACCLA), entidad que agrupa a las AMCHAM\u2019s de la regi\u00f3n y en la que Edwin De los Santos, presidente de AMCHAMDR dirigi\u00f3 en su calidad de Vice Chair del AACCLA.<\/p>\n\n\n\n<figure class=\"wp-block-gallery has-nested-images columns-default is-cropped wp-block-gallery-1 is-layout-flex wp-block-gallery-is-layout-flex\">\n<figure class=\"wp-block-image size-large\"><img loading=\"lazy\" decoding=\"async\" width=\"1024\" height=\"768\" data-id=\"598835\" src=\"https:\/\/diariodominicano.com\/wp-content\/uploads\/2025\/02\/Republica-Dominicana-invita-al-empresariado-del-hemisferio-a-la-X-Cumbre-de-las-Americas-Conferencia-del-AACCLA-1024x768.jpg\" alt=\"\" class=\"wp-image-598835\" srcset=\"https:\/\/diariodominicano.com\/wp-content\/uploads\/2025\/02\/Republica-Dominicana-invita-al-empresariado-del-hemisferio-a-la-X-Cumbre-de-las-Americas-Conferencia-del-AACCLA-1024x768.jpg 1024w, https:\/\/diariodominicano.com\/wp-content\/uploads\/2025\/02\/Republica-Dominicana-invita-al-empresariado-del-hemisferio-a-la-X-Cumbre-de-las-Americas-Conferencia-del-AACCLA-300x225.jpg 300w, https:\/\/diariodominicano.com\/wp-content\/uploads\/2025\/02\/Republica-Dominicana-invita-al-empresariado-del-hemisferio-a-la-X-Cumbre-de-las-Americas-Conferencia-del-AACCLA-768x576.jpg 768w, https:\/\/diariodominicano.com\/wp-content\/uploads\/2025\/02\/Republica-Dominicana-invita-al-empresariado-del-hemisferio-a-la-X-Cumbre-de-las-Americas-Conferencia-del-AACCLA-1536x1152.jpg 1536w, https:\/\/diariodominicano.com\/wp-content\/uploads\/2025\/02\/Republica-Dominicana-invita-al-empresariado-del-hemisferio-a-la-X-Cumbre-de-las-Americas-Conferencia-del-AACCLA-816x612.jpg 816w, https:\/\/diariodominicano.com\/wp-content\/uploads\/2025\/02\/Republica-Dominicana-invita-al-empresariado-del-hemisferio-a-la-X-Cumbre-de-las-Americas-Conferencia-del-AACCLA.jpg 1600w\" sizes=\"auto, (max-width: 1024px) 100vw, 1024px\" \/><\/figure>\n<\/figure>\n\n\n\n<p>Durante las palabras de apertura de esta conferencia a cargo de Edwin De los Santos el mismo contextualiz\u00f3 la relevancia de la Cumbre de las Am\u00e9ricas, destacando su papel como un espacio crucial para la discusi\u00f3n de temas clave para el desarrollo econ\u00f3mico y comercial del hemisferio invitando a las C\u00e1maras Americanas de Comercios de toda la regi\u00f3n a sumarse a la celebraci\u00f3n del Foro Empresarial de la Cumbre, para asegurar que los acuerdos all\u00ed alcanzados gocen de representatividad y contribuyan al impulso de iniciativas transformativas del comercio hemisf\u00e9rico. De los Santos resalt\u00f3 el valor del trabajo del AACCLA y del US Chamber en la promoci\u00f3n de la cooperaci\u00f3n regional y el rol indispensable del sector privado en impulsar el crecimiento econ\u00f3mico y la prosperidad compartida. Se\u00f1al\u00f3, adem\u00e1s Este encuentro de l\u00edderes de todo el hemisferio es una oportunidad \u00fanica para abordar los temas m\u00e1s urgentes de nuestro tiempo, como la resiliencia de las cadenas de suministro, la identificaci\u00f3n de sectores estrat\u00e9gicos de crecimiento en energ\u00eda y el fortalecimiento de las asociaciones p\u00fablico-privadas, alineadas con los compromisos globales.<\/p>\n\n\n\n<figure class=\"wp-block-gallery has-nested-images columns-default is-cropped wp-block-gallery-2 is-layout-flex wp-block-gallery-is-layout-flex\">\n<figure class=\"wp-block-image size-large\"><img loading=\"lazy\" decoding=\"async\" width=\"1024\" height=\"682\" data-id=\"598834\" src=\"https:\/\/diariodominicano.com\/wp-content\/uploads\/2025\/02\/Republica-Dominicana-invita-al-empresariado-del-hemisferio-a-la-X-Cumbre-las-Americas-durante-Conferencia-del-AACCLA-1024x682.jpg\" alt=\"\" class=\"wp-image-598834\" srcset=\"https:\/\/diariodominicano.com\/wp-content\/uploads\/2025\/02\/Republica-Dominicana-invita-al-empresariado-del-hemisferio-a-la-X-Cumbre-las-Americas-durante-Conferencia-del-AACCLA-1024x682.jpg 1024w, https:\/\/diariodominicano.com\/wp-content\/uploads\/2025\/02\/Republica-Dominicana-invita-al-empresariado-del-hemisferio-a-la-X-Cumbre-las-Americas-durante-Conferencia-del-AACCLA-300x200.jpg 300w, https:\/\/diariodominicano.com\/wp-content\/uploads\/2025\/02\/Republica-Dominicana-invita-al-empresariado-del-hemisferio-a-la-X-Cumbre-las-Americas-durante-Conferencia-del-AACCLA-768x512.jpg 768w, https:\/\/diariodominicano.com\/wp-content\/uploads\/2025\/02\/Republica-Dominicana-invita-al-empresariado-del-hemisferio-a-la-X-Cumbre-las-Americas-durante-Conferencia-del-AACCLA-1536x1023.jpg 1536w, https:\/\/diariodominicano.com\/wp-content\/uploads\/2025\/02\/Republica-Dominicana-invita-al-empresariado-del-hemisferio-a-la-X-Cumbre-las-Americas-durante-Conferencia-del-AACCLA-816x544.jpg 816w, https:\/\/diariodominicano.com\/wp-content\/uploads\/2025\/02\/Republica-Dominicana-invita-al-empresariado-del-hemisferio-a-la-X-Cumbre-las-Americas-durante-Conferencia-del-AACCLA.jpg 1600w\" sizes=\"auto, (max-width: 1024px) 100vw, 1024px\" \/><\/figure>\n<\/figure>\n\n\n\n<p>El canciller Roberto \u00c1lvarez fue el orador principal invitado del Outlook on the Americas, en el cual participaron importantes empresarios del continente americano, altos funcionarios del US Chamber of Commerce, y representantes de las C\u00e1maras Americanas de Comercio de toda la regi\u00f3n, escenario donde aprovech\u00f3 para extender una calurosa invitaci\u00f3n para la participaci\u00f3n entusiasta del liderazgo empresarial continental en la Cumbre a celebrarse en Punta Cana en Diciembre 5 de este a\u00f1o, adem\u00e1s de explicar los temas centrales en los que el sector privado podr\u00e1 enfocarse para asegurar que de este importante encuentro se obtengan resultados de gran relevancia para impulsar el desarrollo regional sobre la base del comercio.<\/p>\n\n\n\n<figure class=\"wp-block-gallery has-nested-images columns-default is-cropped wp-block-gallery-3 is-layout-flex wp-block-gallery-is-layout-flex\">\n<figure class=\"wp-block-image size-large\"><img loading=\"lazy\" decoding=\"async\" width=\"1024\" height=\"682\" data-id=\"598833\" src=\"https:\/\/diariodominicano.com\/wp-content\/uploads\/2025\/02\/Republica-Dominicana-invita-al-empresariado-del-hemisferio-a-la-X-Cumbre-de-las-Americas-durante-Conferencia-AACCLA-1024x682.jpg\" alt=\"\" class=\"wp-image-598833\" srcset=\"https:\/\/diariodominicano.com\/wp-content\/uploads\/2025\/02\/Republica-Dominicana-invita-al-empresariado-del-hemisferio-a-la-X-Cumbre-de-las-Americas-durante-Conferencia-AACCLA-1024x682.jpg 1024w, https:\/\/diariodominicano.com\/wp-content\/uploads\/2025\/02\/Republica-Dominicana-invita-al-empresariado-del-hemisferio-a-la-X-Cumbre-de-las-Americas-durante-Conferencia-AACCLA-300x200.jpg 300w, https:\/\/diariodominicano.com\/wp-content\/uploads\/2025\/02\/Republica-Dominicana-invita-al-empresariado-del-hemisferio-a-la-X-Cumbre-de-las-Americas-durante-Conferencia-AACCLA-768x512.jpg 768w, https:\/\/diariodominicano.com\/wp-content\/uploads\/2025\/02\/Republica-Dominicana-invita-al-empresariado-del-hemisferio-a-la-X-Cumbre-de-las-Americas-durante-Conferencia-AACCLA-1536x1023.jpg 1536w, https:\/\/diariodominicano.com\/wp-content\/uploads\/2025\/02\/Republica-Dominicana-invita-al-empresariado-del-hemisferio-a-la-X-Cumbre-de-las-Americas-durante-Conferencia-AACCLA-816x544.jpg 816w, https:\/\/diariodominicano.com\/wp-content\/uploads\/2025\/02\/Republica-Dominicana-invita-al-empresariado-del-hemisferio-a-la-X-Cumbre-de-las-Americas-durante-Conferencia-AACCLA.jpg 1600w\" sizes=\"auto, (max-width: 1024px) 100vw, 1024px\" \/><\/figure>\n<\/figure>\n\n\n\n<p>El canciller resalt\u00f3 adem\u00e1s la fortaleza de las relaciones bilaterales entre Rep\u00fablica Dominicana y Estados Unidos reflejada con la reciente visita del secretario de Estado Marco Rubio al pa\u00eds y las oportunidades de cooperaci\u00f3n que fueron identificadas referentes a la situaci\u00f3n en Hait\u00ed, la lucha contra el narcotr\u00e1fico, la migraci\u00f3n ilegal, y otras. Destac\u00f3 que el Gobierno dominicano reconoce el importante papel que desempe\u00f1ar\u00e1 el sector privado en el desarrollo de la misma, por lo que el Foro Empresarial que se ha pautado realizar en el marco este c\u00f3nclave, puede convertirse en el espacio id\u00f3neo para el fortalecimiento del comercio regional, la promoci\u00f3n de nuevas \u00e1reas de inversi\u00f3n y el fomento de mercados tur\u00edsticos intrarregionales no explotados, los cuales pueden desatar un nuevo crecimiento que construya un hemisferio m\u00e1s seguro, competitivo y pr\u00f3spero.<\/p>\n\n\n\n<p>Adem\u00e1s de este encuentro, la delegaci\u00f3n de empresarios dominicanos, particip\u00f3 en una reuni\u00f3n de trabajo con la representaci\u00f3n del Dialogo Empresarial de las Americas del Banco Interamericano de Desarrollo que est\u00e1 trabajando en las preparaciones del CEO Summit a celebrarse en paralelo con la X Cumbre de las Americas, que se realizar\u00e1 en el pa\u00eds a finales de 2025.<\/p>\n\n\n\n<p>Durante esta visita, tambi\u00e9n se desarroll\u00f3 la Reuni\u00f3n de Planificaci\u00f3n Estrat\u00e9gica de AACCLA, donde los representantes de AMCHAMDR abordaron junto a otros l\u00edderes de la regi\u00f3n y de otras AMCHAMs, temas importantes para el desarrollo comercial y econ\u00f3mico de Am\u00e9rica Latina y el Caribe. Las discusiones se centraron en las prioridades regionales para 2025, incluyendo comercio, facilitaci\u00f3n comercial, propiedad intelectual, pol\u00edtica digital, defensa cibern\u00e9tica, transici\u00f3n energ\u00e9tica, salud y Estado de derecho. Asimismo, se revisaron las pol\u00edticas comerciales y econ\u00f3micas desde la perspectiva de Washington, destacando los retos y oportunidades para la regi\u00f3n. En este encuentro participaron importantes figuras como John Murphy, jefe de Asuntos Internacionales del U.S. Chamber of Commerce; Isabel Quiroz, directora ejecutiva de AACCLA; Noel Alonso Murray, directora ejecutiva en Directorio Legislativo y m\u00e1s.<\/p>\n\n\n\n<p>Compromiso de Rep\u00fablica Dominicana con la Cumbre de las Am\u00e9ricas<\/p>\n\n\n\n<p>La presencia conjunta del sector p\u00fablico y privado dominicano en estos encuentros refleja el compromiso del pa\u00eds con el \u00e9xito de la X Cumbre de las Am\u00e9ricas. La estrecha coordinaci\u00f3n entre el gobierno y el sector empresarial dominicano subraya la importancia de esta Cumbre como una oportunidad estrat\u00e9gica para fortalecer la posici\u00f3n del pa\u00eds en la regi\u00f3n. Esta colaboraci\u00f3n busca consolidar a la Rep\u00fablica Dominicana como un referente regional en comercio, inversi\u00f3n y desarrollo sostenible, aprovechando el evento para fomentar el crecimiento econ\u00f3mico, promover el turismo intrarregional y establecer alianzas estrat\u00e9gicas que impulsen el desarrollo hemisf\u00e9rico.<\/p>\n\n\n\n<p>Sobre la C\u00e1mara Americana de Comercio de la Rep\u00fablica Dominicana (AMCHAMDR)<\/p>\n\n\n\n<p>La C\u00e1mara Americana de Comercio de la Rep\u00fablica Dominicana (AMCHAMDR por sus siglas en ingl\u00e9s) es una asociaci\u00f3n sin fines de lucro, incorporada legalmente el 8 de noviembre de 1923, que fomenta un clima de inversi\u00f3n saludable basado en el acceso de conocimiento, oportunidades y una cultura de mejores pr\u00e1cticas para el desarrollo socioecon\u00f3mico y profesional de sus socios. AMCHAMDR est\u00e1 afiliada a la U.S. Chamber of Commerce y es miembro fundador de la Asociaci\u00f3n de C\u00e1maras Americanas de Comercio en Am\u00e9rica Latina (AACCLA por sus siglas en ingl\u00e9s).<\/p>\n\n\n\n<p>Contactos de prensa<br>Coral Holguin, cholguin@amcham.org.do<br>X\u00f3chitl Cordero, xcordero@amcham.org.do<br>Oliver Balbuena, obalbuena@amcham.org.do<\/p>\n\n\n\n<p>Comunicaciones AMCHAMDR comunicaciones@amcham.org.do<\/p>\n","protected":false},"excerpt":{"rendered":"<p>Miami, Estados Unidos.\u2013 Una destacada representaci\u00f3n de empresarios dominicanos, junto a AMCHAMDR, el CONEP y al ministro de Relaciones Exteriores, Roberto \u00c1lvarez, se dieron cita en la ciudad de Miami para participar en la conferencia Outlook on the Americas, organizada por la Asociaci\u00f3n de C\u00e1maras Americanas de Comercio de Latinoam\u00e9rica y el Caribe (AACCLA), entidad [&hellip;]<\/p>\n","protected":false},"author":7,"featured_media":598836,"comment_status":"closed","ping_status":"closed","sticky":true,"template":"","format":"standard","meta":{"footnotes":""},"categories":[18,27],"tags":[1802,514,377],"class_list":["post-598822","post","type-post","status-publish","format-standard","has-post-thumbnail","hentry","category-economia","category-portada","tag-aaccla","tag-amchamdr","tag-conep"],"_links":{"self":[{"href":"https:\/\/diariodominicano.com\/index.php?rest_route=\/wp\/v2\/posts\/598822","targetHints":{"allow":["GET"]}}],"collection":[{"href":"https:\/\/diariodominicano.com\/index.php?rest_route=\/wp\/v2\/posts"}],"about":[{"href":"https:\/\/diariodominicano.com\/index.php?rest_route=\/wp\/v2\/types\/post"}],"author":[{"embeddable":true,"href":"https:\/\/diariodominicano.com\/index.php?rest_route=\/wp\/v2\/users\/7"}],"replies":[{"embeddable":true,"href":"https:\/\/diariodominicano.com\/index.php?rest_route=%2Fwp%2Fv2%2Fcomments&post=598822"}],"version-history":[{"count":3,"href":"https:\/\/diariodominicano.com\/index.php?rest_route=\/wp\/v2\/posts\/598822\/revisions"}],"predecessor-version":[{"id":598843,"href":"https:\/\/diariodominicano.com\/index.php?rest_route=\/wp\/v2\/posts\/598822\/revisions\/598843"}],"wp:featuredmedia":[{"embeddable":true,"href":"https:\/\/diariodominicano.com\/index.php?rest_route=\/wp\/v2\/media\/598836"}],"wp:attachment":[{"href":"https:\/\/diariodominicano.com\/index.php?rest_route=%2Fwp%2Fv2%2Fmedia&parent=598822"}],"wp:term":[{"taxonomy":"category","embeddable":true,"href":"https:\/\/diariodominicano.com\/index.php?rest_route=%2Fwp%2Fv2%2Fcategories&post=598822"},{"taxonomy":"post_tag","embeddable":true,"href":"https:\/\/diariodominicano.com\/index.php?rest_route=%2Fwp%2Fv2%2Ftags&post=598822"}],"curies":[{"name":"wp","href":"https:\/\/api.w.org\/{rel}","templated":true}]}}