{"id":598796,"date":"2025-02-25T00:20:50","date_gmt":"2025-02-25T04:20:50","guid":{"rendered":"https:\/\/diariodominicano.com\/?p=598796"},"modified":"2025-02-25T00:20:54","modified_gmt":"2025-02-25T04:20:54","slug":"juan-ariel-jimenez-es-reconocido-en-nueva-york-como-dominicano-destacado-en-los-estados-unidos","status":"publish","type":"post","link":"https:\/\/diariodominicano.com\/?p=598796","title":{"rendered":"Juan Ariel Jim\u00e9nez es reconocido en Nueva York como dominicano destacado en los Estados Unidos"},"content":{"rendered":"\n<p>Bronx, Nueva York.\u2013 El pasado jueves 20 de febrero, el pol\u00edtico y economista Juan Ariel Jim\u00e9nez fue reconocido en la ciudad de Nueva York como dominicano destacado en los Estados Unidos. La distinci\u00f3n se realiz\u00f3 en el marco de la Celebraci\u00f3n del Mes de la Herencia Dominicana, evento en el que la presidenta del distrito del Bronx, Vanessa Gibson, honr\u00f3 a destacadas personalidades dominicanas y a estadounidenses de ascendencia dominicana por sus notables contribuciones.<\/p>\n\n\n\n<p>Al entregar el galard\u00f3n, Vanessa Gibson resalt\u00f3 la trayectoria de Juan Ariel Jim\u00e9nez, subrayando el orgullo de que un dominicano sea profesor en la Harvard Kennedy School, una de las escuelas de gobierno de mayor prestigio mundial.<\/p>\n\n\n\n<p>Durante su intervenci\u00f3n, Juan Ariel agradeci\u00f3 el reconocimiento y destac\u00f3 que: \u201cEl Bronx es la nueva meca de los dominicanos en los Estados Unidos y un lugar que muchos consideran su hogar\u00bb. Asimismo, reconoci\u00f3 los valiosos aportes de miles de dominicanos de la di\u00e1spora en diversas \u00e1reas de la sociedad estadounidense, m\u00e1s all\u00e1 del b\u00e9isbol, incluyendo las ciencias, la academia y las artes, lo que ha contribuido significativamente al desarrollo y crecimiento de dicha comunidad.<\/p>\n\n\n\n<p>El l\u00edder pol\u00edtico dominicano estuvo acompa\u00f1ado por una comitiva del Partido de la Liberaci\u00f3n Dominicana (PLD) y por j\u00f3venes abogados y pol\u00edticos dominicanos radicados en los Estados Unidos, entre ellos Mayvel Garc\u00eda, Patricia Garc\u00eda Pantale\u00f3n, Haydee Ort\u00edz, Julissa Collado, Atenedoro Gonz\u00e1lez y F\u00e9lix Garc\u00eda.<\/p>\n\n\n\n<p>Otros dominicanos destacados que fueron reconocidos en la actividad fueron Fernando Radhames Rodriguez, Presidente de la Asociaci\u00f3n de Bodegueros Unidos, Haizel McIntyre, Presidenta de Making Money Movers; Veronica Rosario y Richy Rosario, periodistas destacados en Nueva York.<\/p>\n\n\n\n<p>Este reconocimiento forma parte de la agenda de compromisos que Juan Ariel Jim\u00e9nez desarrolla en la ciudad de Nueva York, la cual incluye su participaci\u00f3n como panelista en el Simposio de la Herencia Dominicana, a celebrarse ma\u00f1ana 25 de febrero a las 3:00 p.m. en el Hostos Community College.<\/p>\n\n\n\n<p>Nolberto Batista <a href=\"mailto:nolbertobatista.rrpp@gmail.com\">nolbertobatista.rrpp@gmail.com<\/a><\/p>\n","protected":false},"excerpt":{"rendered":"<p>Bronx, Nueva York.\u2013 El pasado jueves 20 de febrero, el pol\u00edtico y economista Juan Ariel Jim\u00e9nez fue reconocido en la ciudad de Nueva York como dominicano destacado en los Estados Unidos. La distinci\u00f3n se realiz\u00f3 en el marco de la Celebraci\u00f3n del Mes de la Herencia Dominicana, evento en el que la presidenta del distrito [&hellip;]<\/p>\n","protected":false},"author":7,"featured_media":598802,"comment_status":"closed","ping_status":"closed","sticky":false,"template":"","format":"standard","meta":{"footnotes":""},"categories":[23],"tags":[398],"class_list":["post-598796","post","type-post","status-publish","format-standard","has-post-thumbnail","hentry","category-internacional","tag-juan-ariel-jimenez"],"_links":{"self":[{"href":"https:\/\/diariodominicano.com\/index.php?rest_route=\/wp\/v2\/posts\/598796","targetHints":{"allow":["GET"]}}],"collection":[{"href":"https:\/\/diariodominicano.com\/index.php?rest_route=\/wp\/v2\/posts"}],"about":[{"href":"https:\/\/diariodominicano.com\/index.php?rest_route=\/wp\/v2\/types\/post"}],"author":[{"embeddable":true,"href":"https:\/\/diariodominicano.com\/index.php?rest_route=\/wp\/v2\/users\/7"}],"replies":[{"embeddable":true,"href":"https:\/\/diariodominicano.com\/index.php?rest_route=%2Fwp%2Fv2%2Fcomments&post=598796"}],"version-history":[{"count":1,"href":"https:\/\/diariodominicano.com\/index.php?rest_route=\/wp\/v2\/posts\/598796\/revisions"}],"predecessor-version":[{"id":598803,"href":"https:\/\/diariodominicano.com\/index.php?rest_route=\/wp\/v2\/posts\/598796\/revisions\/598803"}],"wp:featuredmedia":[{"embeddable":true,"href":"https:\/\/diariodominicano.com\/index.php?rest_route=\/wp\/v2\/media\/598802"}],"wp:attachment":[{"href":"https:\/\/diariodominicano.com\/index.php?rest_route=%2Fwp%2Fv2%2Fmedia&parent=598796"}],"wp:term":[{"taxonomy":"category","embeddable":true,"href":"https:\/\/diariodominicano.com\/index.php?rest_route=%2Fwp%2Fv2%2Fcategories&post=598796"},{"taxonomy":"post_tag","embeddable":true,"href":"https:\/\/diariodominicano.com\/index.php?rest_route=%2Fwp%2Fv2%2Ftags&post=598796"}],"curies":[{"name":"wp","href":"https:\/\/api.w.org\/{rel}","templated":true}]}}