{"id":598465,"date":"2025-02-23T19:43:22","date_gmt":"2025-02-23T23:43:22","guid":{"rendered":"https:\/\/diariodominicano.com\/?p=598465"},"modified":"2026-01-02T18:17:05","modified_gmt":"2026-01-02T22:17:05","slug":"alcaldia-del-dn-honra-a-la-patria-con-imagenes-de-heroes-en-el-malecon-sd","status":"publish","type":"post","link":"https:\/\/diariodominicano.com\/?p=598465","title":{"rendered":"Alcald\u00eda del Distrito Nacional honra a la patria con im\u00e1genes de h\u00e9roes en el Malec\u00f3n SD\u00a0"},"content":{"rendered":"\n<p>Tambi\u00e9n lleva la historia de los h\u00e9roes a los parques <\/p>\n\n\n\n<p>Santo Domingo, DN &#8211; La Alcald\u00eda del Distrito Nacional, a trav\u00e9s de la Direcci\u00f3n de Innovaci\u00f3n y Proyectos Especiales, coloc\u00f3 banners con im\u00e1genes figuras patri\u00f3ticas y de la bandera en el Malec\u00f3n de Santo Domingo, y est\u00e1 llevando a los ni\u00f1os la lectura de cuentos patri\u00f3ticos en varios parques.<\/p>\n\n\n\n<p>La iniciativa, desarrollada bajo las instrucciones de la alcaldesa Carolina Mej\u00eda, busca destacar el legado de los padres de la patria y otras grandes figuras, as\u00ed como de los s\u00edmbolos patrios, a prop\u00f3sito de la celebraci\u00f3n del Mes de la Patria.<\/p>\n\n\n\n<p>Gracias al patrocinio de Banreservas y Farmacias GBC, en el tramo del malec\u00f3n que va desde la avenida Abraham Lincoln hasta la Francisco Alberto Caama\u00f1o, la alcald\u00eda coloc\u00f3 banners con la imagen de Juan Pablo Duarte, Mat\u00edas Ram\u00f3n Mella, Francisco del Rosario S\u00e1nchez, Concepci\u00f3n Bona y Mar\u00eda Trinidad S\u00e1nchez. As\u00ed como de la bandera nacional.\u00a0<\/p>\n\n\n\n<figure class=\"wp-block-image\"><img decoding=\"async\" src=\"https:\/\/diariodominicano.com\/wp-content\/uploads\/2025\/02\/Alcaldia-del-DN-honra-a-la-patria-con-imagenes-de-heroes-en-el-Malecon-SD-1024x682.jpeg\" alt=\"\"\/><\/figure>\n\n\n\n<p>A prop\u00f3sito de esta conmemoraci\u00f3n, recientemente la alcaldesa Carolina Mej\u00eda tambi\u00e9n instruy\u00f3 a las brigadas del cabildo para que colocaran la bandera nacional en parques y plazas.<\/p>\n\n\n\n<p>La ejecutiva municipal ha sido enf\u00e1tica en reiterar su compromiso de promover los s\u00edmbolos patrios y las grandes figuras las distintas v\u00edas y parques de la capital.\u00a0<\/p>\n\n\n\n<figure class=\"wp-block-image\"><img decoding=\"async\" src=\"https:\/\/diariodominicano.com\/wp-content\/uploads\/2025\/02\/Alcaldia-del-DN-honra-a-la-patria-con-imagenes-heroes-en-el-Malecon-SD-1024x706.jpeg\" alt=\"\"\/><\/figure>\n\n\n\n<p>Vive tu Parque resalta el patriotismo<\/p>\n\n\n\n<p>Otra forma en la que el cabildo ha honrado la memoria patri\u00f3tica del pa\u00eds, ha sido a trav\u00e9s de la celebraci\u00f3n de un calendario de actividades infantiles en Vive tu Patria, como parte del programa Vive tu Parque.<\/p>\n\n\n\n<p>Estas actividades se realizan en diferentes parques, donde los infantes pueden conocer la participaci\u00f3n de los h\u00e9roes patrios a trav\u00e9s del cuento y los t\u00edteres.&nbsp;<\/p>\n\n\n\n<p>El calendario inici\u00f3 el domingo 16 en el parque Los Cerezos, con la lectura de un cuento que narraba la historia de la Independencia Nacional.&nbsp;<\/p>\n\n\n\n<p>Este domingo 23 a las 5:30 de la tarde, la cita ser\u00e1 en el parque Luisa Ozema Pellerano, donde se recitar\u00e1 la historia de los trinitarios.&nbsp;<\/p>\n\n\n\n<p>Para el cierre se har\u00e1 una parada dominicana en el Parque Villa Francisca el viernes 28, con un perico ripiao en vivo. Para el disfrute de los peque\u00f1os, se tendr\u00e1 disponible pinta caritas, algodones, palomitas y un show de t\u00edteres.&nbsp;<\/p>\n\n\n\n<p>El Mes de la Patria se celebra cada a\u00f1o a partir del 26 de enero con la celebraci\u00f3n del natalicio de Juan Pablo Duarte, adem\u00e1s abarca las fechas de nacimiento de Mat\u00edas Ram\u00f3n Mella y de Francisco del Rosario S\u00e1nchez. La celebraci\u00f3n patria abarca tambi\u00e9n el D\u00eda de la Independencia Nacional.<\/p>\n\n\n\n<p><strong>Direcci\u00f3n de Comunicaciones<\/strong><\/p>\n","protected":false},"excerpt":{"rendered":"<p>Tambi\u00e9n lleva la historia de los h\u00e9roes a los parques Santo Domingo, DN &#8211; La Alcald\u00eda del Distrito Nacional, a trav\u00e9s de la Direcci\u00f3n de Innovaci\u00f3n y Proyectos Especiales, coloc\u00f3 banners con im\u00e1genes figuras patri\u00f3ticas y de la bandera en el Malec\u00f3n de Santo Domingo, y est\u00e1 llevando a los ni\u00f1os la lectura de cuentos [&hellip;]<\/p>\n","protected":false},"author":7,"featured_media":598489,"comment_status":"closed","ping_status":"closed","sticky":false,"template":"","format":"standard","meta":{"footnotes":""},"categories":[21,26],"tags":[1016],"class_list":["post-598465","post","type-post","status-publish","format-standard","has-post-thumbnail","hentry","category-cultura","category-efemerides","tag-alcaldia-del-distrito-nacional"],"_links":{"self":[{"href":"https:\/\/diariodominicano.com\/index.php?rest_route=\/wp\/v2\/posts\/598465","targetHints":{"allow":["GET"]}}],"collection":[{"href":"https:\/\/diariodominicano.com\/index.php?rest_route=\/wp\/v2\/posts"}],"about":[{"href":"https:\/\/diariodominicano.com\/index.php?rest_route=\/wp\/v2\/types\/post"}],"author":[{"embeddable":true,"href":"https:\/\/diariodominicano.com\/index.php?rest_route=\/wp\/v2\/users\/7"}],"replies":[{"embeddable":true,"href":"https:\/\/diariodominicano.com\/index.php?rest_route=%2Fwp%2Fv2%2Fcomments&post=598465"}],"version-history":[{"count":2,"href":"https:\/\/diariodominicano.com\/index.php?rest_route=\/wp\/v2\/posts\/598465\/revisions"}],"predecessor-version":[{"id":598549,"href":"https:\/\/diariodominicano.com\/index.php?rest_route=\/wp\/v2\/posts\/598465\/revisions\/598549"}],"wp:featuredmedia":[{"embeddable":true,"href":"https:\/\/diariodominicano.com\/index.php?rest_route=\/wp\/v2\/media\/598489"}],"wp:attachment":[{"href":"https:\/\/diariodominicano.com\/index.php?rest_route=%2Fwp%2Fv2%2Fmedia&parent=598465"}],"wp:term":[{"taxonomy":"category","embeddable":true,"href":"https:\/\/diariodominicano.com\/index.php?rest_route=%2Fwp%2Fv2%2Fcategories&post=598465"},{"taxonomy":"post_tag","embeddable":true,"href":"https:\/\/diariodominicano.com\/index.php?rest_route=%2Fwp%2Fv2%2Ftags&post=598465"}],"curies":[{"name":"wp","href":"https:\/\/api.w.org\/{rel}","templated":true}]}}