{"id":598283,"date":"2025-02-23T00:09:01","date_gmt":"2025-02-23T04:09:01","guid":{"rendered":"https:\/\/diariodominicano.com\/?p=598283"},"modified":"2025-02-23T00:09:06","modified_gmt":"2025-02-23T04:09:06","slug":"cinco-ninos-robados-durante-la-dictadura-en-chile-viajan-desde-eeuu-para-ver-sus-familias-biologicas","status":"publish","type":"post","link":"https:\/\/diariodominicano.com\/?p=598283","title":{"rendered":"Cinco ni\u00f1os robados durante la dictadura en Chile viajan desde EEUU para ver sus familias biol\u00f3gicas"},"content":{"rendered":"\n<p>Claudia D\u00edaz abraza a su hermana Natalie, una de las v\u00edctimas de adopciones forzadas de la era de Pinochet, en el aeropuerto de Santiago de Chile el 22 de febrero de 2025<\/p>\n\n\n\n<p>febrero 22, 2025<\/p>\n\n\n\n<ul class=\"wp-block-list\">\n<li><a href=\"https:\/\/www.vozdeamerica.com\/author\/reuters\/riv_i\">Reuters<\/a><\/li>\n<\/ul>\n\n\n\n<ul class=\"wp-block-list\">\n<li><a href=\"https:\/\/facebook.com\/sharer.php?u=https%3a%2f%2fwww.vozdeamerica.com%2fa%2fcinco-ninios-robados-durante-la-dictadura-en-chile-despegan-de-eeuu-para-ver-sus-familias-biologicas%2f7984484.html\" target=\"_blank\" rel=\"noreferrer noopener\"><\/a><\/li>\n\n\n\n<li><a href=\"https:\/\/twitter.com\/share?url=https%3a%2f%2fwww.vozdeamerica.com%2fa%2fcinco-ninios-robados-durante-la-dictadura-en-chile-despegan-de-eeuu-para-ver-sus-familias-biologicas%2f7984484.html&amp;text=Cinco+ni%c3%b1os+robados+durante+la+dictadura+en+Chile+viajan+desde+EEUU+para+ver+sus+familias+biol%c3%b3gicas\" target=\"_blank\" rel=\"noreferrer noopener\"><\/a><\/li>\n\n\n\n<li><\/li>\n\n\n\n<li><a href=\"mailto:?body=https%3a%2f%2fwww.vozdeamerica.com%2fa%2fcinco-ninios-robados-durante-la-dictadura-en-chile-despegan-de-eeuu-para-ver-sus-familias-biologicas%2f7984484.html&amp;subject=Cinco%20ni%C3%B1os%20robados%20durante%20la%20dictadura%20en%20Chile%20viajan%20desde%20EEUU%20para%20ver%20sus%20familias%20biol%C3%B3gicas\"><\/a><\/li>\n<\/ul>\n\n\n\n<p><a href=\"https:\/\/www.vozdeamerica.com\/a\/cinco-ninios-robados-durante-la-dictadura-en-chile-despegan-de-eeuu-para-ver-sus-familias-biologicas\/7984484.html#comments\">&nbsp;Vea comentarios<\/a><\/p>\n\n\n\n<p>Despu\u00e9s de haber sido robados durante la dictadura de Augusto Pinochet en Chile, unos cinco estadounidenses adoptados regresaron a su pa\u00eds natal para reunirse en un emotivo reencuentro con sus familias biol\u00f3gicas.<\/p>\n\n\n\n<p>Cinco estadounidenses adoptados despegaron de Houston el viernes para reunirse por primera vez con sus familias biol\u00f3gicas en Chile, despu\u00e9s de haber sido robados cuando eran beb\u00e9s durante la dictadura de Augusto Pinochet.<\/p>\n\n\n\n<p>\u00abFinalmente conocer\u00e9 a la persona que me trajo a este mundo y ver\u00e9 de d\u00f3nde saco mi energ\u00eda y a qui\u00e9n me parezco\u00bb, dijo Ana Maria Haefmeyer, de 36 a\u00f1os, auxiliar administrativa de Minnesota y una de las adoptadas del vuelo.<\/p>\n\n\n\n<p>Haefmeyer y los dem\u00e1s pudieron encontrar a sus padres biol\u00f3gicos gracias a Connecting Roots, una ONG dedicada a reunir a los adoptados chilenos con sus con sus familias biol\u00f3gicas.<\/p>\n\n\n\n<figure class=\"wp-block-image\"><img decoding=\"async\" src=\"https:\/\/gdb.voanews.com\/9738d7bb-0e98-4407-856a-ad37dfe01c1f_w650_r1_s.jpg\" alt=\"Ana Mar\u00eda Haefmeyer, de 36 a\u00f1os, y Adamary 'Ada' Garc\u00eda, de 40, posan para una foto junto con otras personas antes de abordar un vuelo a Chile, donde se reunir\u00e1n con su familia biol\u00f3gica, en el Aeropuerto Intercontinental George Bush en Houston, Texas, el 21 de febrero.\"\/><figcaption class=\"wp-element-caption\">Ana Mar\u00eda Haefmeyer, de 36 a\u00f1os, y Adamary &#8216;Ada&#8217; Garc\u00eda, de 40, posan para una foto junto con otras personas antes de abordar un vuelo a Chile, donde se reunir\u00e1n con su familia biol\u00f3gica, en el Aeropuerto Intercontinental George Bush en Houston, Texas, el 21 de febrero.<\/figcaption><\/figure>\n\n\n\n<p>Grupos de derechos humanos estiman que miles de ni\u00f1os fueron robados a sus padres biol\u00f3gicos durante la brutal dictadura de Pinochet, que dur\u00f3 desde 1973 hasta 1990, y adoptados por familias extranjeras.<\/p>\n\n\n\n<p>Pinochet foment\u00f3 las adopciones para reducir la pobreza, mientras que se cree que profesionales de la medicina, cl\u00e9rigos, jueces y otras personas lucraron con ellas.<\/p>\n\n\n\n<p>Connecting Roots fue fundada por Tyler Graf, bombero de Texas y adoptado que descubri\u00f3 que hab\u00eda sido robado al nacer y se reencontr\u00f3 con su familia biol\u00f3gica en Chile.<\/p>\n\n\n\n<figure class=\"wp-block-image\"><img decoding=\"async\" src=\"https:\/\/gdb.voanews.com\/e8383674-b0f9-4bbf-9d6a-7decb69ffa3c_w650_r1_s.jpg\" alt=\"Teresa Araya abraza a su nieta, hija de Jada Thiemann de San Jos\u00e9, una de las v\u00edctimas de adopciones forzadas de la era de Pinochet, en el aeropuerto de Santiago de Chile el 22 de febrero de 2025\"\/><figcaption class=\"wp-element-caption\">Teresa Araya abraza a su nieta, hija de Jada Thiemann de San Jos\u00e9, una de las v\u00edctimas de adopciones forzadas de la era de Pinochet, en el aeropuerto de Santiago de Chile el 22 de febrero de 2025<\/figcaption><\/figure>\n\n\n\n<p>La ONG utiliza pruebas de ADN de MyHeritage para reunir a las familias y afirma que m\u00e1s de 100 familias se han puesto en contacto con la esperanza de encontrar a sus hijos tras un viaje similar el a\u00f1o pasado.<\/p>\n\n\n\n<p>Los cinco adoptados aterrizar\u00e1n en Chile el s\u00e1bado y pasar\u00e1n los pr\u00f3ximos d\u00edas reuni\u00e9ndose con sus familias por primera vez en d\u00e9cadas.<\/p>\n\n\n\n<p>Haefmeyer dijo que ten\u00eda un trozo de papel con el nombre de su madre y que hab\u00eda buscado a su madre biol\u00f3gica durante toda su vida sin suerte. No fue hasta que se cas\u00f3 y se cambi\u00f3 el nombre cuando descubri\u00f3 que segu\u00eda siendo ciudadana de Chile y decidi\u00f3 ponerse en contacto con Connecting Roots.<\/p>\n\n\n\n<figure class=\"wp-block-image\"><img decoding=\"async\" src=\"https:\/\/gdb.voanews.com\/c6477c3d-4a11-4715-912a-f2a031fa1ea8_w650_r1_s.jpg\" alt=\"Claudia D\u00edaz sostiene el rostro de su hermana Natalie, una de las v\u00edctimas de adopciones forzadas de la era de Pinochet, en el aeropuerto de Santiago de Chile el 22 de febrero de 2025\"\/><figcaption class=\"wp-element-caption\">Claudia D\u00edaz sostiene el rostro de su hermana Natalie, una de las v\u00edctimas de adopciones forzadas de la era de Pinochet, en el aeropuerto de Santiago de Chile el 22 de febrero de 2025<\/figcaption><\/figure>\n\n\n\n<p>Haefmeyer dice que est\u00e1 emocionada y nerviosa y que sus padres adoptivos la han apoyado. \u00abEllos saben que va a ser cerrar o llenar el agujero que tengo dentro de mi coraz\u00f3n que siempre he sentido que falta\u00bb, dijo Haefmeyer.<\/p>\n","protected":false},"excerpt":{"rendered":"<p>Claudia D\u00edaz abraza a su hermana Natalie, una de las v\u00edctimas de adopciones forzadas de la era de Pinochet, en el aeropuerto de Santiago de Chile el 22 de febrero de 2025 febrero 22, 2025 &nbsp;Vea comentarios Despu\u00e9s de haber sido robados durante la dictadura de Augusto Pinochet en Chile, unos cinco estadounidenses adoptados regresaron [&hellip;]<\/p>\n","protected":false},"author":2,"featured_media":598284,"comment_status":"closed","ping_status":"closed","sticky":false,"template":"","format":"standard","meta":{"footnotes":""},"categories":[26,23],"tags":[],"class_list":["post-598283","post","type-post","status-publish","format-standard","has-post-thumbnail","hentry","category-efemerides","category-internacional"],"_links":{"self":[{"href":"https:\/\/diariodominicano.com\/index.php?rest_route=\/wp\/v2\/posts\/598283","targetHints":{"allow":["GET"]}}],"collection":[{"href":"https:\/\/diariodominicano.com\/index.php?rest_route=\/wp\/v2\/posts"}],"about":[{"href":"https:\/\/diariodominicano.com\/index.php?rest_route=\/wp\/v2\/types\/post"}],"author":[{"embeddable":true,"href":"https:\/\/diariodominicano.com\/index.php?rest_route=\/wp\/v2\/users\/2"}],"replies":[{"embeddable":true,"href":"https:\/\/diariodominicano.com\/index.php?rest_route=%2Fwp%2Fv2%2Fcomments&post=598283"}],"version-history":[{"count":1,"href":"https:\/\/diariodominicano.com\/index.php?rest_route=\/wp\/v2\/posts\/598283\/revisions"}],"predecessor-version":[{"id":598285,"href":"https:\/\/diariodominicano.com\/index.php?rest_route=\/wp\/v2\/posts\/598283\/revisions\/598285"}],"wp:featuredmedia":[{"embeddable":true,"href":"https:\/\/diariodominicano.com\/index.php?rest_route=\/wp\/v2\/media\/598284"}],"wp:attachment":[{"href":"https:\/\/diariodominicano.com\/index.php?rest_route=%2Fwp%2Fv2%2Fmedia&parent=598283"}],"wp:term":[{"taxonomy":"category","embeddable":true,"href":"https:\/\/diariodominicano.com\/index.php?rest_route=%2Fwp%2Fv2%2Fcategories&post=598283"},{"taxonomy":"post_tag","embeddable":true,"href":"https:\/\/diariodominicano.com\/index.php?rest_route=%2Fwp%2Fv2%2Ftags&post=598283"}],"curies":[{"name":"wp","href":"https:\/\/api.w.org\/{rel}","templated":true}]}}