{"id":598027,"date":"2025-02-22T00:57:02","date_gmt":"2025-02-22T04:57:02","guid":{"rendered":"https:\/\/diariodominicano.com\/?p=598027"},"modified":"2025-02-22T02:44:22","modified_gmt":"2025-02-22T06:44:22","slug":"inefi-la-alcaldia-y-obras-publicas-intervienen-emblematica-cancha-del-dn","status":"publish","type":"post","link":"https:\/\/diariodominicano.com\/?p=598027","title":{"rendered":"INEFI, la Alcald\u00eda y Obras P\u00fablicas intervienen emblem\u00e1tica cancha del DN"},"content":{"rendered":"\n<p>La cancha de baloncesto de Montesinos, ubicada en el Malec\u00f3n del Distrito Nacional, en la Zona Colonial, ser\u00e1 sometida a un remozamiento completo. El diputado Jos\u00e9 Caraballo ha sido el enlace entre los comunitarios de la zona.<\/p>\n\n\n\n<p>SANTO DOMINGO, D.N. \u2013 T\u00e9cnicos del Instituto Nacional de Educaci\u00f3n F\u00edsica (INEFI) y del Ministerio de Obras P\u00fablicas y Comunicaciones (MOPC) realizaron un levantamiento en la cancha de Montesinos, ubicada en el Malec\u00f3n de Santo Domingo, con el prop\u00f3sito de remozar este emblem\u00e1tico espacio deportivo.<\/p>\n\n\n\n<p>Como parte de esa evaluaci\u00f3n, se identificaron las necesidades principales de la instalaci\u00f3n, entre ellas la restauraci\u00f3n del piso de asfalto, que ha sufrido desgaste con el tiempo debido a su uso constante y la exposici\u00f3n a las condiciones clim\u00e1ticas.<\/p>\n\n\n\n<p>Adem\u00e1s, el levantamiento contempla la mejora de la iluminaci\u00f3n, la pintura, los tableros y otros elementos esenciales para garantizar una infraestructura adecuada para la pr\u00e1ctica deportiva.<\/p>\n\n\n\n<figure class=\"wp-block-image\"><img decoding=\"async\" src=\"https:\/\/diariodominicano.com\/wp-content\/uploads\/2025\/02\/Condiciones-en-que-se-encuentra-la-cancha-de-baloncesto-de-Montesinos-la-cual-sera-remozada-por-el-INEFI-la-Alcaldia-del-ADN-1-768x1024.jpeg\" alt=\"\"\/><\/figure>\n\n\n\n<p>Estas acciones se ejecutan en el marco del acuerdo interinstitucional entre el INEFI y la Alcald\u00eda del Distrito, que establece realizar acciones para el remozamiento de canchas deportivas municipales usadas por centros educativos en todo el distrito nacional.<\/p>\n\n\n\n<p>\u201cLa cancha de Montesinos es un punto de referencia para el baloncesto en la capital, utilizada a diario por estudiantes y atletas que buscan un espacio seguro y en condiciones \u00f3ptimas para desarrollar sus habilidades. Es por eso que, junto a la alcald\u00eda y al Ministerio de Obras P\u00fablicas, comenzaremos pr\u00f3ximamente la remodelaci\u00f3n de esta importante instalaci\u00f3n deportiva\u201d, coment\u00f3 Alberto Rodr\u00edguez, director ejecutivo del INEFI.<\/p>\n\n\n\n<p>Con esta acci\u00f3n las autoridades reafirman su compromiso con la mejora de las instalaciones deportivas del pa\u00eds y aseguran que esta intervenci\u00f3n permitir\u00e1 que la comunidad deportiva y los ciudadanos en general puedan disfrutar de un espacio renovado y en mejores condiciones.<\/p>\n\n\n\n<p>En los pr\u00f3ximos d\u00edas se anunciar\u00e1 el cronograma de trabajo y las acciones espec\u00edficas que se implementar\u00e1n en la remodelaci\u00f3n de esta hist\u00f3rica cancha del Malec\u00f3n del Distrito Nacional.<\/p>\n\n\n\n<p>PRENSA INEFI <a href=\"mailto:prensainefi@gmail.com\">prensainefi@gmail.com<\/a><\/p>\n","protected":false},"excerpt":{"rendered":"<p>La cancha de baloncesto de Montesinos, ubicada en el Malec\u00f3n del Distrito Nacional, en la Zona Colonial, ser\u00e1 sometida a un remozamiento completo. El diputado Jos\u00e9 Caraballo ha sido el enlace entre los comunitarios de la zona. SANTO DOMINGO, D.N. \u2013 T\u00e9cnicos del Instituto Nacional de Educaci\u00f3n F\u00edsica (INEFI) y del Ministerio de Obras P\u00fablicas [&hellip;]<\/p>\n","protected":false},"author":7,"featured_media":598109,"comment_status":"closed","ping_status":"closed","sticky":false,"template":"","format":"standard","meta":{"footnotes":""},"categories":[17],"tags":[491],"class_list":["post-598027","post","type-post","status-publish","format-standard","has-post-thumbnail","hentry","category-deportes","tag-inefi"],"_links":{"self":[{"href":"https:\/\/diariodominicano.com\/index.php?rest_route=\/wp\/v2\/posts\/598027","targetHints":{"allow":["GET"]}}],"collection":[{"href":"https:\/\/diariodominicano.com\/index.php?rest_route=\/wp\/v2\/posts"}],"about":[{"href":"https:\/\/diariodominicano.com\/index.php?rest_route=\/wp\/v2\/types\/post"}],"author":[{"embeddable":true,"href":"https:\/\/diariodominicano.com\/index.php?rest_route=\/wp\/v2\/users\/7"}],"replies":[{"embeddable":true,"href":"https:\/\/diariodominicano.com\/index.php?rest_route=%2Fwp%2Fv2%2Fcomments&post=598027"}],"version-history":[{"count":2,"href":"https:\/\/diariodominicano.com\/index.php?rest_route=\/wp\/v2\/posts\/598027\/revisions"}],"predecessor-version":[{"id":598112,"href":"https:\/\/diariodominicano.com\/index.php?rest_route=\/wp\/v2\/posts\/598027\/revisions\/598112"}],"wp:featuredmedia":[{"embeddable":true,"href":"https:\/\/diariodominicano.com\/index.php?rest_route=\/wp\/v2\/media\/598109"}],"wp:attachment":[{"href":"https:\/\/diariodominicano.com\/index.php?rest_route=%2Fwp%2Fv2%2Fmedia&parent=598027"}],"wp:term":[{"taxonomy":"category","embeddable":true,"href":"https:\/\/diariodominicano.com\/index.php?rest_route=%2Fwp%2Fv2%2Fcategories&post=598027"},{"taxonomy":"post_tag","embeddable":true,"href":"https:\/\/diariodominicano.com\/index.php?rest_route=%2Fwp%2Fv2%2Ftags&post=598027"}],"curies":[{"name":"wp","href":"https:\/\/api.w.org\/{rel}","templated":true}]}}