{"id":597867,"date":"2025-02-21T10:20:14","date_gmt":"2025-02-21T14:20:14","guid":{"rendered":"https:\/\/diariodominicano.com\/?p=597867"},"modified":"2025-02-21T12:36:39","modified_gmt":"2025-02-21T16:36:39","slug":"testigo-del-tiempo-nefasto-petroleo-de-abinader","status":"publish","type":"post","link":"https:\/\/diariodominicano.com\/?p=597867","title":{"rendered":"Testigo del Tiempo; Nefasto petr\u00f3leo de Abinader"},"content":{"rendered":"\n<p>diariodominicano.com<\/p>\n\n\n\n<p>Por\u2002J.C. Malone<\/p>\n\n\n\n<p>New York, 21 de febrero, 2025.-\u2002Los conflictos armados que consumen Ucrania, Gaza, y el Congo buscan controlar sus vastas riquezas estrat\u00e9gicas y energ\u00e9ticas. Pronto tendremos conflictos en el Esequibo, disputada por Venezuela y Guyana, donde el presidente Luis Abinader pretende arrastrarnos.<\/p>\n\n\n\n<p>Son trifulcas de saqueadores comunes y corrientes, vulgares y silvestres.<\/p>\n\n\n\n<p>Los ucranianos viven sobre unos $14.0 trillones de riquezas energ\u00e9ticas y estrat\u00e9gicas. Los palestinos mueren sobre m\u00e1s de un trill\u00f3n de pies c\u00fabicos de gas natural. El Congo tiene el 50% del cobalto y el 80% del Colt\u00e1n, utilizados en bater\u00edas de tel\u00e9fonos inteligentes, autos el\u00e9ctricos.<\/p>\n\n\n\n<p>Abinader quiere arrastrarnos a la disputa territorial del Esequibo, donde no somos cata ni garrapata. Nada tocaremos del Colt\u00e1n, el mill\u00f3n de barriles de petr\u00f3leo diarios, gas natural, oro, diamantes, esmeraldas, agua, y otras riquezas. &nbsp;<\/p>\n\n\n\n<p>Abinader, cual ambicioso Sancho Panza del Quijote, sabe que todo es falso, pero mantiene una secreta esperanza, como nuestro \u201cl\u00edder falso\u201d, reina en su palacio de cortinajes. Tomamos dinero prestado para cubrir gastos corrientes, no tenemos para \u201ccuantiosas inversiones petroleras\u201d, y Abinader no dice de d\u00f3nde saldr\u00e1 la plata, quiz\u00e1 vendr\u00e1 de sus cuentas off-shore. &nbsp;Cuando niegan informaci\u00f3n oficial, obligan a especular.<\/p>\n\n\n\n<p>El conflicto armado entre Venezuela y Guyana ya empez\u00f3.<\/p>\n\n\n\n<p>Abinader quiere, literalmente, \u201ccomprarnos ese problema\u201d.<\/p>\n\n\n\n<p>Recientemente hubo intercambio de disparos entre ellos, Guyana denunci\u00f3 \u201cagresiones\u201d a sus soldados provenientes de \u201cbandas\u201d que operan desde Venezuela. Pronto, soldados dominicanos tendr\u00e1n que morir defendiendo las inversiones Abinader, Exxon\/Mobile, y Chevron, ellos pondr\u00e1n las armas, nuestros soldados su sangre. Como el esquema haitiano, Washington pone armas, Kenya pone sangre.<\/p>\n\n\n\n<p>Abinader mandar\u00e1 tropas a morir defendiendo intereses ajenos, el expresidente Hip\u00f3lito Mej\u00eda envi\u00f3 tropas a Irak, en la invasi\u00f3n de George W. Bush.<\/p>\n\n\n\n<p>Abinader y Mej\u00eda fundaron el Partido Revolucionario Moderno (PRM) tras la tragi-c\u00f3mica \u201cGuerra de las sillas pl\u00e1sticas\u201d del 2014.<\/p>\n\n\n\n<p>Mej\u00eda mand\u00f3, le toca a Abinader, mandar tropas ahora. Los descendientes de estos acaudalados \u201cl\u00edderes\u201d no le prestan servicios militares a la patria, para eso est\u00e1n los hambrientos hijos de \u201cmachepa\u201d, le pagan para que mueran. <\/p>\n","protected":false},"excerpt":{"rendered":"<p>diariodominicano.com Por\u2002J.C. Malone New York, 21 de febrero, 2025.-\u2002Los conflictos armados que consumen Ucrania, Gaza, y el Congo buscan controlar sus vastas riquezas estrat\u00e9gicas y energ\u00e9ticas. Pronto tendremos conflictos en el Esequibo, disputada por Venezuela y Guyana, donde el presidente Luis Abinader pretende arrastrarnos. Son trifulcas de saqueadores comunes y corrientes, vulgares y silvestres. Los [&hellip;]<\/p>\n","protected":false},"author":5,"featured_media":524963,"comment_status":"closed","ping_status":"closed","sticky":true,"template":"","format":"standard","meta":{"footnotes":""},"categories":[19,16,27],"tags":[1663],"class_list":["post-597867","post","type-post","status-publish","format-standard","has-post-thumbnail","hentry","category-mi-voz","category-opiniones","category-portada","tag-j-c-malone"],"_links":{"self":[{"href":"https:\/\/diariodominicano.com\/index.php?rest_route=\/wp\/v2\/posts\/597867","targetHints":{"allow":["GET"]}}],"collection":[{"href":"https:\/\/diariodominicano.com\/index.php?rest_route=\/wp\/v2\/posts"}],"about":[{"href":"https:\/\/diariodominicano.com\/index.php?rest_route=\/wp\/v2\/types\/post"}],"author":[{"embeddable":true,"href":"https:\/\/diariodominicano.com\/index.php?rest_route=\/wp\/v2\/users\/5"}],"replies":[{"embeddable":true,"href":"https:\/\/diariodominicano.com\/index.php?rest_route=%2Fwp%2Fv2%2Fcomments&post=597867"}],"version-history":[{"count":2,"href":"https:\/\/diariodominicano.com\/index.php?rest_route=\/wp\/v2\/posts\/597867\/revisions"}],"predecessor-version":[{"id":597909,"href":"https:\/\/diariodominicano.com\/index.php?rest_route=\/wp\/v2\/posts\/597867\/revisions\/597909"}],"wp:featuredmedia":[{"embeddable":true,"href":"https:\/\/diariodominicano.com\/index.php?rest_route=\/wp\/v2\/media\/524963"}],"wp:attachment":[{"href":"https:\/\/diariodominicano.com\/index.php?rest_route=%2Fwp%2Fv2%2Fmedia&parent=597867"}],"wp:term":[{"taxonomy":"category","embeddable":true,"href":"https:\/\/diariodominicano.com\/index.php?rest_route=%2Fwp%2Fv2%2Fcategories&post=597867"},{"taxonomy":"post_tag","embeddable":true,"href":"https:\/\/diariodominicano.com\/index.php?rest_route=%2Fwp%2Fv2%2Ftags&post=597867"}],"curies":[{"name":"wp","href":"https:\/\/api.w.org\/{rel}","templated":true}]}}