{"id":597681,"date":"2025-02-20T22:14:46","date_gmt":"2025-02-21T02:14:46","guid":{"rendered":"https:\/\/diariodominicano.com\/?p=597681"},"modified":"2025-02-20T23:51:56","modified_gmt":"2025-02-21T03:51:56","slug":"miami-celebrara-la-cultura-dominicana-con-un-reconocimiento-a-santiago-matias","status":"publish","type":"post","link":"https:\/\/diariodominicano.com\/?p=597681","title":{"rendered":"Miami celebrar\u00e1 la cultura dominicana con un reconocimiento a Santiago Mat\u00edas"},"content":{"rendered":"\n<p>Miami, FL. La ciudad de Miami se prepara para honrar la influencia y el impacto de algunos dominicanos, incluidos la del productor y empresario Santiago Mat\u00edas (Alofoke) quien tiene una cuota importante dentro de la industria del entretenimiento y la comunicaci\u00f3n digital. El reconocimiento se llevar\u00e1 a cabo el pr\u00f3ximo 23 de febrero en un evento especial que contar\u00e1 con la presencia de destacadas figuras del \u00e1mbito art\u00edstico, medi\u00e1tico y empresarial.<\/p>\n\n\n\n<p>Mat\u00edas ha sido un pilar fundamental en la promoci\u00f3n y proyecci\u00f3n del talento dominicano a nivel internacional, brindando plataformas de difusi\u00f3n a artistas emergentes y consolidando su influencia en el mundo del entretenimiento digital. Su labor ha transformado la manera en que se consume el contenido en las redes sociales y ha servido como puente entre la cultura dominicana y el mercado global.<\/p>\n\n\n\n<p>El evento, que se realizar\u00e1 en el parque Juan Pablo Duarte, formar\u00e1 parte de la celebraci\u00f3n de la independencia de la Rep\u00fablica Dominicana y del Carnaval Festival Dominicano de Miami, un festival que rinde homenaje a la cultura, tradiciones y logros de la comunidad dominicana en los Estados Unidos. Esta actividad anual atrae a miles de asistentes y cuenta con la participaci\u00f3n de m\u00e1s de 50 expositores y negocios de la Florida y la Rep\u00fablica Dominicana, ofreciendo una amplia gama de productos y servicios.<\/p>\n\n\n\n<p>El reconocimiento a Mat\u00edas se realizar\u00e1 en un acto oficial dentro del festival, donde se destacar\u00e1 su aporte al crecimiento del entretenimiento latino y su papel en la expansi\u00f3n del contenido digital de habla hispana. La ceremonia comenzar\u00e1 con el izamiento de la bandera dominicana y la entonaci\u00f3n del himno nacional, seguido de la entrega del reconocimiento por parte de representantes gubernamentales y organizadores del evento.<\/p>\n\n\n\n<p><strong>Los asistentes podr\u00e1n disfrutar de un espect\u00e1culo cultural inigualable,<\/strong>&nbsp;que incluir\u00e1 presentaciones de comparsas y diablos cojuelos, exhibiciones artesanales con artesanos elaborando tabacos y tejiendo sillas en vivo, as\u00ed como diversas muestras art\u00edsticas que resaltan la identidad dominicana. Adem\u00e1s, se realizar\u00e1n actividades interactivas como rifas, concursos y proyecciones audiovisuales sobre la historia y tradiciones del pa\u00eds.<\/p>\n\n\n\n<p><strong>El Carnaval Festival Dominicano de Miami<\/strong>&nbsp;es una iniciativa de los productores y organizadores Isidro y Oscar Iv\u00e1n Barros, quienes cuentan con una amplia trayectoria en la realizaci\u00f3n de eventos de gran magnitud, como el Desfile Dominicano, Premios Independencia Dominicana y Expo Dom USA, entre otros.<\/p>\n\n\n\n<p>Los hermanos \u00d3scar Iv\u00e1n Barros e Isidro Barros (fundadores-organizadores. Ambos de origen dominicano residentes en Miami, destacan la importancia de este festival, se\u00f1alando que \u00abal tiempo que celebramos nuestra independencia, tambi\u00e9n promovemos el arte, la cultura y las oportunidades de inversi\u00f3n en la Rep\u00fablica Dominicana ante una audiencia multicultural\u00bb. Tambi\u00e9n mencionan que &nbsp;\u00abgracias al respaldo del Comisionado de la ciudad de Miami, el evento ser\u00e1 gratuito para el p\u00fablico, ofreciendo un espacio de entretenimiento, negocios y difusi\u00f3n cultural sin precedentes\u00bb.<\/p>\n\n\n\n<p>La jornada tambi\u00e9n incluir\u00e1 ferias de salud, gastron\u00f3micas y de bienes ra\u00edces, as\u00ed como la participaci\u00f3n de artistas de renombre que pondr\u00e1n a vibrar a los asistentes con lo mejor de la m\u00fasica dominicana.<\/p>\n\n\n\n<p><strong>CM Comunicate<\/strong>\u00a0&lt;cmcomunicaterd@gmail.com> <\/p>\n","protected":false},"excerpt":{"rendered":"<p>Miami, FL. La ciudad de Miami se prepara para honrar la influencia y el impacto de algunos dominicanos, incluidos la del productor y empresario Santiago Mat\u00edas (Alofoke) quien tiene una cuota importante dentro de la industria del entretenimiento y la comunicaci\u00f3n digital. El reconocimiento se llevar\u00e1 a cabo el pr\u00f3ximo 23 de febrero en un [&hellip;]<\/p>\n","protected":false},"author":7,"featured_media":597710,"comment_status":"closed","ping_status":"closed","sticky":false,"template":"","format":"standard","meta":{"footnotes":""},"categories":[21],"tags":[821],"class_list":["post-597681","post","type-post","status-publish","format-standard","has-post-thumbnail","hentry","category-cultura","tag-miami"],"_links":{"self":[{"href":"https:\/\/diariodominicano.com\/index.php?rest_route=\/wp\/v2\/posts\/597681","targetHints":{"allow":["GET"]}}],"collection":[{"href":"https:\/\/diariodominicano.com\/index.php?rest_route=\/wp\/v2\/posts"}],"about":[{"href":"https:\/\/diariodominicano.com\/index.php?rest_route=\/wp\/v2\/types\/post"}],"author":[{"embeddable":true,"href":"https:\/\/diariodominicano.com\/index.php?rest_route=\/wp\/v2\/users\/7"}],"replies":[{"embeddable":true,"href":"https:\/\/diariodominicano.com\/index.php?rest_route=%2Fwp%2Fv2%2Fcomments&post=597681"}],"version-history":[{"count":2,"href":"https:\/\/diariodominicano.com\/index.php?rest_route=\/wp\/v2\/posts\/597681\/revisions"}],"predecessor-version":[{"id":597712,"href":"https:\/\/diariodominicano.com\/index.php?rest_route=\/wp\/v2\/posts\/597681\/revisions\/597712"}],"wp:featuredmedia":[{"embeddable":true,"href":"https:\/\/diariodominicano.com\/index.php?rest_route=\/wp\/v2\/media\/597710"}],"wp:attachment":[{"href":"https:\/\/diariodominicano.com\/index.php?rest_route=%2Fwp%2Fv2%2Fmedia&parent=597681"}],"wp:term":[{"taxonomy":"category","embeddable":true,"href":"https:\/\/diariodominicano.com\/index.php?rest_route=%2Fwp%2Fv2%2Fcategories&post=597681"},{"taxonomy":"post_tag","embeddable":true,"href":"https:\/\/diariodominicano.com\/index.php?rest_route=%2Fwp%2Fv2%2Ftags&post=597681"}],"curies":[{"name":"wp","href":"https:\/\/api.w.org\/{rel}","templated":true}]}}