{"id":597679,"date":"2025-02-20T21:58:43","date_gmt":"2025-02-21T01:58:43","guid":{"rendered":"https:\/\/diariodominicano.com\/?p=597679"},"modified":"2025-02-20T21:59:37","modified_gmt":"2025-02-21T01:59:37","slug":"infotep-rinde-homenaje-a-proceres-de-la-patria","status":"publish","type":"post","link":"https:\/\/diariodominicano.com\/?p=597679","title":{"rendered":"INFOTEP rinde homenaje a pr\u00f3ceres de la patria"},"content":{"rendered":"\n<p>\u00b7&nbsp;&nbsp;&nbsp;&nbsp;&nbsp;&nbsp;&nbsp;&nbsp;&nbsp;<em>Rafael Santos Bad\u00eda: &#8216;Honrar a los Padres de la Patria es mantener viva la llama de la independencia en cada dominicano<\/em><\/p>\n\n\n\n<p>Santo Domingo. -Rafael Santos Bad\u00eda, director general del Instituto Nacional de Formaci\u00f3n T\u00e9cnico Profesional (INFOTEP), dijo que honrar a los Padres de la Patria es mantener viva la llama de la independencia en cada dominicano, recordando que su sacrificio nos leg\u00f3 una naci\u00f3n libre y soberana.<\/p>\n\n\n\n<figure class=\"wp-block-gallery has-nested-images columns-default is-cropped wp-block-gallery-1 is-layout-flex wp-block-gallery-is-layout-flex\">\n<figure class=\"wp-block-image size-large\"><img loading=\"lazy\" decoding=\"async\" width=\"726\" height=\"558\" data-id=\"597702\" src=\"https:\/\/diariodominicano.com\/wp-content\/uploads\/2025\/02\/Director-general-del-INFOTEP-junto-autoridades-colaboradores-facilitadores-y-participantes.jpg\" alt=\"\" class=\"wp-image-597702\" srcset=\"https:\/\/diariodominicano.com\/wp-content\/uploads\/2025\/02\/Director-general-del-INFOTEP-junto-autoridades-colaboradores-facilitadores-y-participantes.jpg 726w, https:\/\/diariodominicano.com\/wp-content\/uploads\/2025\/02\/Director-general-del-INFOTEP-junto-autoridades-colaboradores-facilitadores-y-participantes-300x231.jpg 300w\" sizes=\"auto, (max-width: 726px) 100vw, 726px\" \/><\/figure>\n\n\n\n<figure class=\"wp-block-image size-large\"><img loading=\"lazy\" decoding=\"async\" width=\"477\" height=\"318\" data-id=\"597703\" src=\"https:\/\/diariodominicano.com\/wp-content\/uploads\/2025\/02\/Director-general-INFOTEP-junto-a-autoridades-colaboradores-facilitadores-y-participantes.jpg\" alt=\"\" class=\"wp-image-597703\" srcset=\"https:\/\/diariodominicano.com\/wp-content\/uploads\/2025\/02\/Director-general-INFOTEP-junto-a-autoridades-colaboradores-facilitadores-y-participantes.jpg 477w, https:\/\/diariodominicano.com\/wp-content\/uploads\/2025\/02\/Director-general-INFOTEP-junto-a-autoridades-colaboradores-facilitadores-y-participantes-300x200.jpg 300w\" sizes=\"auto, (max-width: 477px) 100vw, 477px\" \/><\/figure>\n<\/figure>\n\n\n\n<p>Estas afirmaciones se realizaron durante una ofrenda floral realizada en el Altar de la Patria, en el marco de las celebraciones del mes de la Independencia Nacional.<\/p>\n\n\n\n<p>Acompa\u00f1ado de autoridades, colaboradores y participantes de la instituci\u00f3n, Santos Bad\u00eda resalt\u00f3 la labor hist\u00f3rica y patri\u00f3tica de Juan Pablo Duarte, Francisco del Rosario S\u00e1nchez y Mat\u00edas Ram\u00f3n Mella.<\/p>\n\n\n\n<p>\u201cDuarte, S\u00e1nchez y Mella no solo fueron art\u00edfices de nuestra independencia, sino tambi\u00e9n ejemplos de entrega, valent\u00eda y amor por la patria. Hoy, m\u00e1s que nunca, debemos honrar su sacrificio y mantener vivos sus ideales en cada uno de nosotros\u201d, afirm\u00f3.<\/p>\n\n\n\n<p>El director general enfatiz\u00f3 que este tipo de actividades busca reforzar el sentido de identidad y pertenencia entre los miembros de la familia infotepiana.<\/p>\n\n\n\n<p>Destac\u00f3 que esta ofrenda floral es parte de una serie de actividades organizadas por el INFOTEP durante todo el mes de febrero, con el objetivo de resaltar los valores patri\u00f3ticos y recordar a quienes dedicaron sus vidas a la construcci\u00f3n de una naci\u00f3n libre e independiente.<\/p>\n\n\n\n<p>\u201cCada bandera que ondea, cada himno que entonamos, es un recordatorio de que somos herederos de un legado de lucha y libertad. Debemos sentirnos orgullosos de nuestra historia y trabajar juntos por un futuro mejor\u201d, a\u00f1adi\u00f3.<\/p>\n\n\n\n<p>El Parque Independencia fue testigo de este emotivo homenaje, que no s\u00f3lo honr\u00f3 a los pr\u00f3ceres, sino que tambi\u00e9n reforz\u00f3 el compromiso del INFOTEP con la formaci\u00f3n de ciudadanos conscientes de su historia y comprometidos con el futuro de la naci\u00f3n.<\/p>\n\n\n\n<p>Al finalizar, el director general invit\u00f3 a todos los dominicanos a reflexionar sobre el significado de la independencia y a trabajar unidos por un pa\u00eds m\u00e1s justo y equitativo.<\/p>\n\n\n\n<p>\u201cLa patria no es solo un concepto, es un compromiso diario con el progreso y la dignidad de todos los que habitamos esta tierra\u201d, concluy\u00f3 Santos Bad\u00eda.<\/p>\n\n\n\n<p>El acto inici\u00f3 con la entonaci\u00f3n de los himnos Nacional&nbsp;y del INFOTEP, seguido de un desfile en el que los participantes, facilitadores y funcionarios de la instituci\u00f3n, quienes portaron las banderas de la dominicana y de la instituci\u00f3n.<\/p>\n\n\n\n<figure class=\"wp-block-table\"><table><tbody><tr><td colspan=\"2\"><strong>Prensa INFOTEP<\/strong>&nbsp;&lt;prensainfotep@infotep.gob.do&gt;<\/td><\/tr><\/tbody><\/table><\/figure>\n","protected":false},"excerpt":{"rendered":"<p>\u00b7&nbsp;&nbsp;&nbsp;&nbsp;&nbsp;&nbsp;&nbsp;&nbsp;&nbsp;Rafael Santos Bad\u00eda: &#8216;Honrar a los Padres de la Patria es mantener viva la llama de la independencia en cada dominicano Santo Domingo. -Rafael Santos Bad\u00eda, director general del Instituto Nacional de Formaci\u00f3n T\u00e9cnico Profesional (INFOTEP), dijo que honrar a los Padres de la Patria es mantener viva la llama de la independencia en cada [&hellip;]<\/p>\n","protected":false},"author":7,"featured_media":597701,"comment_status":"closed","ping_status":"closed","sticky":false,"template":"","format":"standard","meta":{"footnotes":""},"categories":[21],"tags":[94],"class_list":["post-597679","post","type-post","status-publish","format-standard","has-post-thumbnail","hentry","category-cultura","tag-infotep"],"_links":{"self":[{"href":"https:\/\/diariodominicano.com\/index.php?rest_route=\/wp\/v2\/posts\/597679","targetHints":{"allow":["GET"]}}],"collection":[{"href":"https:\/\/diariodominicano.com\/index.php?rest_route=\/wp\/v2\/posts"}],"about":[{"href":"https:\/\/diariodominicano.com\/index.php?rest_route=\/wp\/v2\/types\/post"}],"author":[{"embeddable":true,"href":"https:\/\/diariodominicano.com\/index.php?rest_route=\/wp\/v2\/users\/7"}],"replies":[{"embeddable":true,"href":"https:\/\/diariodominicano.com\/index.php?rest_route=%2Fwp%2Fv2%2Fcomments&post=597679"}],"version-history":[{"count":2,"href":"https:\/\/diariodominicano.com\/index.php?rest_route=\/wp\/v2\/posts\/597679\/revisions"}],"predecessor-version":[{"id":597705,"href":"https:\/\/diariodominicano.com\/index.php?rest_route=\/wp\/v2\/posts\/597679\/revisions\/597705"}],"wp:featuredmedia":[{"embeddable":true,"href":"https:\/\/diariodominicano.com\/index.php?rest_route=\/wp\/v2\/media\/597701"}],"wp:attachment":[{"href":"https:\/\/diariodominicano.com\/index.php?rest_route=%2Fwp%2Fv2%2Fmedia&parent=597679"}],"wp:term":[{"taxonomy":"category","embeddable":true,"href":"https:\/\/diariodominicano.com\/index.php?rest_route=%2Fwp%2Fv2%2Fcategories&post=597679"},{"taxonomy":"post_tag","embeddable":true,"href":"https:\/\/diariodominicano.com\/index.php?rest_route=%2Fwp%2Fv2%2Ftags&post=597679"}],"curies":[{"name":"wp","href":"https:\/\/api.w.org\/{rel}","templated":true}]}}