{"id":597677,"date":"2025-02-20T21:38:35","date_gmt":"2025-02-21T01:38:35","guid":{"rendered":"https:\/\/diariodominicano.com\/?p=597677"},"modified":"2025-02-21T01:40:09","modified_gmt":"2025-02-21T05:40:09","slug":"magin-diaz-resalta-firmeza-del-crecimiento-pero-con-desafios-fiscales-y-monetarios","status":"publish","type":"post","link":"https:\/\/diariodominicano.com\/?p=597677","title":{"rendered":"Mag\u00edn D\u00edaz resalta firmeza del crecimiento, pero con desaf\u00edos fiscales y monetarios"},"content":{"rendered":"\n<p>Resalta la evoluci\u00f3n reciente de Cotu\u00ed y sus retos<\/p>\n\n\n\n<p>El economista Mag\u00edn D\u00edaz particip\u00f3 como orador principal en el almuerzo corporativo de ALAVER, en el que analiz\u00f3 el panorama econ\u00f3mico de 2025 del pa\u00eds. Abord\u00f3 temas clave como estabilidad macroecon\u00f3mica, inflaci\u00f3n, pol\u00edtica monetaria y desaf\u00edos fiscales, destacando la necesidad de una reforma fiscal para evitar presiones en el gasto p\u00fablico y la inversi\u00f3n gubernamental.<\/p>\n\n\n\n<figure class=\"wp-block-gallery has-nested-images columns-default is-cropped wp-block-gallery-1 is-layout-flex wp-block-gallery-is-layout-flex\">\n<figure class=\"wp-block-image size-large\"><img loading=\"lazy\" decoding=\"async\" width=\"1024\" height=\"731\" data-id=\"597691\" src=\"https:\/\/diariodominicano.com\/wp-content\/uploads\/2025\/02\/Principal.-Francisco-Sanchez-Marilyn-Diaz-Magin-Diaz-Francisco-Deschamps-1024x731.jpg\" alt=\"\" class=\"wp-image-597691\" srcset=\"https:\/\/diariodominicano.com\/wp-content\/uploads\/2025\/02\/Principal.-Francisco-Sanchez-Marilyn-Diaz-Magin-Diaz-Francisco-Deschamps-1024x731.jpg 1024w, https:\/\/diariodominicano.com\/wp-content\/uploads\/2025\/02\/Principal.-Francisco-Sanchez-Marilyn-Diaz-Magin-Diaz-Francisco-Deschamps-300x214.jpg 300w, https:\/\/diariodominicano.com\/wp-content\/uploads\/2025\/02\/Principal.-Francisco-Sanchez-Marilyn-Diaz-Magin-Diaz-Francisco-Deschamps-768x549.jpg 768w, https:\/\/diariodominicano.com\/wp-content\/uploads\/2025\/02\/Principal.-Francisco-Sanchez-Marilyn-Diaz-Magin-Diaz-Francisco-Deschamps-1536x1097.jpg 1536w, https:\/\/diariodominicano.com\/wp-content\/uploads\/2025\/02\/Principal.-Francisco-Sanchez-Marilyn-Diaz-Magin-Diaz-Francisco-Deschamps-2048x1463.jpg 2048w, https:\/\/diariodominicano.com\/wp-content\/uploads\/2025\/02\/Principal.-Francisco-Sanchez-Marilyn-Diaz-Magin-Diaz-Francisco-Deschamps-816x583.jpg 816w\" sizes=\"auto, (max-width: 1024px) 100vw, 1024px\" \/><\/figure>\n<\/figure>\n\n\n\n<p>COTU\u00cd, S\u00e1nchez Ram\u00edrez, 19 de febrero de 2025 \u2013 La estabilidad macroecon\u00f3mica sigue siendo un pilar clave para la Rep\u00fablica Dominicana, con un crecimiento del 5.0% y una inflaci\u00f3n de 3.3% en 2024, pero el panorama fiscal presenta retos significativos, seg\u00fan el economista Mag\u00edn J. D\u00edaz.<\/p>\n\n\n\n<p>D\u00edaz se pronunci\u00f3 en estos t\u00e9rminos al ser orador principal del almuerzo corporativo de ALAVER, organizado junto a la C\u00e1mara de Comercio y Producci\u00f3n de S\u00e1nchez Ram\u00edrez y la Universidad Tecnol\u00f3gica del Cibao Oriental (UTECO).<\/p>\n\n\n\n<figure class=\"wp-block-gallery has-nested-images columns-default is-cropped wp-block-gallery-2 is-layout-flex wp-block-gallery-is-layout-flex\">\n<figure class=\"wp-block-image size-large\"><img loading=\"lazy\" decoding=\"async\" width=\"1024\" height=\"819\" data-id=\"597690\" src=\"https:\/\/diariodominicano.com\/wp-content\/uploads\/2025\/02\/Jose-Francisco-Deschamps-vicepresidente-ejecutivo-ALAVER-1024x819.jpg\" alt=\"\" class=\"wp-image-597690\" srcset=\"https:\/\/diariodominicano.com\/wp-content\/uploads\/2025\/02\/Jose-Francisco-Deschamps-vicepresidente-ejecutivo-ALAVER-1024x819.jpg 1024w, https:\/\/diariodominicano.com\/wp-content\/uploads\/2025\/02\/Jose-Francisco-Deschamps-vicepresidente-ejecutivo-ALAVER-300x240.jpg 300w, https:\/\/diariodominicano.com\/wp-content\/uploads\/2025\/02\/Jose-Francisco-Deschamps-vicepresidente-ejecutivo-ALAVER-768x615.jpg 768w, https:\/\/diariodominicano.com\/wp-content\/uploads\/2025\/02\/Jose-Francisco-Deschamps-vicepresidente-ejecutivo-ALAVER-1536x1229.jpg 1536w, https:\/\/diariodominicano.com\/wp-content\/uploads\/2025\/02\/Jose-Francisco-Deschamps-vicepresidente-ejecutivo-ALAVER-2048x1639.jpg 2048w, https:\/\/diariodominicano.com\/wp-content\/uploads\/2025\/02\/Jose-Francisco-Deschamps-vicepresidente-ejecutivo-ALAVER-816x653.jpg 816w\" sizes=\"auto, (max-width: 1024px) 100vw, 1024px\" \/><\/figure>\n<\/figure>\n\n\n\n<p>El economista advirti\u00f3 que el retiro de la reforma fiscal ha limitado la capacidad del Gobierno para aumentar la inversi\u00f3n p\u00fablica, que converge hacia el 2% del PIB, mientras que el pago de intereses ya representa el 4% del PIB.<\/p>\n\n\n\n<p>En el \u00e1mbito monetario, destac\u00f3 la liberaci\u00f3n de RD$ 35,000 millones en noviembre de 2024 por parte del Banco Central para impulsar financiamiento en vivienda y construcci\u00f3n, aunque las tasas de inter\u00e9s siguen altas, restringiendo el acceso al cr\u00e9dito en algunos sectores.<\/p>\n\n\n\n<figure class=\"wp-block-gallery has-nested-images columns-default is-cropped wp-block-gallery-3 is-layout-flex wp-block-gallery-is-layout-flex\">\n<figure class=\"wp-block-image size-large\"><img loading=\"lazy\" decoding=\"async\" width=\"1024\" height=\"819\" data-id=\"597692\" src=\"https:\/\/diariodominicano.com\/wp-content\/uploads\/2025\/02\/Publico-empresarios-comerciantes-de-la-provincia-Sanchez-Ramirez-1024x819.jpg\" alt=\"\" class=\"wp-image-597692\" srcset=\"https:\/\/diariodominicano.com\/wp-content\/uploads\/2025\/02\/Publico-empresarios-comerciantes-de-la-provincia-Sanchez-Ramirez-1024x819.jpg 1024w, https:\/\/diariodominicano.com\/wp-content\/uploads\/2025\/02\/Publico-empresarios-comerciantes-de-la-provincia-Sanchez-Ramirez-300x240.jpg 300w, https:\/\/diariodominicano.com\/wp-content\/uploads\/2025\/02\/Publico-empresarios-comerciantes-de-la-provincia-Sanchez-Ramirez-768x614.jpg 768w, https:\/\/diariodominicano.com\/wp-content\/uploads\/2025\/02\/Publico-empresarios-comerciantes-de-la-provincia-Sanchez-Ramirez-816x653.jpg 816w, https:\/\/diariodominicano.com\/wp-content\/uploads\/2025\/02\/Publico-empresarios-comerciantes-de-la-provincia-Sanchez-Ramirez.jpg 1144w\" sizes=\"auto, (max-width: 1024px) 100vw, 1024px\" \/><\/figure>\n<\/figure>\n\n\n\n<p>Sobre la provincia S\u00e1nchez Ram\u00edrez, resalt\u00f3 el crecimiento del sistema financiero, con la cartera de cr\u00e9ditos pasando de RD$ 3,000 millones en 2012 a RD$ 12,000 millones en 2024 y un aumento de los pr\u00e9stamos de 22,000 a 72,000. La morosidad se mantiene baja en 3.1%, con un 85.5% de los cr\u00e9ditos en categor\u00eda A.<\/p>\n\n\n\n<p>En cuanto al mercado laboral, la informalidad supera el 50% en sectores clave como comercio, servicios y construcci\u00f3n, afectando la calidad del empleo. Tambi\u00e9n alert\u00f3 sobre la incertidumbre en la miner\u00eda, principal motor econ\u00f3mico de la provincia. Barrick Pueblo Viejo ha generado US$ 1,400 millones en exportaciones anuales y m\u00e1s de 3,000 empleos, pero sin la nueva presa de colas, su operaci\u00f3n no podr\u00e1 extenderse m\u00e1s all\u00e1 de 2030, lo que podr\u00eda afectar la econom\u00eda local.<\/p>\n\n\n\n<p>El vicepresidente ejecutivo de ALAVER, Jos\u00e9 Francisco Deschamps, expres\u00f3 en sus palabras de bienvenida que el encuentro reafirma el compromiso de la entidad con la educaci\u00f3n financiera y el respaldo a sus clientes.<\/p>\n","protected":false},"excerpt":{"rendered":"<p>Resalta la evoluci\u00f3n reciente de Cotu\u00ed y sus retos El economista Mag\u00edn D\u00edaz particip\u00f3 como orador principal en el almuerzo corporativo de ALAVER, en el que analiz\u00f3 el panorama econ\u00f3mico de 2025 del pa\u00eds. Abord\u00f3 temas clave como estabilidad macroecon\u00f3mica, inflaci\u00f3n, pol\u00edtica monetaria y desaf\u00edos fiscales, destacando la necesidad de una reforma fiscal para evitar [&hellip;]<\/p>\n","protected":false},"author":7,"featured_media":597689,"comment_status":"closed","ping_status":"closed","sticky":true,"template":"","format":"standard","meta":{"footnotes":""},"categories":[18],"tags":[331],"class_list":["post-597677","post","type-post","status-publish","format-standard","has-post-thumbnail","hentry","category-economia","tag-alaver"],"_links":{"self":[{"href":"https:\/\/diariodominicano.com\/index.php?rest_route=\/wp\/v2\/posts\/597677","targetHints":{"allow":["GET"]}}],"collection":[{"href":"https:\/\/diariodominicano.com\/index.php?rest_route=\/wp\/v2\/posts"}],"about":[{"href":"https:\/\/diariodominicano.com\/index.php?rest_route=\/wp\/v2\/types\/post"}],"author":[{"embeddable":true,"href":"https:\/\/diariodominicano.com\/index.php?rest_route=\/wp\/v2\/users\/7"}],"replies":[{"embeddable":true,"href":"https:\/\/diariodominicano.com\/index.php?rest_route=%2Fwp%2Fv2%2Fcomments&post=597677"}],"version-history":[{"count":2,"href":"https:\/\/diariodominicano.com\/index.php?rest_route=\/wp\/v2\/posts\/597677\/revisions"}],"predecessor-version":[{"id":597772,"href":"https:\/\/diariodominicano.com\/index.php?rest_route=\/wp\/v2\/posts\/597677\/revisions\/597772"}],"wp:featuredmedia":[{"embeddable":true,"href":"https:\/\/diariodominicano.com\/index.php?rest_route=\/wp\/v2\/media\/597689"}],"wp:attachment":[{"href":"https:\/\/diariodominicano.com\/index.php?rest_route=%2Fwp%2Fv2%2Fmedia&parent=597677"}],"wp:term":[{"taxonomy":"category","embeddable":true,"href":"https:\/\/diariodominicano.com\/index.php?rest_route=%2Fwp%2Fv2%2Fcategories&post=597677"},{"taxonomy":"post_tag","embeddable":true,"href":"https:\/\/diariodominicano.com\/index.php?rest_route=%2Fwp%2Fv2%2Ftags&post=597677"}],"curies":[{"name":"wp","href":"https:\/\/api.w.org\/{rel}","templated":true}]}}