{"id":597346,"date":"2025-02-19T15:19:06","date_gmt":"2025-02-19T19:19:06","guid":{"rendered":"https:\/\/diariodominicano.com\/?p=597346"},"modified":"2025-02-20T00:03:21","modified_gmt":"2025-02-20T04:03:21","slug":"comision-nacional-de-emergencias-discute-necesidad-de-revisar-protocolos-de-actuacion-ante-tsunamis-en-el-pais","status":"publish","type":"post","link":"https:\/\/diariodominicano.com\/?p=597346","title":{"rendered":"Comisi\u00f3n Nacional de Emergencias discute revisar protocolos de actuaci\u00f3n ante tsunamis"},"content":{"rendered":"\n<p><strong>Santo Domingo, RD.-<\/strong>\u00a0La Comisi\u00f3n Nacional de Emergencias se reuni\u00f3 este mi\u00e9rcoles de forma ordinaria, para tratar temas relativos a la Gesti\u00f3n de Riesgos en el pa\u00eds, con enfoque en la actualizaci\u00f3n de los protocolos de actuaci\u00f3n ante un tsunami y las infraestructuras resilientes ante eventos catastr\u00f3ficos.<\/p>\n\n\n\n<p>El encuentro fue encabezado por su presidente y director ejecutivo de la Defensa Civil, Juan Salas, quien resalt\u00f3 los avances del pa\u00eds en la materia basados en la Ley 147-02 y con la articulaci\u00f3n institucional, adem\u00e1s de la presencia de nuevos actores clave, que facilitar\u00edan la toma de decisiones ante eventos s\u00fabitos como los terremotos y tsunamis.&nbsp;<\/p>\n\n\n\n<p>Otro de los temas del encuentro que reuni\u00f3 36 representantes de instituciones miembro, fue la socializaci\u00f3n del \u201cProyecto Fortalecimiento de capacidades, seguridad y resiliencia de infraestructura cr\u00edtica en Rep\u00fablica Dominicana, Cuba y Hait\u00ed\u201d financiado por La India y presentados por la se\u00f1ora Ana Mar\u00eda P\u00e9rez, del Programa de las Naciones Unidas para el Desarrollo (PNUD).<\/p>\n\n\n\n<p>Esta iniciativa es parte de las acciones que ejecuta la Coalici\u00f3n para la Infraestructura Resiliente ante Desastres (CDRI) entidad internacional de pa\u00edses, agencias de las Naciones Unidas, bancos multilaterales de desarrollo, el sector privado e instituciones acad\u00e9micas, que tiene como objetivo promover las infraestructuras resilientes ante desastres.<\/p>\n\n\n\n<p>La CNE se re\u00fane el tercer mi\u00e9rcoles de cada mes, con la finalidad de pasar balance a las acciones y proyectos tendentes a gestionar correctamente el riesgo en Rep\u00fablica Dominicana, con la finalidad de preservar vidas ante cualquier incidencia y\/o emergencia.<\/p>\n\n\n\n<p><\/p>\n","protected":false},"excerpt":{"rendered":"<p>Santo Domingo, RD.-\u00a0La Comisi\u00f3n Nacional de Emergencias se reuni\u00f3 este mi\u00e9rcoles de forma ordinaria, para tratar temas relativos a la Gesti\u00f3n de Riesgos en el pa\u00eds, con enfoque en la actualizaci\u00f3n de los protocolos de actuaci\u00f3n ante un tsunami y las infraestructuras resilientes ante eventos catastr\u00f3ficos. El encuentro fue encabezado por su presidente y director [&hellip;]<\/p>\n","protected":false},"author":7,"featured_media":597403,"comment_status":"closed","ping_status":"closed","sticky":true,"template":"","format":"standard","meta":{"footnotes":""},"categories":[20],"tags":[1719],"class_list":["post-597346","post","type-post","status-publish","format-standard","has-post-thumbnail","hentry","category-dominicana-hoy","tag-comision-nacional-de-emergencias"],"_links":{"self":[{"href":"https:\/\/diariodominicano.com\/index.php?rest_route=\/wp\/v2\/posts\/597346","targetHints":{"allow":["GET"]}}],"collection":[{"href":"https:\/\/diariodominicano.com\/index.php?rest_route=\/wp\/v2\/posts"}],"about":[{"href":"https:\/\/diariodominicano.com\/index.php?rest_route=\/wp\/v2\/types\/post"}],"author":[{"embeddable":true,"href":"https:\/\/diariodominicano.com\/index.php?rest_route=\/wp\/v2\/users\/7"}],"replies":[{"embeddable":true,"href":"https:\/\/diariodominicano.com\/index.php?rest_route=%2Fwp%2Fv2%2Fcomments&post=597346"}],"version-history":[{"count":3,"href":"https:\/\/diariodominicano.com\/index.php?rest_route=\/wp\/v2\/posts\/597346\/revisions"}],"predecessor-version":[{"id":597433,"href":"https:\/\/diariodominicano.com\/index.php?rest_route=\/wp\/v2\/posts\/597346\/revisions\/597433"}],"wp:featuredmedia":[{"embeddable":true,"href":"https:\/\/diariodominicano.com\/index.php?rest_route=\/wp\/v2\/media\/597403"}],"wp:attachment":[{"href":"https:\/\/diariodominicano.com\/index.php?rest_route=%2Fwp%2Fv2%2Fmedia&parent=597346"}],"wp:term":[{"taxonomy":"category","embeddable":true,"href":"https:\/\/diariodominicano.com\/index.php?rest_route=%2Fwp%2Fv2%2Fcategories&post=597346"},{"taxonomy":"post_tag","embeddable":true,"href":"https:\/\/diariodominicano.com\/index.php?rest_route=%2Fwp%2Fv2%2Ftags&post=597346"}],"curies":[{"name":"wp","href":"https:\/\/api.w.org\/{rel}","templated":true}]}}