{"id":597188,"date":"2025-02-19T00:26:26","date_gmt":"2025-02-19T04:26:26","guid":{"rendered":"https:\/\/diariodominicano.com\/?p=597188"},"modified":"2025-02-19T00:26:29","modified_gmt":"2025-02-19T04:26:29","slug":"el-consejo-nacional-de-drogas-rinde-homenaje-a-los-padres-de-la-patria-con-ofrenda-floral","status":"publish","type":"post","link":"https:\/\/diariodominicano.com\/?p=597188","title":{"rendered":"\u00a0El Consejo Nacional de Drogas Rinde Homenaje a los Padres de la Patria con Ofrenda Floral"},"content":{"rendered":"\n<p><strong>Santo Domingo, RD.<\/strong>&nbsp;&#8211; Con el prop\u00f3sito de honrar la memoria de los Padres Fundadores de la Rep\u00fablica Dominicana en el marco del&nbsp;<strong>Mes de la Patria<\/strong>, el&nbsp;<strong>Consejo Nacional de Drogas (CND)<\/strong>&nbsp;realiz\u00f3 una ofrenda<strong>&nbsp;floral en el Altar de la Patria<\/strong>, reafirmando su compromiso con la prevenci\u00f3n, los valores, la libertad y soberan\u00eda nacional.<\/p>\n\n\n\n<p>El acto solemne estuvo encabezado por el&nbsp;<strong>presidente del CND, Alejandro de Jes\u00fas Abreu<\/strong>, y cont\u00f3 con la participaci\u00f3n de decenas de colaboradores, directores y encargados departamentales de la instituci\u00f3n.<\/p>\n\n\n\n<p>Las palabras centrales del evento fueron pronunciadas por&nbsp;<strong>C\u00e9sar S\u00e1nchez, en la vocer\u00eda de la instituci\u00f3n, por parte del Departamento de Comunicaciones y en representaci\u00f3n del titular del organismo rector de las pol\u00edticas de drogas.<\/strong><\/p>\n\n\n\n<p>S\u00e1nchez destac\u00f3 el compromiso de la entidad con la promoci\u00f3n de una sociedad informada y sana.<\/p>\n\n\n\n<p><em>\u201cNuestro compromiso es contribuir conjuntamente con todas las pol\u00edticas p\u00fablicas impulsadas por el presidente Luis Abinader y su gobierno de renovaci\u00f3n para que cada familia dominicana viva en un entorno de seguridad, educaci\u00f3n y bienestar\u201d.<\/em><\/p>\n\n\n\n<p><em>\u00abDesde el Consejo Nacional de Drogas tenemos la responsabilidad de promover la prevenci\u00f3n y la salud, porque solo una sociedad informada y sana puede ser verdaderamente libre.\u00bb, expres\u00f3 S\u00e1nchez.<\/em><\/p>\n\n\n\n<p>Asimismo, enfatiz\u00f3 que el homenaje es un recordatorio de la responsabilidad que todos los ciudadanos tienen en la construcci\u00f3n de un pa\u00eds justo y pr\u00f3spero libre del consumo de sustancias psicoactivas.<\/p>\n\n\n\n<p><\/p>\n\n\n\n<p>La Banda de M\u00fasica del Cuerpo de Bomberos de Santo Domingo acompa\u00f1\u00f3 a los miembros del CND rindiendo tributo con piezas conmemorativas para la ocasi\u00f3n.<\/p>\n\n\n\n<p>Consejo Nacional de Drogas RD<\/p>\n\n\n\n<p>Consejo Nacional de Drogas RD (De tus contactos de Google)<\/p>\n\n\n\n<p><a target=\"_blank\" href=\"mailto:prensacnd@gmail.com\" rel=\"noreferrer noopener\">prensacnd@gmail.com<\/a><\/p>\n\n\n\n<p>DEPARTAMENTO DE COMUNICACIONES DEL CONSEJO NACIONAL DE DROGAS<\/p>\n","protected":false},"excerpt":{"rendered":"<p>Santo Domingo, RD.&nbsp;&#8211; Con el prop\u00f3sito de honrar la memoria de los Padres Fundadores de la Rep\u00fablica Dominicana en el marco del&nbsp;Mes de la Patria, el&nbsp;Consejo Nacional de Drogas (CND)&nbsp;realiz\u00f3 una ofrenda&nbsp;floral en el Altar de la Patria, reafirmando su compromiso con la prevenci\u00f3n, los valores, la libertad y soberan\u00eda nacional. El acto solemne estuvo [&hellip;]<\/p>\n","protected":false},"author":2,"featured_media":0,"comment_status":"closed","ping_status":"closed","sticky":false,"template":"","format":"standard","meta":{"footnotes":""},"categories":[21,26],"tags":[],"class_list":["post-597188","post","type-post","status-publish","format-standard","hentry","category-cultura","category-efemerides"],"_links":{"self":[{"href":"https:\/\/diariodominicano.com\/index.php?rest_route=\/wp\/v2\/posts\/597188","targetHints":{"allow":["GET"]}}],"collection":[{"href":"https:\/\/diariodominicano.com\/index.php?rest_route=\/wp\/v2\/posts"}],"about":[{"href":"https:\/\/diariodominicano.com\/index.php?rest_route=\/wp\/v2\/types\/post"}],"author":[{"embeddable":true,"href":"https:\/\/diariodominicano.com\/index.php?rest_route=\/wp\/v2\/users\/2"}],"replies":[{"embeddable":true,"href":"https:\/\/diariodominicano.com\/index.php?rest_route=%2Fwp%2Fv2%2Fcomments&post=597188"}],"version-history":[{"count":1,"href":"https:\/\/diariodominicano.com\/index.php?rest_route=\/wp\/v2\/posts\/597188\/revisions"}],"predecessor-version":[{"id":597189,"href":"https:\/\/diariodominicano.com\/index.php?rest_route=\/wp\/v2\/posts\/597188\/revisions\/597189"}],"wp:attachment":[{"href":"https:\/\/diariodominicano.com\/index.php?rest_route=%2Fwp%2Fv2%2Fmedia&parent=597188"}],"wp:term":[{"taxonomy":"category","embeddable":true,"href":"https:\/\/diariodominicano.com\/index.php?rest_route=%2Fwp%2Fv2%2Fcategories&post=597188"},{"taxonomy":"post_tag","embeddable":true,"href":"https:\/\/diariodominicano.com\/index.php?rest_route=%2Fwp%2Fv2%2Ftags&post=597188"}],"curies":[{"name":"wp","href":"https:\/\/api.w.org\/{rel}","templated":true}]}}