{"id":597162,"date":"2025-02-18T23:44:25","date_gmt":"2025-02-19T03:44:25","guid":{"rendered":"https:\/\/diariodominicano.com\/?p=597162"},"modified":"2025-02-18T23:44:37","modified_gmt":"2025-02-19T03:44:37","slug":"trump-dice-que-podria-reunirse-con-putin-este-mes-desestima-preocupacion-de-ucrania","status":"publish","type":"post","link":"https:\/\/diariodominicano.com\/?p=597162","title":{"rendered":"Trump\u00a0dice que podr\u00eda reunirse con Putin este mes; desestima preocupaci\u00f3n de Ucrania"},"content":{"rendered":"\n<p>ARCHIVO &#8211; El presidente de Estados Unidos, Donald Trump, se sienta en la Oficina Oval de la Casa Blanca, mientras firma \u00f3rdenes ejecutivas, en Washington, Estados Unidos, el 23 de enero de 2025.<\/p>\n\n\n\n<p>febrero 18, 2025<\/p>\n\n\n\n<ul class=\"wp-block-list\">\n<li><a href=\"https:\/\/www.vozdeamerica.com\/author\/reuters\/riv_i\">Reuters<\/a><\/li>\n<\/ul>\n\n\n\n<ul class=\"wp-block-list\">\n<li><a href=\"https:\/\/facebook.com\/sharer.php?u=https%3a%2f%2fwww.vozdeamerica.com%2fa%2ftrump-dice-podria-reunirse-con-putin-este-mes-%2f7980072.html\" target=\"_blank\" rel=\"noreferrer noopener\"><\/a><\/li>\n\n\n\n<li><a href=\"https:\/\/twitter.com\/share?url=https%3a%2f%2fwww.vozdeamerica.com%2fa%2ftrump-dice-podria-reunirse-con-putin-este-mes-%2f7980072.html&amp;text=Trump%c2%a0dice+que+podr%c3%ada+reunirse+con+Putin+este+mes%3b+desestima+preocupaci%c3%b3n+de+Ucrania\" target=\"_blank\" rel=\"noreferrer noopener\"><\/a><\/li>\n\n\n\n<li><\/li>\n\n\n\n<li><a href=\"mailto:?body=https%3a%2f%2fwww.vozdeamerica.com%2fa%2ftrump-dice-podria-reunirse-con-putin-este-mes-%2f7980072.html&amp;subject=Trump%C2%A0dice%20que%20podr%C3%ADa%20reunirse%20con%20Putin%20este%20mes;%20desestima%20preocupaci%C3%B3n%20de%20Ucrania\"><\/a><\/li>\n<\/ul>\n\n\n\n<p><a href=\"https:\/\/www.vozdeamerica.com\/a\/trump-dice-podria-reunirse-con-putin-este-mes-\/7980072.html#comments\">&nbsp;Vea comentarios<\/a><\/p>\n\n\n\n<p>El presidente Donald Trump&nbsp;dijo que podr\u00eda reunirse con su hom\u00f3logo ruso Vladimir Putin este mes. Desestim\u00f3 la preocupaci\u00f3n de Ucrania por quedar fuera de las conversaciones e insisti\u00f3 en que la guerra hubiera sido evitable bajo su mandato.<\/p>\n\n\n\n<p>PALM BEACH, EEUU \u2014&nbsp;<\/p>\n\n\n\n<p>El presidente Donald Trump dijo el martes que podr\u00eda reunirse con el presidente ruso, Vladimir Putin, este mes y desestim\u00f3 la preocupaci\u00f3n de Ucrania por quedar fuera de las&nbsp;<strong><em><a href=\"https:\/\/www.vozdeamerica.com\/a\/funcionarios-de-eeuu-y-rusia-se-reunen-para-discutir-la-guerra-en-ucrania-y-las-relaciones-bilaterales\/7978817.html\" target=\"_blank\" rel=\"noreferrer noopener\">conversaciones ruso-estadounidenses en Arabia Saud\u00ed<\/a><\/em><\/strong>&nbsp;sobre el fin de la guerra de Ucrania.<\/p>\n\n\n\n<p>\u00abProbablemente\u00bb, se\u00f1al\u00f3 Trump al t\u00e9rmino de una rueda de prensa en su club Mar-a-Lago, en Palm Beach, cuando se le pregunt\u00f3 si a\u00fan esperaba reunirse con Putin antes de fin de mes.<\/p>\n\n\n\n<p>Al informar a los periodistas sobre las&nbsp;<strong><em><a href=\"https:\/\/www.vozdeamerica.com\/a\/funcionarios-de-eeuu-y-rusia-se-reunen-para-discutir-la-guerra-en-ucrania-y-las-relaciones-bilaterales\/7978817.html\" target=\"_blank\" rel=\"noreferrer noopener\">conversaciones entre Estados Unidos y Rusia en Riad&nbsp;<\/a><\/em><\/strong>m\u00e1s temprano, el secretario de Estado Marco Rubio dijo que las dos partes no establecieron una fecha para una cumbre Trump-Putin para discutir sobre Ucrania.<\/p>\n\n\n\n<p>Trump habl\u00f3 por primera vez desde que una delegaci\u00f3n estadounidense estableciera un di\u00e1logo de trabajo con Rusia sobre Ucrania durante las conversaciones mantenidas en Riad a primera hora del d\u00eda.<\/p>\n\n\n\n<p>Dej\u00f3 de lado la preocupaci\u00f3n de Kiev por haber quedado fuera de la reuni\u00f3n, diciendo que podr\u00eda haber llegado a un acuerdo con Rusia hace tres a\u00f1os para evitar la invasi\u00f3n de Mosc\u00fa.<\/p>\n\n\n\n<p><a href=\"https:\/\/www.vozdeamerica.com\/a\/rusia-detiene-a-ciudadano-estadounidense-por-posesion-de-droga-dias-despues-de-canje-de-reos\/7976242.html\"><\/a><\/p>\n\n\n\n<p><a href=\"https:\/\/www.vozdeamerica.com\/a\/rusia-detiene-a-ciudadano-estadounidense-por-posesion-de-droga-dias-despues-de-canje-de-reos\/7976242.html\">Tambi\u00e9n lea<\/a><\/p>\n\n\n\n<h4 class=\"wp-block-heading\"><a href=\"https:\/\/www.vozdeamerica.com\/a\/rusia-detiene-a-ciudadano-estadounidense-por-posesion-de-droga-dias-despues-de-canje-de-reos\/7976242.html\">Rusia detiene a ciudadano estadounidense por posesi\u00f3n de droga, d\u00edas despu\u00e9s de canje de reos<\/a><\/h4>\n\n\n\n<p>\u00abHoy he o\u00eddo &#8216;oh no fuimos invitados&#8217;. Bueno, est\u00e1n ah\u00ed hace tres a\u00f1os, deber\u00edan haber acabado con esto&#8230; nunca deber\u00edan haberlo empezado. Podr\u00edan haber hecho un trato\u00bb, dijo Trump.<\/p>\n\n\n\n<p>Sean Savett, que fue portavoz del Consejo de Seguridad Nacional de la Casa Blanca bajo el mandato del expresidente Joe Biden, dijo en una publicaci\u00f3n en las redes sociales que Rusia empez\u00f3 la guerra.<\/p>\n\n\n\n<p>\u00abSuena como si Trump hubiera comprado la propaganda de Putin completamente\u00bb, dijo. \u00abUn recordatorio que nadie deber\u00eda necesitar: Putin comenz\u00f3 la guerra invadiendo Ucrania sin provocaci\u00f3n y sus fuerzas han cometido cr\u00edmenes de guerra contra el pueblo ucraniano. Rusia es la parte responsable de que esta guerra contin\u00fae\u00bb.<\/p>\n\n\n\n<p>Trump tambi\u00e9n arremeti\u00f3 contra Biden por su gesti\u00f3n de Ucrania. Biden trabaj\u00f3 para asegurar que Ucrania tuviera las armas para tratar de luchar contra los invasores rusos.<\/p>\n\n\n\n<p>\u00abCreo que tengo el poder para acabar con esta guerra\u00bb, dijo Trump.<\/p>\n\n\n\n<p>El mandatario estadounidense agreg\u00f3 que Ucrania deber\u00eda celebrar elecciones. \u00abEso no es cosa de Rusia, es algo que viene de m\u00ed y que viene tambi\u00e9n de muchos otros pa\u00edses\u00bb, explic\u00f3.<\/p>\n\n\n\n<p>Por otra parte, se\u00f1al\u00f3 que no se opondr\u00eda a los europeos si quieren enviar tropas de mantenimiento de la paz a Ucrania.<\/p>\n\n\n\n<p>Los l\u00edderes europeos han discutido el env\u00edo de tropas de paz para proporcionar garant\u00edas de seguridad en caso de un acuerdo de paz.<\/p>\n\n\n\n<p>\u00abTener tropas all\u00ed estar\u00eda bien, no me opondr\u00eda en absoluto\u00bb, dijo Trump.<\/p>\n","protected":false},"excerpt":{"rendered":"<p>ARCHIVO &#8211; El presidente de Estados Unidos, Donald Trump, se sienta en la Oficina Oval de la Casa Blanca, mientras firma \u00f3rdenes ejecutivas, en Washington, Estados Unidos, el 23 de enero de 2025. febrero 18, 2025 &nbsp;Vea comentarios El presidente Donald Trump&nbsp;dijo que podr\u00eda reunirse con su hom\u00f3logo ruso Vladimir Putin este mes. Desestim\u00f3 la [&hellip;]<\/p>\n","protected":false},"author":2,"featured_media":597163,"comment_status":"closed","ping_status":"closed","sticky":false,"template":"","format":"standard","meta":{"footnotes":""},"categories":[26,23,22,27],"tags":[],"class_list":["post-597162","post","type-post","status-publish","format-standard","has-post-thumbnail","hentry","category-efemerides","category-internacional","category-politica","category-portada"],"_links":{"self":[{"href":"https:\/\/diariodominicano.com\/index.php?rest_route=\/wp\/v2\/posts\/597162","targetHints":{"allow":["GET"]}}],"collection":[{"href":"https:\/\/diariodominicano.com\/index.php?rest_route=\/wp\/v2\/posts"}],"about":[{"href":"https:\/\/diariodominicano.com\/index.php?rest_route=\/wp\/v2\/types\/post"}],"author":[{"embeddable":true,"href":"https:\/\/diariodominicano.com\/index.php?rest_route=\/wp\/v2\/users\/2"}],"replies":[{"embeddable":true,"href":"https:\/\/diariodominicano.com\/index.php?rest_route=%2Fwp%2Fv2%2Fcomments&post=597162"}],"version-history":[{"count":1,"href":"https:\/\/diariodominicano.com\/index.php?rest_route=\/wp\/v2\/posts\/597162\/revisions"}],"predecessor-version":[{"id":597164,"href":"https:\/\/diariodominicano.com\/index.php?rest_route=\/wp\/v2\/posts\/597162\/revisions\/597164"}],"wp:featuredmedia":[{"embeddable":true,"href":"https:\/\/diariodominicano.com\/index.php?rest_route=\/wp\/v2\/media\/597163"}],"wp:attachment":[{"href":"https:\/\/diariodominicano.com\/index.php?rest_route=%2Fwp%2Fv2%2Fmedia&parent=597162"}],"wp:term":[{"taxonomy":"category","embeddable":true,"href":"https:\/\/diariodominicano.com\/index.php?rest_route=%2Fwp%2Fv2%2Fcategories&post=597162"},{"taxonomy":"post_tag","embeddable":true,"href":"https:\/\/diariodominicano.com\/index.php?rest_route=%2Fwp%2Fv2%2Ftags&post=597162"}],"curies":[{"name":"wp","href":"https:\/\/api.w.org\/{rel}","templated":true}]}}