{"id":596929,"date":"2025-02-17T21:34:54","date_gmt":"2025-02-18T01:34:54","guid":{"rendered":"https:\/\/diariodominicano.com\/?p=596929"},"modified":"2025-02-17T21:35:50","modified_gmt":"2025-02-18T01:35:50","slug":"dia-de-los-presidentes-en-eeuu-recuerda-el-legado-de-los-mandatarios-de-la-nacion","status":"publish","type":"post","link":"https:\/\/diariodominicano.com\/?p=596929","title":{"rendered":"D\u00eda de los Presidentes en EEUU recuerda el legado de los mandatarios de la naci\u00f3n"},"content":{"rendered":"\n<p>ARCHIVO &#8211; John Lopes, interpretando el papel del presidente George Washington, se encuentra cerca del Monumento a Washington despu\u00e9s de una ceremonia de inauguraci\u00f3n con la primera dama Melania Trump para reabrir el monumento, el 19 de septiembre de 2019, en Washington.<\/p>\n\n\n\n<p>febrero 17, 2025<\/p>\n\n\n\n<ul class=\"wp-block-list\">\n<li><a href=\"https:\/\/www.vozdeamerica.com\/author\/tomas-guevara\/pikyi\">Tom\u00e1s Guevara<\/a><\/li>\n<\/ul>\n\n\n\n<ul class=\"wp-block-list\">\n<li><a href=\"https:\/\/facebook.com\/sharer.php?u=https%3a%2f%2fwww.vozdeamerica.com%2fa%2fdia-de-los-presidentes-en-eeuu-recuerda-el-legado-de-los-mandatarios-de-la-nacion%2f7975524.html\" target=\"_blank\" rel=\"noreferrer noopener\"><\/a><\/li>\n\n\n\n<li><a href=\"https:\/\/twitter.com\/share?url=https%3a%2f%2fwww.vozdeamerica.com%2fa%2fdia-de-los-presidentes-en-eeuu-recuerda-el-legado-de-los-mandatarios-de-la-nacion%2f7975524.html&amp;text=D%c3%ada+de+los+Presidentes+en+EEUU+recuerda+el+legado+de+los+mandatarios+de+la+naci%c3%b3n\" target=\"_blank\" rel=\"noreferrer noopener\"><\/a><\/li>\n\n\n\n<li><\/li>\n\n\n\n<li><a href=\"mailto:?body=https%3a%2f%2fwww.vozdeamerica.com%2fa%2fdia-de-los-presidentes-en-eeuu-recuerda-el-legado-de-los-mandatarios-de-la-nacion%2f7975524.html&amp;subject=D%C3%ADa%20de%20los%20Presidentes%20en%20EEUU%20recuerda%20el%20legado%20de%20los%20mandatarios%20de%20la%20naci%C3%B3n\"><\/a><\/li>\n<\/ul>\n\n\n\n<p><a href=\"https:\/\/www.vozdeamerica.com\/a\/dia-de-los-presidentes-en-eeuu-recuerda-el-legado-de-los-mandatarios-de-la-nacion\/7975524.html#comments\">&nbsp;Vea comentarios<\/a><\/p>\n\n\n\n<p>EEUU conmemora el D\u00eda de los Presidentes este febrero 17, un feriado primero pensado para recordar a los mandatarios George Washington y Abraham Lincoln, pero que con el tiempo se ha transformado para recordar el legado del resto de los l\u00edderes de la naci\u00f3n.<\/p>\n\n\n\n<p>Washington \u2014&nbsp;<\/p>\n\n\n\n<p>El tercer lunes de febrero es el escogido por el pueblo estadounidense para celebrar el D\u00eda de los Presidentes, que conmemora los natalicios del presidente George Washington y del presidente Abraham Lincoln, en un feriado adem\u00e1s dedicado a los legados de los l\u00edderes de la naci\u00f3n.<\/p>\n\n\n\n<p>El tercer festivo federal del a\u00f1o comenz\u00f3 a celebrarse incluso con Washington en vida y sigui\u00f3 luego de su muerte en 1797, seg\u00fan rese\u00f1as de la \u00e9poca. El primer mandatario del pa\u00eds naci\u00f3 el 22 de febrero de 1732.<\/p>\n\n\n\n<p>Luego se ampli\u00f3 para homenajear al presidente 16 de Estados Unidos, Abraham Lincoln, quien tambi\u00e9n tuvo su fiesta de natalicio en febrero, concretamente el d\u00eda 12.<\/p>\n\n\n\n<figure class=\"wp-block-image\"><img decoding=\"async\" src=\"https:\/\/gdb.voanews.com\/5b695db2-1607-4464-a499-2b01ddf3fbcc_tv_w650_r0.jpg\" alt=\"Traspaso de mando presidencial en EEUU: una mirada a la rotonda del Capitolio \" title=\"Traspaso de mando presidencial en EEUU: una mirada a la rotonda del Capitolio \"\/><\/figure>\n\n\n\n<p><video src=\"blob:https:\/\/www.vozdeamerica.com\/9cf0fd3c-72ae-4179-8ae5-d5e9bc315e86\"><\/video><\/p>\n\n\n\n<h5 class=\"wp-block-heading\"><a href=\"https:\/\/www.vozdeamerica.com\/a\/dia-de-los-presidentes-en-eeuu-recuerda-el-legado-de-los-mandatarios-de-la-nacion\/7939644.html\" target=\"_blank\" rel=\"noreferrer noopener\">Traspaso de mando presidencial en EEUU: una mirada a la rotonda del Capitolio<\/a><\/h5>\n\n\n\n<p>\u00a0I<\/p>\n\n\n\n<ul class=\"wp-block-list\">\n<li><a href=\"https:\/\/facebook.com\/sharer.php?u=https%3a%2f%2fwww.vozdeamerica.com%2fa%2f7939644.html\" target=\"_blank\" rel=\"noreferrer noopener\">Comparta en Facebook<\/a><\/li>\n\n\n\n<li><a href=\"https:\/\/twitter.com\/share?url=https%3a%2f%2fwww.vozdeamerica.com%2fa%2f7939644.html&amp;text=Traspaso+de+mando+presidencial+en+EEUU%3a+una+mirada+a+la+rotonda+del+Capitolio+\" target=\"_blank\" rel=\"noreferrer noopener\">Comparta en Twitter<\/a><\/li>\n<\/ul>\n\n\n\n<hr class=\"wp-block-separator has-alpha-channel-opacity\"\/>\n\n\n\n<p><a href=\"https:\/\/www.vozdeamerica.com\/embed\/player\/Article\/7939644.html?type=video&amp;FullScreenMode=True\" target=\"_blank\" rel=\"noreferrer noopener\"><\/a><\/p>\n\n\n\n<p>&nbsp;Descargar&nbsp;<\/p>\n\n\n\n<p>Lincoln lider\u00f3 al pa\u00eds durante el decisivo per\u00edodo de la Guerra Civil<em><strong><a href=\"https:\/\/www.archives.gov\/research\/military\/civil-war\" target=\"_blank\" rel=\"noreferrer noopener\">&nbsp;<\/a><\/strong><\/em>(1861 \u2013 1865) y fue asesinado en un teatro de Washington al finalizar el conflicto. Debido a su impacto en la historia del pa\u00eds, su figura adquiri\u00f3 un car\u00e1cter trascendental en la historia estadounidense.<\/p>\n\n\n\n<h3 class=\"wp-block-heading\">De una celebraci\u00f3n local a un feriado nacional<\/h3>\n\n\n\n<p>Entrado el siglo XIX los estadounidenses celebraban el 22 de febrero como el d\u00eda del natalicio de George Washington, pero unos 12 estados ya contaban para entonces con un reconocimiento de celebraci\u00f3n oficial de los \u201ccumplea\u00f1os de Washington y Lincoln\u201d el tercer lunes de febrero. Mientras, 12 de los 50 estados lo llamaban D\u00eda de los Presidentes.<\/p>\n\n\n\n<p>En 1968, por iniciativa del representante por Illinois, Robert McClory, se introdujo la propuesta para establecer festivos y establecer su obligatorio cumplimiento para todo el pa\u00eds por mandato federal.<\/p>\n\n\n\n<p>Seg\u00fan el&nbsp;<strong><em><a href=\"https:\/\/www.govinfo.gov\/features\/presidents-day-2024\" target=\"_blank\" rel=\"noreferrer noopener\">portal de informaci\u00f3n oficial<\/a><\/em><\/strong>&nbsp;del gobierno de EEUU, con la \u201cLey de Feriados Uniformes\u201d de lunes se organizaron los d\u00edas festivos distribuidos a los largo del a\u00f1o con el objetivo de promover fines de semana largos para los trabajadores, lo que fomentar\u00eda la actividad econ\u00f3mica con viajes y otras actividades.<\/p>\n\n\n\n<p>\u201cEn 1971, la implementaci\u00f3n de la Ley de Feriado Uniforme del Lunes traslad\u00f3 la celebraci\u00f3n del cumplea\u00f1os de Washington al tercer lunes de febrero. Algunos reformistas quer\u00edan cambiar el nombre de la festividad a D\u00eda de los Presidentes, en honor a Lincoln y Washington\u201d.<\/p>\n\n\n\n<figure class=\"wp-block-image\"><img decoding=\"async\" src=\"https:\/\/gdb.voanews.com\/70a3265f-c605-4e29-99b1-701615b7622e_tv_w650_r0.jpg\" alt=\"El Capitolio en Washington: pol\u00edtica, poder y arte\" title=\"El Capitolio en Washington: pol\u00edtica, poder y arte\"\/><\/figure>\n\n\n\n<p><video src=\"blob:https:\/\/www.vozdeamerica.com\/2b1d051a-f72a-4e99-a97e-e0437b255ffd\"><\/video><\/p>\n\n\n\n<p>&nbsp;Insertar&nbsp;share<\/p>\n\n\n\n<h5 class=\"wp-block-heading\"><a href=\"https:\/\/www.vozdeamerica.com\/a\/dia-de-los-presidentes-en-eeuu-recuerda-el-legado-de-los-mandatarios-de-la-nacion\/7923833.html\" target=\"_blank\" rel=\"noreferrer noopener\">El Capitolio en Washington: pol\u00edtica, poder y arte<\/a><\/h5>\n\n\n\n<p>&nbsp;Insertar&nbsp;share<\/p>\n\n\n\n<p>El c\u00f3digo se ha copiado en su portapapeles.<\/p>\n\n\n\n<hr class=\"wp-block-separator has-alpha-channel-opacity\"\/>\n\n\n\n<p>Ancho&nbsp;&nbsp;pxAltura&nbsp;&nbsp;px<\/p>\n\n\n\n<ul class=\"wp-block-list\">\n<li><a href=\"https:\/\/facebook.com\/sharer.php?u=https%3a%2f%2fwww.vozdeamerica.com%2fa%2f7923833.html\" target=\"_blank\" rel=\"noreferrer noopener\">Comparta en Facebook<\/a><\/li>\n\n\n\n<li><a href=\"https:\/\/twitter.com\/share?url=https%3a%2f%2fwww.vozdeamerica.com%2fa%2f7923833.html&amp;text=El+Capitolio+en+Washington%3a+pol%c3%adtica%2c+poder+y+arte\" target=\"_blank\" rel=\"noreferrer noopener\">Comparta en Twitter<\/a><\/li>\n<\/ul>\n\n\n\n<hr class=\"wp-block-separator has-alpha-channel-opacity\"\/>\n\n\n\n<p>The URL has been copied to your clipboard<\/p>\n\n\n\n<ul class=\"wp-block-list\">\n<li>Auto<\/li>\n\n\n\n<li>240p<\/li>\n\n\n\n<li>360p<\/li>\n\n\n\n<li>480p<\/li>\n\n\n\n<li>720p<\/li>\n\n\n\n<li>1080p<\/li>\n<\/ul>\n\n\n\n<p>No media source currently available<\/p>\n\n\n\n<p>0:001:480:00<\/p>\n\n\n\n<ul class=\"wp-block-list\">\n<li><\/li>\n\n\n\n<li><\/li>\n\n\n\n<li><\/li>\n\n\n\n<li><\/li>\n\n\n\n<li><\/li>\n\n\n\n<li><\/li>\n<\/ul>\n\n\n\n<p><a href=\"https:\/\/www.vozdeamerica.com\/embed\/player\/Article\/7923833.html?type=video&amp;FullScreenMode=True\" target=\"_blank\" rel=\"noreferrer noopener\"><\/a><\/p>\n\n\n\n<p>&nbsp;Descargar&nbsp;<\/p>\n\n\n\n<p>Pero a falta de acuerdo y aunque en papel sigue teniendo un nombre, la fuerza de la tradici\u00f3n hizo que la fiesta sea todav\u00eda m\u00e1s inclusiva al haberse \u201carraigado fuertemente en la conciencia p\u00fablica para honrar a todos los presidentes de Estados Unidos\u201d, tanto que en la actualidad se da por sentado que es para todos los mandatarios.<\/p>\n\n\n\n<h3 class=\"wp-block-heading\">\u00bfDe qu\u00e9 actividades disfrutan ese d\u00eda los estadounidenses?<\/h3>\n\n\n\n<p>Este lunes, en diferentes ciudades de todo el pa\u00eds se celebran actividades multitudinarias y jornadas educativas para resaltar las figuras presidenciales, eventos que incluyen desfiles con recreaciones hist\u00f3ricas, exhibiciones patri\u00f3ticas y bandas musicales.<\/p>\n\n\n\n<p>Las actividades tratan de destacar los diferentes aspectos de la historia estadounidense, rindiendo homenaje a los l\u00edderes de la naci\u00f3n.<\/p>\n\n\n\n<p>Algunas escuelas tambi\u00e9n incluyen para esta semana tareas especiales a los estudiantes sobre la historia presidencial de EEUU y la importancia de las figuras que han moldeado la historia de la naci\u00f3n.<\/p>\n\n\n\n<p><a href=\"https:\/\/www.vozdeamerica.com\/a\/que-renovaciones-hace-la-casa-blanca-para-recibir-a-un-nuevo-presidente-\/7873967.html\"><\/a><\/p>\n\n\n\n<p><a href=\"https:\/\/www.vozdeamerica.com\/a\/que-renovaciones-hace-la-casa-blanca-para-recibir-a-un-nuevo-presidente-\/7873967.html\">Tambi\u00e9n lea<\/a><\/p>\n\n\n\n<h4 class=\"wp-block-heading\"><a href=\"https:\/\/www.vozdeamerica.com\/a\/que-renovaciones-hace-la-casa-blanca-para-recibir-a-un-nuevo-presidente-\/7873967.html\">Las renovaciones en la Casa Blanca: una costumbre para recibir a un nuevo presidente en EEUU<\/a><\/h4>\n\n\n\n<p>Los monumentos erigidos a los presidentes en Washington y otras ciudades del pa\u00eds son visitados para depositar ofrendas florales, con la participaci\u00f3n de funcionarios p\u00fablicos y militares.<\/p>\n\n\n\n<p>Para muchos estadounidenses la celebraci\u00f3n tambi\u00e9n ofrece la oportunidad de compartir en familia, otro valor arraigado y preciado, al gozar de un d\u00eda festivo.<\/p>\n\n\n\n<p>Entre las actividades tambi\u00e9n destaca una en el Centro Hist\u00f3rico de Alexandria, Virginia, cerca de la finca de Mount Vernon, casa familiar de Washington a la orilla del R\u00edo Potomac.<\/p>\n\n\n\n<p>Por este d\u00eda el acceso ser\u00e1 gratis a la mansi\u00f3n convertida en museo y sus alrededores, que acoge un festival de \u00e9poca para devolver a la casa su antigua apariencia.<\/p>\n\n\n\n<p><a href=\"https:\/\/www.vozdeamerica.com\/a\/rapidos-cambios-oficina-oval-personalizan-la-nueva-gestion-trump\/7944813.html\"><\/a><\/p>\n\n\n\n<p><a href=\"https:\/\/www.vozdeamerica.com\/a\/rapidos-cambios-oficina-oval-personalizan-la-nueva-gestion-trump\/7944813.html\">Tambi\u00e9n lea<\/a><\/p>\n\n\n\n<h4 class=\"wp-block-heading\"><a href=\"https:\/\/www.vozdeamerica.com\/a\/rapidos-cambios-oficina-oval-personalizan-la-nueva-gestion-trump\/7944813.html\">R\u00e1pidos cambios en Oficina Oval personalizan la nueva gesti\u00f3n del presidente Trump<\/a><\/h4>\n\n\n\n<p>Ante las previsiones del tiempo,&nbsp;<strong><em><a href=\"https:\/\/washingtonbirthday.com\/\" target=\"_blank\" rel=\"noreferrer noopener\">los organizadores de este desfile<\/a><\/em><\/strong>&nbsp;lo realizaron antes, en la tarde del s\u00e1bado 15 de febrero bajo el tema: \u201cGeorge Washington: el comandante en jefe de Estados Unidos\u201d.<\/p>\n\n\n\n<h3 class=\"wp-block-heading\">D\u00eda de los Presidentes en la Casa Blanca<\/h3>\n\n\n\n<p>Seg\u00fan la Asociaci\u00f3n Hist\u00f3rica de la Casa Blanca, los presidentes a lo largo de la historia de EEUU han celebrado los cumplea\u00f1os de Washington y Lincoln de diversas formas. Por ejemplo, el presidente Andrew Jackson celebr\u00f3 el cumplea\u00f1os de Washington en 1837 con una rueda de queso de 635 kilogramos (1.400 libras) que comparti\u00f3 con los invitados.<\/p>\n\n\n\n<p>En 1931, el presidente Herbert Hoover se dirigi\u00f3 a la naci\u00f3n a trav\u00e9s de un discurso por radio para conmemorar el cumplea\u00f1os de Lincoln, y el presidente Lyndon B. Johnson celebr\u00f3 un almuerzo por el D\u00eda de Lincoln en la Casa Blanca en 1965.<\/p>\n\n\n\n<p>En 2015, el presidente Barack Obama conmemor\u00f3 el d\u00eda renovando las p\u00e1ginas web de la Casa Blanca sobre cada presidente de Estados Unidos para facilitar el conocimiento de su historia.<\/p>\n","protected":false},"excerpt":{"rendered":"<p>ARCHIVO &#8211; John Lopes, interpretando el papel del presidente George Washington, se encuentra cerca del Monumento a Washington despu\u00e9s de una ceremonia de inauguraci\u00f3n con la primera dama Melania Trump para reabrir el monumento, el 19 de septiembre de 2019, en Washington. febrero 17, 2025 &nbsp;Vea comentarios EEUU conmemora el D\u00eda de los Presidentes este [&hellip;]<\/p>\n","protected":false},"author":2,"featured_media":596930,"comment_status":"closed","ping_status":"closed","sticky":false,"template":"","format":"standard","meta":{"footnotes":""},"categories":[21,36,26],"tags":[],"class_list":["post-596929","post","type-post","status-publish","format-standard","has-post-thumbnail","hentry","category-cultura","category-hombresmujeresycosas","category-efemerides"],"_links":{"self":[{"href":"https:\/\/diariodominicano.com\/index.php?rest_route=\/wp\/v2\/posts\/596929","targetHints":{"allow":["GET"]}}],"collection":[{"href":"https:\/\/diariodominicano.com\/index.php?rest_route=\/wp\/v2\/posts"}],"about":[{"href":"https:\/\/diariodominicano.com\/index.php?rest_route=\/wp\/v2\/types\/post"}],"author":[{"embeddable":true,"href":"https:\/\/diariodominicano.com\/index.php?rest_route=\/wp\/v2\/users\/2"}],"replies":[{"embeddable":true,"href":"https:\/\/diariodominicano.com\/index.php?rest_route=%2Fwp%2Fv2%2Fcomments&post=596929"}],"version-history":[{"count":2,"href":"https:\/\/diariodominicano.com\/index.php?rest_route=\/wp\/v2\/posts\/596929\/revisions"}],"predecessor-version":[{"id":596933,"href":"https:\/\/diariodominicano.com\/index.php?rest_route=\/wp\/v2\/posts\/596929\/revisions\/596933"}],"wp:featuredmedia":[{"embeddable":true,"href":"https:\/\/diariodominicano.com\/index.php?rest_route=\/wp\/v2\/media\/596930"}],"wp:attachment":[{"href":"https:\/\/diariodominicano.com\/index.php?rest_route=%2Fwp%2Fv2%2Fmedia&parent=596929"}],"wp:term":[{"taxonomy":"category","embeddable":true,"href":"https:\/\/diariodominicano.com\/index.php?rest_route=%2Fwp%2Fv2%2Fcategories&post=596929"},{"taxonomy":"post_tag","embeddable":true,"href":"https:\/\/diariodominicano.com\/index.php?rest_route=%2Fwp%2Fv2%2Ftags&post=596929"}],"curies":[{"name":"wp","href":"https:\/\/api.w.org\/{rel}","templated":true}]}}