{"id":596598,"date":"2025-02-16T11:05:36","date_gmt":"2025-02-16T15:05:36","guid":{"rendered":"https:\/\/diariodominicano.com\/?p=596598"},"modified":"2025-02-16T11:08:00","modified_gmt":"2025-02-16T15:08:00","slug":"ministro-freund-destaca-en-dubai-avances-del-pais-en-programa-de-gobierno-digital-y-burocracia-cero","status":"publish","type":"post","link":"https:\/\/diariodominicano.com\/?p=596598","title":{"rendered":"Ministro Freund destaca en Dubai avances del pa\u00eds en programa de Gobierno Digital y Burocracia Cero"},"content":{"rendered":"\n<p><em>El ministro de Administraci\u00f3n P\u00fablica, Sigmund Freund destac\u00f3 el liderazgo del presidente Luis Abinader en la transformaci\u00f3n de la gesti\u00f3n p\u00fablica y afirm\u00f3 que \u201c<\/em><em>Sin una voluntad pol\u00edtica firme y una visi\u00f3n clara, los esfuerzos de transformaci\u00f3n digital pueden estancarse\u201d.<\/em><\/p>\n\n\n\n<p><strong>Dubai, Emiratos \u00c1rabes Unidos. &#8211;<\/strong>&nbsp;El ministro de Administraci\u00f3n P\u00fablica, Sigmund Freund, dio a conocer los avances que presenta el pa\u00eds en la implementaci\u00f3n de acciones que permitan modernizar la gesti\u00f3n p\u00fablica, racionalizar los recursos del Estado y simplificar los procesos en las oficinas gubernamentales y as\u00ed elevar los niveles de competitividad, fortalecer la institucionalidad y mejorar los servicios de la ciudadan\u00eda.<\/p>\n\n\n\n<figure class=\"wp-block-gallery has-nested-images columns-default is-cropped wp-block-gallery-1 is-layout-flex wp-block-gallery-is-layout-flex\">\n<figure class=\"wp-block-image size-large\"><img loading=\"lazy\" decoding=\"async\" width=\"1024\" height=\"668\" data-id=\"596606\" src=\"https:\/\/diariodominicano.com\/wp-content\/uploads\/2025\/02\/Reunion-del-Consejo-Directivo-del-Centro-Latinoamericano-de-Administracion-para-el-Desarrollo-CLAD-1024x668.jpeg\" alt=\"\" class=\"wp-image-596606\" srcset=\"https:\/\/diariodominicano.com\/wp-content\/uploads\/2025\/02\/Reunion-del-Consejo-Directivo-del-Centro-Latinoamericano-de-Administracion-para-el-Desarrollo-CLAD-1024x668.jpeg 1024w, https:\/\/diariodominicano.com\/wp-content\/uploads\/2025\/02\/Reunion-del-Consejo-Directivo-del-Centro-Latinoamericano-de-Administracion-para-el-Desarrollo-CLAD-300x196.jpeg 300w, https:\/\/diariodominicano.com\/wp-content\/uploads\/2025\/02\/Reunion-del-Consejo-Directivo-del-Centro-Latinoamericano-de-Administracion-para-el-Desarrollo-CLAD-768x501.jpeg 768w, https:\/\/diariodominicano.com\/wp-content\/uploads\/2025\/02\/Reunion-del-Consejo-Directivo-del-Centro-Latinoamericano-de-Administracion-para-el-Desarrollo-CLAD-1536x1002.jpeg 1536w, https:\/\/diariodominicano.com\/wp-content\/uploads\/2025\/02\/Reunion-del-Consejo-Directivo-del-Centro-Latinoamericano-de-Administracion-para-el-Desarrollo-CLAD-2048x1336.jpeg 2048w, https:\/\/diariodominicano.com\/wp-content\/uploads\/2025\/02\/Reunion-del-Consejo-Directivo-del-Centro-Latinoamericano-de-Administracion-para-el-Desarrollo-CLAD-816x532.jpeg 816w\" sizes=\"auto, (max-width: 1024px) 100vw, 1024px\" \/><figcaption class=\"wp-element-caption\">Reuni\u00f3n del Consejo Directivo del Centro Latinoamericano de Administraci\u00f3n para el Desarrollo (CLAD) <\/figcaption><\/figure>\n<\/figure>\n\n\n\n<p>Durante su participaci\u00f3n en la Cumbre Mundial de Gobiernos, en representaci\u00f3n del Estado dominicano, Freund se\u00f1al\u00f3 que bajo el liderazgo del presidente Luis Abinader, se han implementado reformas clave para construir un Estado m\u00e1s eficiente, moderno y orientado a resultados.<\/p>\n\n\n\n<figure class=\"wp-block-gallery has-nested-images columns-default is-cropped wp-block-gallery-2 is-layout-flex wp-block-gallery-is-layout-flex\">\n<figure class=\"wp-block-image size-large\"><img loading=\"lazy\" decoding=\"async\" width=\"1024\" height=\"681\" data-id=\"596605\" src=\"https:\/\/diariodominicano.com\/wp-content\/uploads\/2025\/02\/Sigmund-Freund-junto-a-su-Excelencia-Omar-Sultan-Al-Olama-ministro-de-Estado-de-Inteligencia-Artificial-de-EAU-y-vicepresidente-de-la-Cumbre-1024x681.jpeg\" alt=\"\" class=\"wp-image-596605\" srcset=\"https:\/\/diariodominicano.com\/wp-content\/uploads\/2025\/02\/Sigmund-Freund-junto-a-su-Excelencia-Omar-Sultan-Al-Olama-ministro-de-Estado-de-Inteligencia-Artificial-de-EAU-y-vicepresidente-de-la-Cumbre-1024x681.jpeg 1024w, https:\/\/diariodominicano.com\/wp-content\/uploads\/2025\/02\/Sigmund-Freund-junto-a-su-Excelencia-Omar-Sultan-Al-Olama-ministro-de-Estado-de-Inteligencia-Artificial-de-EAU-y-vicepresidente-de-la-Cumbre-300x200.jpeg 300w, https:\/\/diariodominicano.com\/wp-content\/uploads\/2025\/02\/Sigmund-Freund-junto-a-su-Excelencia-Omar-Sultan-Al-Olama-ministro-de-Estado-de-Inteligencia-Artificial-de-EAU-y-vicepresidente-de-la-Cumbre-768x511.jpeg 768w, https:\/\/diariodominicano.com\/wp-content\/uploads\/2025\/02\/Sigmund-Freund-junto-a-su-Excelencia-Omar-Sultan-Al-Olama-ministro-de-Estado-de-Inteligencia-Artificial-de-EAU-y-vicepresidente-de-la-Cumbre-1536x1022.jpeg 1536w, https:\/\/diariodominicano.com\/wp-content\/uploads\/2025\/02\/Sigmund-Freund-junto-a-su-Excelencia-Omar-Sultan-Al-Olama-ministro-de-Estado-de-Inteligencia-Artificial-de-EAU-y-vicepresidente-de-la-Cumbre-2048x1363.jpeg 2048w, https:\/\/diariodominicano.com\/wp-content\/uploads\/2025\/02\/Sigmund-Freund-junto-a-su-Excelencia-Omar-Sultan-Al-Olama-ministro-de-Estado-de-Inteligencia-Artificial-de-EAU-y-vicepresidente-de-la-Cumbre-816x543.jpeg 816w\" sizes=\"auto, (max-width: 1024px) 100vw, 1024px\" \/><figcaption class=\"wp-element-caption\">Sigmund Freund junto a su Excelencia Omar Sultan Al Olama, ministro de Estado de Inteligencia Artificial de EAU y vicepresidente de la Cumbre <\/figcaption><\/figure>\n<\/figure>\n\n\n\n<p>Asegur\u00f3 que el deber fundamental del Estado es garantizar la racionalidad del gasto p\u00fablico y la promoci\u00f3n de una administraci\u00f3n eficiente, que impulse la mejora en la calidad de vida de las y los ciudadanos, a trav\u00e9s de una gesti\u00f3n \u00e9tica y transparente.<\/p>\n\n\n\n<p>Freund destac\u00f3 que desde el Ministerio de Administraci\u00f3n P\u00fablica se impulsan acciones relativas a la transformaci\u00f3n digital, la modernizaci\u00f3n tecnol\u00f3gica, la reestructuraci\u00f3n del Sistema Integrado de Gesti\u00f3n Institucional (SIGEI), la optimizaci\u00f3n de procesos y servicios al usuario, la descentralizaci\u00f3n de beneficios laborales, entre otras iniciativas, que van en consonancia con la visi\u00f3n de un Estado moderno.<\/p>\n\n\n\n<figure class=\"wp-block-gallery has-nested-images columns-default is-cropped wp-block-gallery-3 is-layout-flex wp-block-gallery-is-layout-flex\">\n<figure class=\"wp-block-image size-large\"><img loading=\"lazy\" decoding=\"async\" width=\"1024\" height=\"681\" data-id=\"596604\" src=\"https:\/\/diariodominicano.com\/wp-content\/uploads\/2025\/02\/Reunion-bilateral-con-su-Excelencia-Omar-Sultan-Al-Olama-ministro-de-Estado-de-Inteligencia-Artificial-de-EAU-1024x681.jpeg\" alt=\"\" class=\"wp-image-596604\" srcset=\"https:\/\/diariodominicano.com\/wp-content\/uploads\/2025\/02\/Reunion-bilateral-con-su-Excelencia-Omar-Sultan-Al-Olama-ministro-de-Estado-de-Inteligencia-Artificial-de-EAU-1024x681.jpeg 1024w, https:\/\/diariodominicano.com\/wp-content\/uploads\/2025\/02\/Reunion-bilateral-con-su-Excelencia-Omar-Sultan-Al-Olama-ministro-de-Estado-de-Inteligencia-Artificial-de-EAU-300x200.jpeg 300w, https:\/\/diariodominicano.com\/wp-content\/uploads\/2025\/02\/Reunion-bilateral-con-su-Excelencia-Omar-Sultan-Al-Olama-ministro-de-Estado-de-Inteligencia-Artificial-de-EAU-768x511.jpeg 768w, https:\/\/diariodominicano.com\/wp-content\/uploads\/2025\/02\/Reunion-bilateral-con-su-Excelencia-Omar-Sultan-Al-Olama-ministro-de-Estado-de-Inteligencia-Artificial-de-EAU-1536x1022.jpeg 1536w, https:\/\/diariodominicano.com\/wp-content\/uploads\/2025\/02\/Reunion-bilateral-con-su-Excelencia-Omar-Sultan-Al-Olama-ministro-de-Estado-de-Inteligencia-Artificial-de-EAU-2048x1363.jpeg 2048w, https:\/\/diariodominicano.com\/wp-content\/uploads\/2025\/02\/Reunion-bilateral-con-su-Excelencia-Omar-Sultan-Al-Olama-ministro-de-Estado-de-Inteligencia-Artificial-de-EAU-816x543.jpeg 816w\" sizes=\"auto, (max-width: 1024px) 100vw, 1024px\" \/><figcaption class=\"wp-element-caption\">Reuni\u00f3n bilateral con su Excelencia Omar Sultan Al Olama, ministro de Estado de Inteligencia Artificial de EAU <\/figcaption><\/figure>\n<\/figure>\n\n\n\n<p>El ministro indic\u00f3 que&nbsp;mediante la implementaci\u00f3n del programa Burocracia Cero se ha propiciado un proceso transformaci\u00f3n de la cultura organizacional del sector p\u00fablico en funci\u00f3n de simplificar los tr\u00e1mites mediante la adaptaci\u00f3n a herramientas tecnol\u00f3gicas que permiten un mejor flujo en la demanda de servicios.<\/p>\n\n\n\n<p>El funcionario destac\u00f3 el compromiso del Gobierno y de su gesti\u00f3n frente al Ministerio de Administraci\u00f3n P\u00fablica para continuar avanzando en los cuatro pilares fundamentales del programa&nbsp;<strong>Burocracia Cero<\/strong>: Viaje Cero, Papel Cero, Traba Cero y Tiempo Cero.<\/p>\n\n\n\n<p>Se\u00f1al\u00f3 que&nbsp;la Rep\u00fablica Dominicana avanza hacia un Gobierno sin Burocracia a trav\u00e9s de iniciativas clave como: Interoperabilidad y gobernanza de datos, la implementaci\u00f3n de un Marco Nacional de Datos e Interoperabilidad e Infraestructura Digital P\u00fablica (DPI), adem\u00e1s de la automatizaci\u00f3n de procesos e inteligencia artificial, y el Gobierno Digital en un solo portal web.<\/p>\n\n\n\n<p>El ministro comparti\u00f3, adem\u00e1s, la actualizaci\u00f3n de la Ley de Mejora Regulatoria y Simplificaci\u00f3n de Tr\u00e1mites, con lo que se fortalece la eficiencia y transparencia en la gesti\u00f3n p\u00fablica, y se\u00f1al\u00f3 que se han integrado herramientas de inteligencia artificial y automatizaci\u00f3n para agilizar procesos administrativos, reducir intervenciones humanas innecesarias y mejorar la toma de decisiones.<\/p>\n\n\n\n<p><strong>Reuniones bilaterales y otras actividades<\/strong><\/p>\n\n\n\n<p>Durante su participaci\u00f3n en la Cumbre, el ministro de Administraci\u00f3n P\u00fablica se reuni\u00f3 con Omar Sultan Al Olama, ministro de Estado de Inteligencia Artificial, Econom\u00eda Digital y Aplicaciones de Trabajo Remoto de Emiratos \u00c1rabes Unidos; as\u00ed como tambi\u00e9n vicepresidente de la Cumbre.<\/p>\n\n\n\n<p>En la reuni\u00f3n, que cont\u00f3 con la participaci\u00f3n de la viceministra de Evaluaci\u00f3n del Desempe\u00f1o Institucional, Hadeline Matos, se extendi\u00f3 a Al Olama una invitaci\u00f3n formal para que asista a \u201cla Tercera Cumbre Ministerial sobre \u00c9tica de la Inteligencia Artificial en Am\u00e9rica Latina y el Caribe\u201d, programada para octubre-noviembre de este a\u00f1o en Rep\u00fablica Dominicana.<\/p>\n\n\n\n<p>Asimismo, el ministro particip\u00f3 de Mesa Redonda \u201cAdaptando a la Revoluci\u00f3n de las Habilidades para crear una Ventaja Competitiva en el Escenario Mundial\u201d, en la reuni\u00f3n del Consejo Directivo del Centro Latinoamericano de Administraci\u00f3n para el Desarrollo (CLAD), y se reuni\u00f3 con el vicepresidente ejecutivo de Oracle.<\/p>\n\n\n\n<p>Freund tambi\u00e9n fue parte del panel sobre \u201cTemas Emergentes en Mercados Emergentes\u00a8, junto al vicepresidente de El Salvador, Feliz Ulloa, el&nbsp;ministro de Administraci\u00f3n P\u00fablica y Gesti\u00f3n por Resultados de Honduras, Marcio Sierra, la ministra de Innovaci\u00f3n y Servicios P\u00fablicos de Brasil,&nbsp;Esther Dweck, y lavViceministra de Econom\u00eda y Finanzas de Paraguay,&nbsp;Andrea Picaso.<\/p>\n\n\n\n<p>La Cumbre Mundial de Gobiernos es un evento anual donde participan m\u00e1s de 30 Jefes de Estado y l\u00edderes mundiales, m\u00e1s de 300 expertos globales y 6,000 participantes, para un di\u00e1logo global centrado en cuestiones de futurismo, innovaci\u00f3n, tecnol\u00f3gica y otros temas.<\/p>\n\n\n\n<p><strong>Prensa MAP<\/strong>\u00a0&lt;prensa@map.gob.do> <\/p>\n","protected":false},"excerpt":{"rendered":"<p>El ministro de Administraci\u00f3n P\u00fablica, Sigmund Freund destac\u00f3 el liderazgo del presidente Luis Abinader en la transformaci\u00f3n de la gesti\u00f3n p\u00fablica y afirm\u00f3 que \u201cSin una voluntad pol\u00edtica firme y una visi\u00f3n clara, los esfuerzos de transformaci\u00f3n digital pueden estancarse\u201d. Dubai, Emiratos \u00c1rabes Unidos. &#8211;&nbsp;El ministro de Administraci\u00f3n P\u00fablica, Sigmund Freund, dio a conocer los [&hellip;]<\/p>\n","protected":false},"author":7,"featured_media":596607,"comment_status":"closed","ping_status":"closed","sticky":false,"template":"","format":"standard","meta":{"footnotes":""},"categories":[20],"tags":[501],"class_list":["post-596598","post","type-post","status-publish","format-standard","has-post-thumbnail","hentry","category-dominicana-hoy","tag-ministro-de-administracion-publica"],"_links":{"self":[{"href":"https:\/\/diariodominicano.com\/index.php?rest_route=\/wp\/v2\/posts\/596598","targetHints":{"allow":["GET"]}}],"collection":[{"href":"https:\/\/diariodominicano.com\/index.php?rest_route=\/wp\/v2\/posts"}],"about":[{"href":"https:\/\/diariodominicano.com\/index.php?rest_route=\/wp\/v2\/types\/post"}],"author":[{"embeddable":true,"href":"https:\/\/diariodominicano.com\/index.php?rest_route=\/wp\/v2\/users\/7"}],"replies":[{"embeddable":true,"href":"https:\/\/diariodominicano.com\/index.php?rest_route=%2Fwp%2Fv2%2Fcomments&post=596598"}],"version-history":[{"count":1,"href":"https:\/\/diariodominicano.com\/index.php?rest_route=\/wp\/v2\/posts\/596598\/revisions"}],"predecessor-version":[{"id":596609,"href":"https:\/\/diariodominicano.com\/index.php?rest_route=\/wp\/v2\/posts\/596598\/revisions\/596609"}],"wp:featuredmedia":[{"embeddable":true,"href":"https:\/\/diariodominicano.com\/index.php?rest_route=\/wp\/v2\/media\/596607"}],"wp:attachment":[{"href":"https:\/\/diariodominicano.com\/index.php?rest_route=%2Fwp%2Fv2%2Fmedia&parent=596598"}],"wp:term":[{"taxonomy":"category","embeddable":true,"href":"https:\/\/diariodominicano.com\/index.php?rest_route=%2Fwp%2Fv2%2Fcategories&post=596598"},{"taxonomy":"post_tag","embeddable":true,"href":"https:\/\/diariodominicano.com\/index.php?rest_route=%2Fwp%2Fv2%2Ftags&post=596598"}],"curies":[{"name":"wp","href":"https:\/\/api.w.org\/{rel}","templated":true}]}}