{"id":596597,"date":"2025-02-16T10:55:43","date_gmt":"2025-02-16T14:55:43","guid":{"rendered":"https:\/\/diariodominicano.com\/?p=596597"},"modified":"2025-02-16T10:55:56","modified_gmt":"2025-02-16T14:55:56","slug":"inefi-anuncia-aumento-salarial-para-maestros-del-centro-de-iniciacion-deportiva-de-bayaguana","status":"publish","type":"post","link":"https:\/\/diariodominicano.com\/?p=596597","title":{"rendered":"INEFI anuncia aumento salarial para maestros del Centro de Iniciaci\u00f3n Deportiva de Bayaguana"},"content":{"rendered":"\n<p><em>Alberto Rodr\u00edguez Mella extendi\u00f3 el anuncio a la provincia Espaillat, espec\u00edficamente a Moca, donde tambi\u00e9n se realizar\u00e1 un reajuste salarial para los profesores y t\u00e9cnicos deportivos de esa zona cibae\u00f1a<\/em><br>BAYAGUANA, Monte Plata.- El director ejecutivo del Instituto Nacional de Educaci\u00f3n F\u00edsica (INEF), Alberto Rodr\u00edguez Mella, anunci\u00f3 este fin de semana un significativo aumento salarial para los maestros que forman parte del Centro de Iniciaci\u00f3n Deportiva de Bayaguana. La medida fue revelada durante un encuentro con los profesionales de la demarcaci\u00f3n, quienes recibieron la noticia con gran entusiasmo.<\/p>\n\n\n\n<p>Rodr\u00edguez Mella destac\u00f3 que esta acci\u00f3n es un justo reconocimiento al esfuerzo y dedicaci\u00f3n de los entrenadores y profesores, quienes han dedicado sus vidas a la ense\u00f1anza deportiva, brindando su vocaci\u00f3n al servicio de la naci\u00f3n. \u201cEste aumento es un merecido reconocimiento a los hombres y mujeres que, m\u00e1s all\u00e1 de la remuneraci\u00f3n econ\u00f3mica, entregan su amor y esfuerzo por formar a las nuevas generaciones en el \u00e1mbito deportivo\u201d, expres\u00f3 Rodr\u00edguez.<\/p>\n\n\n\n<p>El anuncio fue bien recibido por los miembros del Centro, quienes estuvieron encabezados por el director Isaac Ogando, quien celebr\u00f3 la iniciativa que, sin duda, impactar\u00e1 positivamente la motivaci\u00f3n y el rendimiento del equipo docente.<\/p>\n\n\n\n<p>Adem\u00e1s, Rodr\u00edguez extendi\u00f3 su anuncio a la provincia Espaillat, espec\u00edficamente a Moca, donde tambi\u00e9n se realizar\u00e1 un reajuste salarial para los profesores y t\u00e9cnicos deportivos de la zona, reforzando el compromiso del gobierno con la mejora continua de la educaci\u00f3n f\u00edsica y deportiva en todo el pa\u00eds.<\/p>\n\n\n\n<p>El funcionario tambi\u00e9n anunci\u00f3 la reparaci\u00f3n de la villa deportiva de Bayaguana, destacando que tambi\u00e9n se trabajar\u00e1 en el remozamiento de la pista de atletismo local.<\/p>\n\n\n\n<p>Rodr\u00edguez Mella aprovech\u00f3 su visita para inspeccionar &nbsp;la construcci\u00f3n del techado del Polit\u00e9cnico Moraima Veloz de B\u00e1ez de esta localidad monteplatense.<\/p>\n\n\n\n<p>Con estas medidas, el INEFI reafirma su compromiso con la formaci\u00f3n de los j\u00f3venes atletas y el fortalecimiento del sistema educativo deportivo en Rep\u00fablica Dominicana.<\/p>\n","protected":false},"excerpt":{"rendered":"<p>Alberto Rodr\u00edguez Mella extendi\u00f3 el anuncio a la provincia Espaillat, espec\u00edficamente a Moca, donde tambi\u00e9n se realizar\u00e1 un reajuste salarial para los profesores y t\u00e9cnicos deportivos de esa zona cibae\u00f1aBAYAGUANA, Monte Plata.- El director ejecutivo del Instituto Nacional de Educaci\u00f3n F\u00edsica (INEF), Alberto Rodr\u00edguez Mella, anunci\u00f3 este fin de semana un significativo aumento salarial para [&hellip;]<\/p>\n","protected":false},"author":7,"featured_media":596602,"comment_status":"closed","ping_status":"closed","sticky":false,"template":"","format":"standard","meta":{"footnotes":""},"categories":[17],"tags":[491],"class_list":["post-596597","post","type-post","status-publish","format-standard","has-post-thumbnail","hentry","category-deportes","tag-inefi"],"_links":{"self":[{"href":"https:\/\/diariodominicano.com\/index.php?rest_route=\/wp\/v2\/posts\/596597","targetHints":{"allow":["GET"]}}],"collection":[{"href":"https:\/\/diariodominicano.com\/index.php?rest_route=\/wp\/v2\/posts"}],"about":[{"href":"https:\/\/diariodominicano.com\/index.php?rest_route=\/wp\/v2\/types\/post"}],"author":[{"embeddable":true,"href":"https:\/\/diariodominicano.com\/index.php?rest_route=\/wp\/v2\/users\/7"}],"replies":[{"embeddable":true,"href":"https:\/\/diariodominicano.com\/index.php?rest_route=%2Fwp%2Fv2%2Fcomments&post=596597"}],"version-history":[{"count":1,"href":"https:\/\/diariodominicano.com\/index.php?rest_route=\/wp\/v2\/posts\/596597\/revisions"}],"predecessor-version":[{"id":596603,"href":"https:\/\/diariodominicano.com\/index.php?rest_route=\/wp\/v2\/posts\/596597\/revisions\/596603"}],"wp:featuredmedia":[{"embeddable":true,"href":"https:\/\/diariodominicano.com\/index.php?rest_route=\/wp\/v2\/media\/596602"}],"wp:attachment":[{"href":"https:\/\/diariodominicano.com\/index.php?rest_route=%2Fwp%2Fv2%2Fmedia&parent=596597"}],"wp:term":[{"taxonomy":"category","embeddable":true,"href":"https:\/\/diariodominicano.com\/index.php?rest_route=%2Fwp%2Fv2%2Fcategories&post=596597"},{"taxonomy":"post_tag","embeddable":true,"href":"https:\/\/diariodominicano.com\/index.php?rest_route=%2Fwp%2Fv2%2Ftags&post=596597"}],"curies":[{"name":"wp","href":"https:\/\/api.w.org\/{rel}","templated":true}]}}