{"id":596366,"date":"2025-02-15T00:15:55","date_gmt":"2025-02-15T04:15:55","guid":{"rendered":"https:\/\/diariodominicano.com\/?p=596366"},"modified":"2025-02-15T00:16:01","modified_gmt":"2025-02-15T04:16:01","slug":"gobierno-argentino-cataloga-resistencia-ancestral-mapuche-como-grupo-terrorista","status":"publish","type":"post","link":"https:\/\/diariodominicano.com\/?p=596366","title":{"rendered":"Gobierno argentino cataloga Resistencia Ancestral Mapuche como \u00abgrupo terrorista\u00bb"},"content":{"rendered":"\n<p>ARCHIVO &#8211; La polic\u00eda lanza gases lacrim\u00f3genos para desalojar a ind\u00edgenas mapuches de una tierra que ocupaban por a\u00f1os cerca de Villa Mascardi, Argentina, el 4 de octubre de 2022.<\/p>\n\n\n\n<p>febrero 14, 2025<\/p>\n\n\n\n<ul class=\"wp-block-list\">\n<li><a href=\"https:\/\/www.vozdeamerica.com\/author\/associated-press\/v_kyr\">Associated Press<\/a><\/li>\n<\/ul>\n\n\n\n<ul class=\"wp-block-list\">\n<li><a href=\"https:\/\/facebook.com\/sharer.php?u=https%3a%2f%2fwww.vozdeamerica.com%2fa%2fgobierno-argentino-resistencia-ancestral-mapuche-grupo-terrorista-%2f7975546.html\" target=\"_blank\" rel=\"noreferrer noopener\"><\/a><\/li>\n\n\n\n<li><a href=\"https:\/\/twitter.com\/share?url=https%3a%2f%2fwww.vozdeamerica.com%2fa%2fgobierno-argentino-resistencia-ancestral-mapuche-grupo-terrorista-%2f7975546.html&amp;text=Gobierno+argentino+cataloga+Resistencia+Ancestral+Mapuche+como+%22grupo+terrorista%22+\" target=\"_blank\" rel=\"noreferrer noopener\"><\/a><\/li>\n\n\n\n<li><\/li>\n\n\n\n<li><a href=\"mailto:?body=https%3a%2f%2fwww.vozdeamerica.com%2fa%2fgobierno-argentino-resistencia-ancestral-mapuche-grupo-terrorista-%2f7975546.html&amp;subject=Gobierno%20argentino%20cataloga%20Resistencia%20Ancestral%20Mapuche%20como%20%22grupo%20terrorista%22\"><\/a><\/li>\n<\/ul>\n\n\n\n<p><a href=\"https:\/\/www.vozdeamerica.com\/a\/gobierno-argentino-resistencia-ancestral-mapuche-grupo-terrorista-\/7975546.html#comments\">&nbsp;Vea comentarios<\/a><\/p>\n\n\n\n<p>Un grupo ind\u00edgena mapuche fue catalogado de \u00abterrorista\u00bb por el gobierno argentino, que le atribuye incendios intencionales en la Patagonia y ataques a personas y a la propiedad privada.<\/p>\n\n\n\n<p>BUENOS AIRES \u2014&nbsp;<\/p>\n\n\n\n<p>El gobierno argentino declar\u00f3 a Resistencia Ancestral Mapuche (RAM) como una \u201corganizaci\u00f3n terrorista\u201d despu\u00e9s de atribuirle incendios intencionales en la Patagonia y ataques a personas y a la propiedad privada.<\/p>\n\n\n\n<p>La decisi\u00f3n fue anunciada en una resoluci\u00f3n publicada el viernes en el Bolet\u00edn Oficial y contempla la inscripci\u00f3n de RAM en el Registro P\u00fablico de Personas y Entidades Vinculadas a Actos de Terrorismo y su Financiamiento, en el que figuran Ham\u00e1s y Al Qaeda, entre otros grupos armados.<\/p>\n\n\n\n<p>RAM tiene como referente conocido a Facundo Jones Huala, un argentino que cumpli\u00f3 una condena de varios a\u00f1os de c\u00e1rcel en Chile por el incendio de una establecimiento rural y el porte ilegal de armas. En la \u00faltima d\u00e9cada ha reivindicado la lucha de los pueblos originarios por la recuperaci\u00f3n del territorio y la creaci\u00f3n de una naci\u00f3n mapuche.<\/p>\n\n\n\n<p>El gobierno del ultraderechista presidente Javier Milei no ha especificado qu\u00e9 otros miembros integrar\u00edan RAM, al que desde hace d\u00edas autoridades de provincias de la Patagonia, en el sur, atribuyen los incendios que han quemado miles de hect\u00e1reas. Tampoco se sabe bien el alcance de su representatividad entre las comunidades mapuches.<\/p>\n\n\n\n<p>La medida gubernamental tiene lugar luego de que Jones Huala \u2014quien lleg\u00f3 a Argentina en agosto de 2024 luego de ser liberado en Chile\u2014 defendi\u00f3 hace pocas semanas los sabotajes contra \u201cla infraestructura del sistema capitalista, de las transnacionales\u201d.<\/p>\n\n\n\n<p><a href=\"https:\/\/www.vozdeamerica.com\/a\/lider-grupo-mapuche-chile-condenado-23-anos-carcel-delitos-contra-seguridad-estado\/7601880.html\"><\/a><\/p>\n\n\n\n<p><a href=\"https:\/\/www.vozdeamerica.com\/a\/lider-grupo-mapuche-chile-condenado-23-anos-carcel-delitos-contra-seguridad-estado\/7601880.html\">Tambi\u00e9n lea<\/a><\/p>\n\n\n\n<h4 class=\"wp-block-heading\"><a href=\"https:\/\/www.vozdeamerica.com\/a\/lider-grupo-mapuche-chile-condenado-23-anos-carcel-delitos-contra-seguridad-estado\/7601880.html\">L\u00edder de grupo mapuche en Chile es condenado a 23 a\u00f1os de c\u00e1rcel por delitos contra seguridad de Estado<\/a><\/h4>\n\n\n\n<p>El activista habl\u00f3 p\u00fablicamente de que RAM no estaba relacionada con el incendio que se hab\u00eda iniciado \u2014y a\u00fan sigue activo\u2014 en las cercan\u00edas de El Bols\u00f3n, localidad de la provincia de R\u00edo Negro y que nunca atentar\u00eda contra los bosques donde viven los mapuches.<\/p>\n\n\n\n<p>En su resoluci\u00f3n, el ministerio de Seguridad argentino argument\u00f3 que RAM representa \u201cuna amenaza significativa para la seguridad nacional\u201d. Apunt\u00f3 que \u201cdesde el 2010 hasta el presente, cuando los incendios intencionales reivindicados por los l\u00edderes de la RAM arrasan los milenarios bosques patag\u00f3nicos, se han producido cientos de hechos con caracter\u00edsticas terroristas\u201d.<\/p>\n\n\n\n<p>Pero miembros de la Gremial de Abogados y Abogadas, que han representado con anterioridad a Jones Huala, sostienen que la inclusi\u00f3n de la RAM en una n\u00f3mina de grupos terroristas no corresponde al Poder Ejecutivo sino que debe surgir de la investigaci\u00f3n penal, cuando por ejemplo sus integrantes resulten imputados por la pertenencia a una asociaci\u00f3n il\u00edcita.<\/p>\n\n\n\n<p>En la provincia de Chubut, la polic\u00eda detuvo pocos d\u00edas atr\u00e1s a tres personas sospechosas del incendio de una estancia y a la que las autoridades vincularon con RAM. Su accionar est\u00e1 siendo investigado por la justicia.<\/p>\n","protected":false},"excerpt":{"rendered":"<p>ARCHIVO &#8211; La polic\u00eda lanza gases lacrim\u00f3genos para desalojar a ind\u00edgenas mapuches de una tierra que ocupaban por a\u00f1os cerca de Villa Mascardi, Argentina, el 4 de octubre de 2022. febrero 14, 2025 &nbsp;Vea comentarios Un grupo ind\u00edgena mapuche fue catalogado de \u00abterrorista\u00bb por el gobierno argentino, que le atribuye incendios intencionales en la Patagonia [&hellip;]<\/p>\n","protected":false},"author":2,"featured_media":596367,"comment_status":"closed","ping_status":"closed","sticky":false,"template":"","format":"standard","meta":{"footnotes":""},"categories":[36,26,23],"tags":[],"class_list":["post-596366","post","type-post","status-publish","format-standard","has-post-thumbnail","hentry","category-hombresmujeresycosas","category-efemerides","category-internacional"],"_links":{"self":[{"href":"https:\/\/diariodominicano.com\/index.php?rest_route=\/wp\/v2\/posts\/596366","targetHints":{"allow":["GET"]}}],"collection":[{"href":"https:\/\/diariodominicano.com\/index.php?rest_route=\/wp\/v2\/posts"}],"about":[{"href":"https:\/\/diariodominicano.com\/index.php?rest_route=\/wp\/v2\/types\/post"}],"author":[{"embeddable":true,"href":"https:\/\/diariodominicano.com\/index.php?rest_route=\/wp\/v2\/users\/2"}],"replies":[{"embeddable":true,"href":"https:\/\/diariodominicano.com\/index.php?rest_route=%2Fwp%2Fv2%2Fcomments&post=596366"}],"version-history":[{"count":1,"href":"https:\/\/diariodominicano.com\/index.php?rest_route=\/wp\/v2\/posts\/596366\/revisions"}],"predecessor-version":[{"id":596368,"href":"https:\/\/diariodominicano.com\/index.php?rest_route=\/wp\/v2\/posts\/596366\/revisions\/596368"}],"wp:featuredmedia":[{"embeddable":true,"href":"https:\/\/diariodominicano.com\/index.php?rest_route=\/wp\/v2\/media\/596367"}],"wp:attachment":[{"href":"https:\/\/diariodominicano.com\/index.php?rest_route=%2Fwp%2Fv2%2Fmedia&parent=596366"}],"wp:term":[{"taxonomy":"category","embeddable":true,"href":"https:\/\/diariodominicano.com\/index.php?rest_route=%2Fwp%2Fv2%2Fcategories&post=596366"},{"taxonomy":"post_tag","embeddable":true,"href":"https:\/\/diariodominicano.com\/index.php?rest_route=%2Fwp%2Fv2%2Ftags&post=596366"}],"curies":[{"name":"wp","href":"https:\/\/api.w.org\/{rel}","templated":true}]}}