{"id":596255,"date":"2025-02-14T12:19:15","date_gmt":"2025-02-14T16:19:15","guid":{"rendered":"https:\/\/diariodominicano.com\/?p=596255"},"modified":"2025-02-14T12:19:17","modified_gmt":"2025-02-14T16:19:17","slug":"adepe-inicia-la-celebracion-de-sus-50-anos-impulsando-el-desarrollo-de-espaillat-junto-al-gobierno","status":"publish","type":"post","link":"https:\/\/diariodominicano.com\/?p=596255","title":{"rendered":"ADEPE inicia la celebraci\u00f3n de sus 50 a\u00f1os impulsando el desarrollo de Espaillat junto al gobierno"},"content":{"rendered":"\n<p><strong>Por: Nicol\u00e1s Grull\u00f3n<\/strong><\/p>\n\n\n\n<p><strong>Moca, Provincia Espaillat.<\/strong> En el marco de la celebraci\u00f3n de su 50 aniversario, la Asociaci\u00f3n para el Desarrollo de la Provincia Espaillat (ADEPE) reafirma su compromiso con el crecimiento sostenible de la regi\u00f3n, destacando su papel como puente entre el sector privado, la sociedad civil y el Gobierno.<\/p>\n\n\n\n<p>Como parte de esta conmemoraci\u00f3n, ADEPE organiz\u00f3 un encuentro con el ministro de la Presidencia, <strong>Jos\u00e9 Ignacio Paliza<\/strong>, para abordar el desarrollo regional y la importancia del plan Meta RD 2036. Durante la reuni\u00f3n donde fue convocada la prensa regional, se analizaron estrategias para fortalecer la econom\u00eda local, fomentar la inversi\u00f3n y promover iniciativas que impacten positivamente en la calidad de vida de los habitantes de Espaillat.<\/p>\n\n\n\n<figure class=\"wp-block-gallery has-nested-images columns-default is-cropped wp-block-gallery-1 is-layout-flex wp-block-gallery-is-layout-flex\">\n<figure class=\"wp-block-image size-large\"><img loading=\"lazy\" decoding=\"async\" width=\"852\" height=\"568\" data-id=\"596263\" src=\"https:\/\/diariodominicano.com\/wp-content\/uploads\/2025\/02\/ADEPE-inicia-la-celebracion-de-sus-50-anos-impulsando-el-desarrollo-Espaillat-junto-al-gobierno.jpg\" alt=\"\" class=\"wp-image-596263\" srcset=\"https:\/\/diariodominicano.com\/wp-content\/uploads\/2025\/02\/ADEPE-inicia-la-celebracion-de-sus-50-anos-impulsando-el-desarrollo-Espaillat-junto-al-gobierno.jpg 852w, https:\/\/diariodominicano.com\/wp-content\/uploads\/2025\/02\/ADEPE-inicia-la-celebracion-de-sus-50-anos-impulsando-el-desarrollo-Espaillat-junto-al-gobierno-300x200.jpg 300w, https:\/\/diariodominicano.com\/wp-content\/uploads\/2025\/02\/ADEPE-inicia-la-celebracion-de-sus-50-anos-impulsando-el-desarrollo-Espaillat-junto-al-gobierno-768x512.jpg 768w, https:\/\/diariodominicano.com\/wp-content\/uploads\/2025\/02\/ADEPE-inicia-la-celebracion-de-sus-50-anos-impulsando-el-desarrollo-Espaillat-junto-al-gobierno-816x544.jpg 816w\" sizes=\"auto, (max-width: 852px) 100vw, 852px\" \/><\/figure>\n<\/figure>\n\n\n\n<p>El presidente de ADEPE, el <strong>Lic. Amable Guzm\u00e1n<\/strong>, resalt\u00f3 la trayectoria de la organizaci\u00f3n como un motor clave en la transformaci\u00f3n socioecon\u00f3mica de la provincia. \u00abDurante cinco d\u00e9cadas, hemos trabajado incansablemente para impulsar el desarrollo productivo y social de nuestra regi\u00f3n. Hoy reafirmamos nuestra misi\u00f3n de ser un actor estrat\u00e9gico en la construcci\u00f3n de un Espaillat m\u00e1s pr\u00f3spero\u00bb, expres\u00f3 Guzm\u00e1n.<\/p>\n\n\n\n<p>Por su parte, el ministro Paliza destac\u00f3 la importancia de la colaboraci\u00f3n entre el Estado y organizaciones como ADEPE para garantizar un desarrollo equilibrado y sostenible. \u00abEl Gobierno reconoce el rol de ADEPE en la consolidaci\u00f3n de una sociedad civil participativa. Su liderazgo ha sido fundamental para que Espaillat se mantenga como un referente en crecimiento econ\u00f3mico y organizaci\u00f3n comunitaria\u00bb, indic\u00f3 Paliza.<\/p>\n\n\n\n<figure class=\"wp-block-gallery has-nested-images columns-default is-cropped wp-block-gallery-2 is-layout-flex wp-block-gallery-is-layout-flex\">\n<figure class=\"wp-block-image size-large\"><img loading=\"lazy\" decoding=\"async\" width=\"852\" height=\"568\" data-id=\"596263\" src=\"https:\/\/diariodominicano.com\/wp-content\/uploads\/2025\/02\/ADEPE-inicia-la-celebracion-de-sus-50-anos-impulsando-el-desarrollo-Espaillat-junto-al-gobierno.jpg\" alt=\"\" class=\"wp-image-596263\" srcset=\"https:\/\/diariodominicano.com\/wp-content\/uploads\/2025\/02\/ADEPE-inicia-la-celebracion-de-sus-50-anos-impulsando-el-desarrollo-Espaillat-junto-al-gobierno.jpg 852w, https:\/\/diariodominicano.com\/wp-content\/uploads\/2025\/02\/ADEPE-inicia-la-celebracion-de-sus-50-anos-impulsando-el-desarrollo-Espaillat-junto-al-gobierno-300x200.jpg 300w, https:\/\/diariodominicano.com\/wp-content\/uploads\/2025\/02\/ADEPE-inicia-la-celebracion-de-sus-50-anos-impulsando-el-desarrollo-Espaillat-junto-al-gobierno-768x512.jpg 768w, https:\/\/diariodominicano.com\/wp-content\/uploads\/2025\/02\/ADEPE-inicia-la-celebracion-de-sus-50-anos-impulsando-el-desarrollo-Espaillat-junto-al-gobierno-816x544.jpg 816w\" sizes=\"auto, (max-width: 852px) 100vw, 852px\" \/><\/figure>\n<\/figure>\n\n\n\n<p>Durante la actividad, el viceministro de Seguimiento y Coordinaci\u00f3n Gubernamental, Luis Madera, present\u00f3 el plan Meta RD 2036, el cual busca duplicar el Producto Interno Bruto (PIB) del pa\u00eds en los pr\u00f3ximos doce a\u00f1os. Como parte de esta estrategia, se propuso la integraci\u00f3n de ADEPE en la mesa agropecuaria, asegurando que las decisiones tomadas reflejen las necesidades y aspiraciones del sector productivo de Espaillat.<\/p>\n\n\n\n<p>En reconocimiento a la riqueza productiva de la provincia, directivos de ADEPE entregaron al ministro Paliza una canasta con productos elaborados en Espaillat, reafirmando el compromiso de la asociaci\u00f3n con el desarrollo econ\u00f3mico local y la promoci\u00f3n de la identidad regional.<\/p>\n\n\n\n<p>Con esta actividad, ADEPE ratifica su posici\u00f3n como un referente de liderazgo y progreso, destacando su papel como facilitador del di\u00e1logo y la acci\u00f3n conjunta para el bienestar de Espaillat y toda la Rep\u00fablica Dominicana. En este inicio del 50 aniversario, la asociaci\u00f3n reafirma su compromiso de seguir construyendo un futuro de oportunidades y crecimiento para la provincia, adem\u00e1s anunci\u00f3 la realizaci\u00f3n de este tipo de eventos en esta gesti\u00f3n administrativa.<\/p>\n\n\n\n<p>NICOLAS GRULLON &lt;<a href=\"mailto:nicolasgrullon@gmail.com\">nicolasgrullon@gmail.com<\/a>&gt;&nbsp;<\/p>\n","protected":false},"excerpt":{"rendered":"<p>Por: Nicol\u00e1s Grull\u00f3n Moca, Provincia Espaillat. En el marco de la celebraci\u00f3n de su 50 aniversario, la Asociaci\u00f3n para el Desarrollo de la Provincia Espaillat (ADEPE) reafirma su compromiso con el crecimiento sostenible de la regi\u00f3n, destacando su papel como puente entre el sector privado, la sociedad civil y el Gobierno. Como parte de esta [&hellip;]<\/p>\n","protected":false},"author":7,"featured_media":596265,"comment_status":"closed","ping_status":"closed","sticky":false,"template":"","format":"standard","meta":{"footnotes":""},"categories":[36],"tags":[1697],"class_list":["post-596255","post","type-post","status-publish","format-standard","has-post-thumbnail","hentry","category-hombresmujeresycosas","tag-adepe"],"_links":{"self":[{"href":"https:\/\/diariodominicano.com\/index.php?rest_route=\/wp\/v2\/posts\/596255","targetHints":{"allow":["GET"]}}],"collection":[{"href":"https:\/\/diariodominicano.com\/index.php?rest_route=\/wp\/v2\/posts"}],"about":[{"href":"https:\/\/diariodominicano.com\/index.php?rest_route=\/wp\/v2\/types\/post"}],"author":[{"embeddable":true,"href":"https:\/\/diariodominicano.com\/index.php?rest_route=\/wp\/v2\/users\/7"}],"replies":[{"embeddable":true,"href":"https:\/\/diariodominicano.com\/index.php?rest_route=%2Fwp%2Fv2%2Fcomments&post=596255"}],"version-history":[{"count":1,"href":"https:\/\/diariodominicano.com\/index.php?rest_route=\/wp\/v2\/posts\/596255\/revisions"}],"predecessor-version":[{"id":596266,"href":"https:\/\/diariodominicano.com\/index.php?rest_route=\/wp\/v2\/posts\/596255\/revisions\/596266"}],"wp:featuredmedia":[{"embeddable":true,"href":"https:\/\/diariodominicano.com\/index.php?rest_route=\/wp\/v2\/media\/596265"}],"wp:attachment":[{"href":"https:\/\/diariodominicano.com\/index.php?rest_route=%2Fwp%2Fv2%2Fmedia&parent=596255"}],"wp:term":[{"taxonomy":"category","embeddable":true,"href":"https:\/\/diariodominicano.com\/index.php?rest_route=%2Fwp%2Fv2%2Fcategories&post=596255"},{"taxonomy":"post_tag","embeddable":true,"href":"https:\/\/diariodominicano.com\/index.php?rest_route=%2Fwp%2Fv2%2Ftags&post=596255"}],"curies":[{"name":"wp","href":"https:\/\/api.w.org\/{rel}","templated":true}]}}