{"id":596037,"date":"2025-02-13T16:58:24","date_gmt":"2025-02-13T20:58:24","guid":{"rendered":"https:\/\/diariodominicano.com\/?p=596037"},"modified":"2025-02-13T16:59:08","modified_gmt":"2025-02-13T20:59:08","slug":"minpre-y-anje-se-reunen-para-dialogar-sobre-temas-clave-para-el-desarrollo-economico-y-social-del-pais-2","status":"publish","type":"post","link":"https:\/\/diariodominicano.com\/?p=596037","title":{"rendered":"MINPRE y ANJE se re\u00fanen para dialogar sobre temas clave para el desarrollo econ\u00f3mico y social del pa\u00eds"},"content":{"rendered":"\n<p>Santo Domingo. &#8211; El ministro de la Presidencia, Jos\u00e9 Ignacio Paliza, encabez\u00f3 este mi\u00e9rcoles una reuni\u00f3n con los miembros de la directiva de la Asociaci\u00f3n Nacional de J\u00f3venes Empresarios (ANJE), en el que se discutieron las metas priorizadas del Gobierno para el per\u00edodo 2024-2028, y se trazaron los puntos de colaboraci\u00f3n en \u00e1reas estrat\u00e9gicas para el desarrollo econ\u00f3mico y social de Rep\u00fablica Dominicana.&nbsp;<\/p>\n\n\n\n<p>Paliza explic\u00f3 que las metas priorizadas por el Gobierno no solo responden a la necesidad de mejorar los indicadores sociales y econ\u00f3micos del pa\u00eds, sino tambi\u00e9n a una visi\u00f3n integral de desarrollo que involucra a todos los sectores de la sociedad. \u201cEl \u00e9xito de las metas que nos hemos propuesto lograr como gobierno en estos pr\u00f3ximos cuatro a\u00f1os, solo ser\u00e1 posible con el esfuerzo conjunto entre los diferentes sectores de la sociedad, y aqu\u00ed los j\u00f3venes y el empresariado juegan un rol fundamental\u201d, afirm\u00f3.&nbsp;<\/p>\n\n\n\n<figure class=\"wp-block-image\"><img decoding=\"async\" src=\"https:\/\/diariodominicano.com\/wp-content\/uploads\/2025\/02\/MINPRE-y-ANJE-se-reunen-para-dialogar-sobre-temas-clave-para-el-desarrollo-economico-y-social-del-pais-1024x683.jpg\" alt=\"\"\/><\/figure>\n\n\n\n<p>En tanto que, la presidenta de ANJE, Claudia Finke, mostr\u00f3 inter\u00e9s en colaborar con el gobierno en \u00e1reas estrat\u00e9gicas como la educaci\u00f3n, el ordenamiento territorial, el tr\u00e1nsito y el medio ambiente. \u201cPara ANJE, como gremio de j\u00f3venes empresarios es importante sostener estos encuentros para continuar aportando ideas innovadoras que contribuyan al cumplimiento de estos objetivos nacionales para lograr el futuro que merecemos como pa\u00eds\u201d, expres\u00f3 Finke.&nbsp;&nbsp;&nbsp;<\/p>\n\n\n\n<p>El ministro Paliza agreg\u00f3 que otros de los esfuerzos que se estar\u00e1n lanzando con mucha fuerza, dentro del Plan Meta RD 2036, es la creaci\u00f3n de mesas sectoriales, emulando as\u00ed las buenas pr\u00e1cticas y experiencias exitosas que se han logrado a trav\u00e9s de los gabinetes ministeriales.<\/p>\n\n\n\n<p>\u201cEstamos comprometidos en generar las condiciones necesarias para mejorar la calidad de vida de nuestros ciudadanos y garantizar un desarrollo econ\u00f3mico inclusivo y sostenible\u201d, concluy\u00f3 el funcionario.&nbsp;<\/p>\n\n\n\n<p>El ministro estuvo acompa\u00f1ado del viceministro de Seguimiento y Coordinaci\u00f3n Gubernamental, Luis Madera; la viceministra de Relaciones Institucionales, Mar\u00eda del Pilar Ca\u00f1as; y el director de Gabinete, Jos\u00e9 Ismael G\u00f3mez. Por parte de ANJE, adem\u00e1s de su presidenta, estuvieron presentes la primera vicepresidenta, Leritza Monsanto; la segunda vicepresidenta, Karina Mancebo; el vicetesorero, Alexis Anselin; el vicesecretario, Boris De Le\u00f3n Reyes; el director, Carlos J. Mart\u00ed Ramos; la directora, Sonia Read; y la Directora Ejecutiva, Sol Disla.&nbsp;&nbsp;<br>Nathaly Su\u00e1rez &lt;<a href=\"mailto:msuarez@anje.org\">msuarez@anje.org<\/a>&gt;<\/p>\n","protected":false},"excerpt":{"rendered":"<p>Santo Domingo. &#8211; El ministro de la Presidencia, Jos\u00e9 Ignacio Paliza, encabez\u00f3 este mi\u00e9rcoles una reuni\u00f3n con los miembros de la directiva de la Asociaci\u00f3n Nacional de J\u00f3venes Empresarios (ANJE), en el que se discutieron las metas priorizadas del Gobierno para el per\u00edodo 2024-2028, y se trazaron los puntos de colaboraci\u00f3n en \u00e1reas estrat\u00e9gicas para [&hellip;]<\/p>\n","protected":false},"author":7,"featured_media":596084,"comment_status":"closed","ping_status":"closed","sticky":true,"template":"","format":"standard","meta":{"footnotes":""},"categories":[18,27],"tags":[1690,1222],"class_list":["post-596037","post","type-post","status-publish","format-standard","has-post-thumbnail","hentry","category-economia","category-portada","tag-anje","tag-minpre"],"_links":{"self":[{"href":"https:\/\/diariodominicano.com\/index.php?rest_route=\/wp\/v2\/posts\/596037","targetHints":{"allow":["GET"]}}],"collection":[{"href":"https:\/\/diariodominicano.com\/index.php?rest_route=\/wp\/v2\/posts"}],"about":[{"href":"https:\/\/diariodominicano.com\/index.php?rest_route=\/wp\/v2\/types\/post"}],"author":[{"embeddable":true,"href":"https:\/\/diariodominicano.com\/index.php?rest_route=\/wp\/v2\/users\/7"}],"replies":[{"embeddable":true,"href":"https:\/\/diariodominicano.com\/index.php?rest_route=%2Fwp%2Fv2%2Fcomments&post=596037"}],"version-history":[{"count":1,"href":"https:\/\/diariodominicano.com\/index.php?rest_route=\/wp\/v2\/posts\/596037\/revisions"}],"predecessor-version":[{"id":596090,"href":"https:\/\/diariodominicano.com\/index.php?rest_route=\/wp\/v2\/posts\/596037\/revisions\/596090"}],"wp:featuredmedia":[{"embeddable":true,"href":"https:\/\/diariodominicano.com\/index.php?rest_route=\/wp\/v2\/media\/596084"}],"wp:attachment":[{"href":"https:\/\/diariodominicano.com\/index.php?rest_route=%2Fwp%2Fv2%2Fmedia&parent=596037"}],"wp:term":[{"taxonomy":"category","embeddable":true,"href":"https:\/\/diariodominicano.com\/index.php?rest_route=%2Fwp%2Fv2%2Fcategories&post=596037"},{"taxonomy":"post_tag","embeddable":true,"href":"https:\/\/diariodominicano.com\/index.php?rest_route=%2Fwp%2Fv2%2Ftags&post=596037"}],"curies":[{"name":"wp","href":"https:\/\/api.w.org\/{rel}","templated":true}]}}