{"id":595905,"date":"2025-02-13T01:57:32","date_gmt":"2025-02-13T05:57:32","guid":{"rendered":"https:\/\/diariodominicano.com\/?p=595905"},"modified":"2025-02-13T01:57:40","modified_gmt":"2025-02-13T05:57:40","slug":"eduardo-sosa-adios-a-un-grande-de-la-trova-cubana","status":"publish","type":"post","link":"https:\/\/diariodominicano.com\/?p=595905","title":{"rendered":"Eduardo Sosa: Adi\u00f3s a un grande de la Trova cubana"},"content":{"rendered":"\n<p>Sosa marc\u00f3, mejor dicho, perfum\u00f3, el escenario musical cubano con la tersura de su voz de altos y claros timbres y sus letras se regodean en la noble &nbsp;fluidez de su poes\u00eda m\u00e1s excelsa<\/p>\n\n\n\n<p>Jos\u00e9 Rafael Sosa<\/p>\n\n\n\n<p>Ha partido una de las voces m\u00e1s altas y hermosas de la trova cubana actual, <strong>Eduardo Sosa<\/strong>, tras sufrir, \u200bel pasado d\u00eda 3 de febrero, un ACV,\u200b que lo condujo a un coma del cual&nbsp;&nbsp;no pudo ser recuperado y que estaba considerado como una de las m\u00e1s altas figuras de la trova cubana actual, esa que sigui\u00f3 los pasos, con su personalidad est\u00e9tica propia, a &nbsp;la primera oleada de &nbsp;<strong>Silvio Rodr\u00edguez, Pablo Milan\u00e9s &nbsp;y Noel Nicola,<\/strong> entre otros.<\/p>\n\n\n\n<p><strong>Sosa,<\/strong> dotado de condiciones excepcionales como creador e int\u00e9rprete de m\u00fasica, hab\u00eda marcado el escenario musical cubano con un aporte caracterizado tanto por la tersura de su voz de tenor popular, de altos y claros timbres, y sus composiciones que se juegan con nobleza con la poes\u00eda social y amorosa m\u00e1s excelsa. Gan\u00f3, al tensar de su voz y su letra el espacio en el pante\u00f3n de los grandes.<\/p>\n\n\n\n<p>Sus conciertos concitaban sentimientos de arraigo nacional, amor tierno y apasionado, el canto a la familia, las canciones del buen vivir y la expresi\u00f3n del detalle observado con aguda visi\u00f3n en torno a la naturaleza humana.&nbsp;Sosa comparti\u00f3 escenario con <strong>Ana Bel\u00e9n, Jos\u00e9 Luis Cort\u00e9s, Pablo Milan\u00e9s, Silvio Rodr\u00edguez, Frank Fern\u00e1ndez, Beatriz M\u00e1rquez, Vicente Feli\u00fa, Pancho Amat, Jos\u00e9 Mar\u00eda Vitier y Ra\u00fal Torres<\/strong>, entre muchas otras figuras de primer nivel.<\/p>\n\n\n\n<p>Se dio a conocer en todo el pa\u00eds por \u00e9xitos como: <strong>\u00abMa\u00f1anitas de monta\u00f1a<\/strong>\u00ab, \u00ab<em>Reto\u00f1o del monte<\/em>\u00ab, <strong>\u00abEl son de Contramaestre<\/strong>\u00bb y \u00ab<strong>A m\u00ed me gusta, compay<\/strong>\u00ab, entre otros, as\u00ed como por su musicalizaci\u00f3n de los versos sencillos de Jos\u00e9 Mart\u00ed y sus fabulosas versiones de temas emblem\u00e1ticos de la cancion\u00edstica cubana, entre las que destaca \u00abLa Bayamesa\u00bb, de Carlos Manuel de C\u00e9spedes, Jos\u00e9 Fornaris y Francisco Castillo.<\/p>\n\n\n\n<p>Comenz\u00f3 su carrera profesional en 1997, con el <strong>D\u00fao Postrova<\/strong>, que de inmediato suscit\u00f3 la atenci\u00f3n de la cr\u00edtica y el p\u00fablico por su originalidad y calidad art\u00edstica.&nbsp; En esa etapa grab\u00f3 dos discos para Caribbean Production y EMI Ode\u00f3n, Espa\u00f1a y particip\u00f3 en el largometraje cubano de ficci\u00f3n <strong>Las profec\u00edas de Amanda,<\/strong> dirigido por Pastor Vega.<\/p>\n\n\n\n<p>Toda Cuba se ha manifestado de luto, desde el presidente <strong>D\u00edaz-Canel<\/strong>, el liderazgo del Congreso, los artistas populares, el d\u00fao <strong>Mala Fe.<\/strong> &nbsp;<strong>Luvia Mar\u00eda Hevia<\/strong> estaba inconsolable. Era su amiga y admiradora de su talento singular. <strong>El Cuarteto Sultasto Guitarras, la orquesta Las Anacaonas y El Septeto Santiaguero<\/strong> plasmaron de igual manera sus condolencias en redes sociales.<\/p>\n\n\n\n<p>En 2003 emprendi\u00f3 su carrera en solitario. Grab\u00f3 otros cuatro \u00e1lbumes y, en 2017, gan\u00f3 el <strong>Premio Cubadisco <\/strong>en la categor\u00eda de Trova, con la producci\u00f3n <strong>Como si fueran m\u00edas<\/strong>, de la casa discogr\u00e1fica Colibr\u00ed.&nbsp;<\/p>\n\n\n\n<p>Por decisi\u00f3n familiar, su cad\u00e1ver fue cremado y se le rendir\u00e1 homenaje p\u00f3stumo en el cine de Mayar\u00ed y, posteriormente, en la Casa de la Trova de Santiago de Cuba. Sus cenizas ser\u00e1n depositadas en el cementerio de Santa Ifigenia.<\/p>\n\n\n\n<p>Como gestor cultural, fue fundador y director del <strong>Festival Pepe S\u00e1nchez<\/strong>, en el que se presentaron\u200b, en Santiago de Cuba a <strong>Sindo Garay, Corona, \u00d1ico Saquito<\/strong> y\u200b otras figuras cumbres de la m\u00fasica&nbsp;cubana.<\/p>\n\n\n\n<p><strong>Sosa<\/strong> no solo comparti\u00f3 su talento, sino que tambi\u00e9n les ense\u00f1\u00f3 a ver el mundo a trav\u00e9s de sus ojos, llenos de pasi\u00f3n y poes\u00eda, con la picard\u00eda de un estilete que se hunde profundo en el cuerpo social para sacar una sonrisa, una reflexi\u00f3n, una identidad con sabor a Cuba.<\/p>\n\n\n\n<p>Condujo, junto a <strong>Marta Campos<\/strong>, el programa televisivo Entre manos, dedicado a la promoci\u00f3n de la canci\u00f3n trovadoresca. Sosa, presidi\u00f3 por m\u00e1s de 10 a\u00f1os el Comit\u00e9 Organizador del Festival de la Trova Pepe S\u00e1nchez, de Santiago de Cuba.<\/p>\n\n\n\n<p>Descansa en Paz Eduardo. Descansa en Paz.<\/p>\n\n\n\n<p>Pies de foto<\/p>\n\n\n\n<p>Eduardo Sosa, cantautor cubano de alta est\u00e9tica, se ha marchado.<\/p>\n\n\n\n<p>&nbsp;VIDEOS<\/p>\n\n\n\n<p>ODA A LA HABANA<\/p>\n\n\n\n<p>&lt;iframe width=\u00bb560&#8243; height=\u00bb315&#8243; src=\u00bbhttps:\/\/www.youtube.com\/embed\/4N-ZEL83frY?si=BHohcuqhPd2QJ1BR\u00bb title=\u00bbYouTube video player\u00bb frameborder=\u00bb0&#8243; allow=\u00bbaccelerometer; autoplay; clipboard-write; encrypted-media; gyroscope; picture-in-picture; web-share\u00bb referrerpolicy=\u00bbstrict-origin-when-cross-origin\u00bb allowfullscreen&gt;&lt;\/iframe&gt;<\/p>\n\n\n\n<p>Ma\u00f1anitas de Monta\u00f1a<\/p>\n\n\n\n<p>&lt;iframe width=\u00bb560&#8243; height=\u00bb315&#8243; src=\u00bbhttps:\/\/www.youtube.com\/embed\/gDDqRFs54sw?si=tnBeBElXzVD233q-\u00bb title=\u00bbYouTube video player\u00bb frameborder=\u00bb0&#8243; allow=\u00bbaccelerometer; autoplay; clipboard-write; encrypted-media; gyroscope; picture-in-picture; web-share\u00bb referrerpolicy=\u00bbstrict-origin-when-cross-origin\u00bb allowfullscreen&gt;&lt;\/iframe&gt;<\/p>\n","protected":false},"excerpt":{"rendered":"<p>Sosa marc\u00f3, mejor dicho, perfum\u00f3, el escenario musical cubano con la tersura de su voz de altos y claros timbres y sus letras se regodean en la noble &nbsp;fluidez de su poes\u00eda m\u00e1s excelsa Jos\u00e9 Rafael Sosa Ha partido una de las voces m\u00e1s altas y hermosas de la trova cubana actual, Eduardo Sosa, tras [&hellip;]<\/p>\n","protected":false},"author":2,"featured_media":595906,"comment_status":"closed","ping_status":"closed","sticky":false,"template":"","format":"standard","meta":{"footnotes":""},"categories":[21,36,26,27],"tags":[],"class_list":["post-595905","post","type-post","status-publish","format-standard","has-post-thumbnail","hentry","category-cultura","category-hombresmujeresycosas","category-efemerides","category-portada"],"_links":{"self":[{"href":"https:\/\/diariodominicano.com\/index.php?rest_route=\/wp\/v2\/posts\/595905","targetHints":{"allow":["GET"]}}],"collection":[{"href":"https:\/\/diariodominicano.com\/index.php?rest_route=\/wp\/v2\/posts"}],"about":[{"href":"https:\/\/diariodominicano.com\/index.php?rest_route=\/wp\/v2\/types\/post"}],"author":[{"embeddable":true,"href":"https:\/\/diariodominicano.com\/index.php?rest_route=\/wp\/v2\/users\/2"}],"replies":[{"embeddable":true,"href":"https:\/\/diariodominicano.com\/index.php?rest_route=%2Fwp%2Fv2%2Fcomments&post=595905"}],"version-history":[{"count":1,"href":"https:\/\/diariodominicano.com\/index.php?rest_route=\/wp\/v2\/posts\/595905\/revisions"}],"predecessor-version":[{"id":595907,"href":"https:\/\/diariodominicano.com\/index.php?rest_route=\/wp\/v2\/posts\/595905\/revisions\/595907"}],"wp:featuredmedia":[{"embeddable":true,"href":"https:\/\/diariodominicano.com\/index.php?rest_route=\/wp\/v2\/media\/595906"}],"wp:attachment":[{"href":"https:\/\/diariodominicano.com\/index.php?rest_route=%2Fwp%2Fv2%2Fmedia&parent=595905"}],"wp:term":[{"taxonomy":"category","embeddable":true,"href":"https:\/\/diariodominicano.com\/index.php?rest_route=%2Fwp%2Fv2%2Fcategories&post=595905"},{"taxonomy":"post_tag","embeddable":true,"href":"https:\/\/diariodominicano.com\/index.php?rest_route=%2Fwp%2Fv2%2Ftags&post=595905"}],"curies":[{"name":"wp","href":"https:\/\/api.w.org\/{rel}","templated":true}]}}