{"id":595860,"date":"2025-02-12T20:49:04","date_gmt":"2025-02-13T00:49:04","guid":{"rendered":"https:\/\/diariodominicano.com\/?p=595860"},"modified":"2025-02-13T01:45:09","modified_gmt":"2025-02-13T05:45:09","slug":"destacadas-personalidades-de-la-sociedad-civil-se-incorporan-a-la-junta-de-directores-del-isfodosu","status":"publish","type":"post","link":"https:\/\/diariodominicano.com\/?p=595860","title":{"rendered":"Personalidades de la sociedad civil se incorporan a la Junta de Directores del Instituto Superior de Formaci\u00f3n Docente Salom\u00e9 Ure\u00f1a"},"content":{"rendered":"\n<p><em>Son  Fausto Rosario Adames, Rolando Guzm\u00e1n, Thelma Camarena, Laura Abreu y Olga Espaillat<\/em><\/p>\n\n\n\n<p>Santo Domingo, RD.- El Instituto Superior de Formaci\u00f3n Docente Salom\u00e9 Ure\u00f1a, ISFODOSU, incorpor\u00f3 a su Junta de Directores a cinco destacadas personalidades de la sociedad civil como nuevos miembros \u201cintuitu personae\u201d, en sustituci\u00f3n de aquellos que agotaron el periodo correspondiente, de acuerdo con lo establecido en el Estatuto Org\u00e1nico de esta entidad desconcentrada del Ministerio de Educaci\u00f3n.<\/p>\n\n\n\n<figure class=\"wp-block-gallery has-nested-images columns-default is-cropped wp-block-gallery-1 is-layout-flex wp-block-gallery-is-layout-flex\">\n<figure class=\"wp-block-image size-large\"><img loading=\"lazy\" decoding=\"async\" width=\"1024\" height=\"682\" data-id=\"595879\" src=\"https:\/\/diariodominicano.com\/wp-content\/uploads\/2025\/02\/Nurys-del-Carmen-Gonzalez-Rectora-de-ISFODOSU-los-nuevos-miembros-de-la-Junta-de-Directores-Rolando-Guzman-Olga-Espaillat-Fausto-Rosario-Adames-Thelma-Camarena-y-Francisco-De-Oleo-viceministro--1024x682.jpeg\" alt=\"\" class=\"wp-image-595879\" srcset=\"https:\/\/diariodominicano.com\/wp-content\/uploads\/2025\/02\/Nurys-del-Carmen-Gonzalez-Rectora-de-ISFODOSU-los-nuevos-miembros-de-la-Junta-de-Directores-Rolando-Guzman-Olga-Espaillat-Fausto-Rosario-Adames-Thelma-Camarena-y-Francisco-De-Oleo-viceministro--1024x682.jpeg 1024w, https:\/\/diariodominicano.com\/wp-content\/uploads\/2025\/02\/Nurys-del-Carmen-Gonzalez-Rectora-de-ISFODOSU-los-nuevos-miembros-de-la-Junta-de-Directores-Rolando-Guzman-Olga-Espaillat-Fausto-Rosario-Adames-Thelma-Camarena-y-Francisco-De-Oleo-viceministro--300x200.jpeg 300w, https:\/\/diariodominicano.com\/wp-content\/uploads\/2025\/02\/Nurys-del-Carmen-Gonzalez-Rectora-de-ISFODOSU-los-nuevos-miembros-de-la-Junta-de-Directores-Rolando-Guzman-Olga-Espaillat-Fausto-Rosario-Adames-Thelma-Camarena-y-Francisco-De-Oleo-viceministro--768x512.jpeg 768w, https:\/\/diariodominicano.com\/wp-content\/uploads\/2025\/02\/Nurys-del-Carmen-Gonzalez-Rectora-de-ISFODOSU-los-nuevos-miembros-de-la-Junta-de-Directores-Rolando-Guzman-Olga-Espaillat-Fausto-Rosario-Adames-Thelma-Camarena-y-Francisco-De-Oleo-viceministro--1536x1023.jpeg 1536w, https:\/\/diariodominicano.com\/wp-content\/uploads\/2025\/02\/Nurys-del-Carmen-Gonzalez-Rectora-de-ISFODOSU-los-nuevos-miembros-de-la-Junta-de-Directores-Rolando-Guzman-Olga-Espaillat-Fausto-Rosario-Adames-Thelma-Camarena-y-Francisco-De-Oleo-viceministro--816x544.jpeg 816w, https:\/\/diariodominicano.com\/wp-content\/uploads\/2025\/02\/Nurys-del-Carmen-Gonzalez-Rectora-de-ISFODOSU-los-nuevos-miembros-de-la-Junta-de-Directores-Rolando-Guzman-Olga-Espaillat-Fausto-Rosario-Adames-Thelma-Camarena-y-Francisco-De-Oleo-viceministro-.jpeg 1600w\" sizes=\"auto, (max-width: 1024px) 100vw, 1024px\" \/><figcaption class=\"wp-element-caption\">Nurys del Carmen Gonz\u00e1lez, Rectora de ISFODOSU; los nuevos miembros de la Junta de Directores: Rolando Guzm\u00e1n, Olga Espaillat, Fausto Rosario Adames, Thelma Camarena y Francisco De \u00d3leo, viceministro de Acreditaci\u00f3n del Minerd <\/figcaption><\/figure>\n<\/figure>\n\n\n\n<p>En un acto encabezado por el representante del ministro de Educaci\u00f3n y presidente de la Junta de Directores del ISFODOSU, Dr. Francisco D\u2019Oleo, y la rectora del ISFODOSU, Dra. Nurys del Carmen Gonz\u00e1lez, fueron juramentados los nuevos miembros, que de manera voluntaria y honor\u00edfica pasan a completar la Junta de Directores de esa entidad especializada en la formaci\u00f3n de profesionales de la educaci\u00f3n.<\/p>\n\n\n\n<figure class=\"wp-block-gallery has-nested-images columns-default is-cropped wp-block-gallery-2 is-layout-flex wp-block-gallery-is-layout-flex\">\n<figure class=\"wp-block-image size-large\"><img loading=\"lazy\" decoding=\"async\" width=\"1024\" height=\"683\" data-id=\"595878\" src=\"https:\/\/diariodominicano.com\/wp-content\/uploads\/2025\/02\/Juramentacion-Laura-Abreu-1024x683.jpg\" alt=\"\" class=\"wp-image-595878\" srcset=\"https:\/\/diariodominicano.com\/wp-content\/uploads\/2025\/02\/Juramentacion-Laura-Abreu-1024x683.jpg 1024w, https:\/\/diariodominicano.com\/wp-content\/uploads\/2025\/02\/Juramentacion-Laura-Abreu-300x200.jpg 300w, https:\/\/diariodominicano.com\/wp-content\/uploads\/2025\/02\/Juramentacion-Laura-Abreu-768x512.jpg 768w, https:\/\/diariodominicano.com\/wp-content\/uploads\/2025\/02\/Juramentacion-Laura-Abreu-1536x1024.jpg 1536w, https:\/\/diariodominicano.com\/wp-content\/uploads\/2025\/02\/Juramentacion-Laura-Abreu-2048x1365.jpg 2048w, https:\/\/diariodominicano.com\/wp-content\/uploads\/2025\/02\/Juramentacion-Laura-Abreu-816x544.jpg 816w\" sizes=\"auto, (max-width: 1024px) 100vw, 1024px\" \/><figcaption class=\"wp-element-caption\">Juramentaci\u00f3n Laura Abreu <\/figcaption><\/figure>\n<\/figure>\n\n\n\n<p>Los nuevos miembros del m\u00e1ximo organismo de gobernanza del ISFODOSU, los reconocidos profesionales Fausto Rosario Adames, Rolando Guzm\u00e1n, Thelma Camarena, Laura Abreu y Olga Espaillat, agradecieron haber sido seleccionados de las ternas presentadas por el pleno de la Junta al Presidente de la Rep\u00fablica, y de esa manera tener la oportunidad realizar aportes a la calidad de la educaci\u00f3n dominicana.<\/p>\n\n\n\n<p>Fausto Rosario Adames es una de las figuras m\u00e1s destacadas del periodismo dominicano, fundador y director del diario digital Acento y el canal Acento TV, con una amplia trayectoria al frente de la comunicaci\u00f3n institucional de organismos de la sociedad civil, as\u00ed como en la docencia en diversas academias de prestigio. Su trayectoria, que ha merecido importantes galardones como el Caonabo de Oro 2017, entre otros, se destaca por el apego a la investigaci\u00f3n rigurosa y un fuerte compromiso con la sociedad y los mejores intereses de la naci\u00f3n.<\/p>\n\n\n\n<p>Rolando Guzm\u00e1n es un destacado economista y educador cuya carrera profesional abarca la administraci\u00f3n p\u00fablica, la gesti\u00f3n privada, la consultor\u00eda y la investigaci\u00f3n econ\u00f3mica y social.&nbsp; Fue rector del Instituto Tecnol\u00f3gico de Santo Domingo, INTEC, y se ha desempe\u00f1ado como docente universitario y como asesor y consultor en entidades nacionales e internacionales, p\u00fablicas y privadas, como la Oficina Nacional de Planificaci\u00f3n, ONAPLAN, el Banco Mundial, el Banco Interamericano de Desarrollo (BID) y la Comisi\u00f3n Econ\u00f3mica para Am\u00e9rica Latina y el Caribe (CEPAL). Ha publicado una decena de libros y m\u00faltiples publicaciones acad\u00e9micas.<\/p>\n\n\n\n<p>De su lado, Laura Abreu es consultora con m\u00e1s de 20 a\u00f1os de experiencia en el \u00e1mbito educativo y de pol\u00edticas p\u00fablicas a nivel global y local, destac\u00e1ndose por su experiencia en la coordinaci\u00f3n de espacios de di\u00e1logo, la facilitaci\u00f3n de procesos de consultas p\u00fablicas y an\u00e1lisis de pol\u00edticas p\u00fablicas, as\u00ed como su participaci\u00f3n en diversos espacios de veedur\u00eda y comisiones de educaci\u00f3n.&nbsp;Ha sido consultora para distintos organismos internacionales y asesora del Ministerio de Educaci\u00f3n, y actualmente es la coordinadora del espacio multisectorial Iniciativa Dominicana por una Educaci\u00f3n de Calidad, IDEC.<\/p>\n\n\n\n<p>Thelma Camarena posee una amplia trayectoria como acad\u00e9mica, docente en diversas entidades de educaci\u00f3n superior, tambi\u00e9n al frente de la Vicerrector\u00eda Ejecutivas y Acad\u00e9micas de la Universidad Dom\u00ednico Americana, UNICDA. Ha sido consultora en el dise\u00f1o de programas y proyectos del Ministerio de Educaci\u00f3n, con experiencia como evaluadora externa nacional e internacional. Actualmente funge como coordinadora del Cat\u00e1logo Nacional de Cualificaciones del Ministerio de la Presidencia.<\/p>\n\n\n\n<p>La educadora Olga Espaillat, es una l\u00edder comunitaria en la Rep\u00fablica Dominicana, con una amplia trayectoria tanto en el \u00e1mbito educativo como en la gesti\u00f3n social. Ha desempe\u00f1ado roles clave como fundadora y directora del Centro de Desarrollo Integral Educare en Moca desde 1987; tambi\u00e9n, como miembro del Consejo Nacional de Educaci\u00f3n, CNE, como presidenta fundadora de la Uni\u00f3n Dominicana de Instituciones Educativas Privadas UDIEP, entre otras iniciativas en favor del pa\u00eds.<\/p>\n\n\n\n<p>La instituci\u00f3n realiz\u00f3 dos ceremonias de despedida para los miembros \u201cintuitu personae\u201d salientes, Radham\u00e9s Mej\u00eda, Rafael Emilio Yun\u00e9n, Juan Tom\u00e1s Tavares, Magdalena Lizardo y Laura Lehoux, que agotaron entre seis y ocho a\u00f1os consecutivos realizando aportes significativos a esa entidad.<\/p>\n\n\n\n<p>El Dr. D\u2019\u00d3leo, en nombre del ministro \u00c1ngel Hern\u00e1ndez, agradeci\u00f3 la labor de los miembros salientes, y destac\u00f3 la importancia de contar con diversos puntos de vistas en el organismo ante la toma de decisiones sobre las distintas iniciativas y acciones del ISFODOSU, pues esa es la naturaleza de la academia.<\/p>\n\n\n\n<p>Asimismo, la rectora del ISFODOSU agradeci\u00f3 a los destacados profesionales del sector empresarial, acad\u00e9mico y educativo por la entrega y dedicaci\u00f3n con las que acompa\u00f1aron el crecimiento y desarrollo del Instituto Superior en su misi\u00f3n de formar maestros de calidad para el sistema educativo nacional durante un tiempo considerable.<\/p>\n\n\n\n<p>Los miembros salientes pusieron de manifiesto la importancia de preservar al ISFODOSU como una entidad mod\u00e9lica en la b\u00fasqueda de la transformaci\u00f3n del sistema educativo dominicano, y manifestaron su satisfacci\u00f3n por haber podido contribuir con su gobernanza y el logro de sus objetivos estrat\u00e9gicos. Asimismo, destacaron la gesti\u00f3n del equipo directivo de la entidad, a cargo de la Dra. Nurys del Carmen Gonz\u00e1lez, as\u00ed como su equipo de vicerrectoras nacionales y vicerrectores ejecutivos de sus seis recintos.<\/p>\n\n\n\n<p>La Junta de Directores del ISFODOSU est\u00e1 integrada por miembros \u201cintuitu personae\u201d, elegidos en raz\u00f3n de sus m\u00e9ritos personales y profesionales con atributos que destaquen por su desempe\u00f1o o experiencias en distintas esferas profesionales, y por miembros \u201cex officio\u201d que ocupan los cargos de Ministro de Educaci\u00f3n o su representante, viceministro (a) de Servicios T\u00e9cnicos y Pedag\u00f3gicos, director (a) de Curr\u00edculo del Minerd, director (a) ejecutivo (a) del INAFOCAM; tambi\u00e9n, de un (a) representante de la Asociaci\u00f3n Dominicana de Profesores, ADP, y el (la) rector (a) en funciones del ISFODOSU.<\/p>\n\n\n\n<p>Actualmente, el organismo lo conforman&nbsp;los miembros intuitu personae \u00c1ngela Espa\u00f1ol, Cheila Valera, Pedro Ag\u00fcero, Jos\u00e9 Alejando Aybar, Fausto Rosario Adames, Rolando Guzm\u00e1n, Laura Abreu, Thelma Camarena y Olga Espaillat.<\/p>\n\n\n\n<p><strong>Miembros salientes destacan institucionalidad en el ISFODOSU<\/strong><\/p>\n\n\n\n<p>En sus palabras de despedida, el Dr. Radham\u00e9s Mej\u00eda, destac\u00f3 la calidad profesional, moral y humana del equipo que conform\u00f3 la Junta de Directores, as\u00ed como el rol fundamental que juega ese organismo para garantizar la institucionalidad del ISFODOSU.<\/p>\n\n\n\n<p>\u201cEso qued\u00f3 evidenciado en los momentos dif\u00edciles que tuvo esta Junta, en los que, con mucha integridad y amor a esta instituci\u00f3n, los miembros supieron defender los mejores intereses de esta instituci\u00f3n que se ha constituido en los \u00faltimos a\u00f1os en un s\u00edmbolo de c\u00f3mo debe ser una instituci\u00f3n de educaci\u00f3n superior en el pa\u00eds\u201d, ponder\u00f3 Mej\u00eda.<\/p>\n\n\n\n<p>De su parte, el Dr. Rafael Emilio Yun\u00e9n, hizo \u00e9nfasis en que la institucionalidad que impera en el ISFODOSU, evidenciada en el cumplimiento de sus reglamentos, normativas, protocolos, que ha permitido que esa entidad se mantenga evolucionando, al margen de cambios pol\u00edticos y sociales.<\/p>\n\n\n\n<p>\u201cEn estos ocho a\u00f1os nosotros vimos un cambio de rector, cuatro cambios de ministros (de Educaci\u00f3n), cinco o seis cambios en los miembros ex officio, sustituciones de colaboradores de ISFODOSU; pasamos una pandemia, elecciones, huracanes, inundaciones, y la instituci\u00f3n se fue manteniendo m\u00e1s s\u00f3lida\u201d, destac\u00f3 Yun\u00e9n, quien a\u00f1adi\u00f3 que para las personas del sector educativo pensar en el ISFODOSU es sin\u00f3nimo de esperanza.<\/p>\n\n\n\n<p>Asimismo, la Dra. Magdalena Lizardo, hizo \u00e9nfasis en el papel de la Junta de Directores del ISFODOSU y su incidencia para garantizar la formaci\u00f3n de calidad de los maestros del pa\u00eds. Tambi\u00e9n, la educadora Laura Lehoux, quien fue miembro de ese organismo desde 2018, manifest\u00f3 su satisfacci\u00f3n por haber sido parte de la toma de decisiones de la instituci\u00f3n y destac\u00f3 que, como directora del Colegio Intelecto, recibe en las aulas a muchos egresados del ISFODOSU a los que destaca por la calidad de su formaci\u00f3n.<\/p>\n","protected":false},"excerpt":{"rendered":"<p>Son Fausto Rosario Adames, Rolando Guzm\u00e1n, Thelma Camarena, Laura Abreu y Olga Espaillat Santo Domingo, RD.- El Instituto Superior de Formaci\u00f3n Docente Salom\u00e9 Ure\u00f1a, ISFODOSU, incorpor\u00f3 a su Junta de Directores a cinco destacadas personalidades de la sociedad civil como nuevos miembros \u201cintuitu personae\u201d, en sustituci\u00f3n de aquellos que agotaron el periodo correspondiente, de acuerdo [&hellip;]<\/p>\n","protected":false},"author":7,"featured_media":595881,"comment_status":"closed","ping_status":"closed","sticky":false,"template":"","format":"standard","meta":{"footnotes":""},"categories":[21],"tags":[551],"class_list":["post-595860","post","type-post","status-publish","format-standard","has-post-thumbnail","hentry","category-cultura","tag-isfodosu"],"_links":{"self":[{"href":"https:\/\/diariodominicano.com\/index.php?rest_route=\/wp\/v2\/posts\/595860","targetHints":{"allow":["GET"]}}],"collection":[{"href":"https:\/\/diariodominicano.com\/index.php?rest_route=\/wp\/v2\/posts"}],"about":[{"href":"https:\/\/diariodominicano.com\/index.php?rest_route=\/wp\/v2\/types\/post"}],"author":[{"embeddable":true,"href":"https:\/\/diariodominicano.com\/index.php?rest_route=\/wp\/v2\/users\/7"}],"replies":[{"embeddable":true,"href":"https:\/\/diariodominicano.com\/index.php?rest_route=%2Fwp%2Fv2%2Fcomments&post=595860"}],"version-history":[{"count":2,"href":"https:\/\/diariodominicano.com\/index.php?rest_route=\/wp\/v2\/posts\/595860\/revisions"}],"predecessor-version":[{"id":595899,"href":"https:\/\/diariodominicano.com\/index.php?rest_route=\/wp\/v2\/posts\/595860\/revisions\/595899"}],"wp:featuredmedia":[{"embeddable":true,"href":"https:\/\/diariodominicano.com\/index.php?rest_route=\/wp\/v2\/media\/595881"}],"wp:attachment":[{"href":"https:\/\/diariodominicano.com\/index.php?rest_route=%2Fwp%2Fv2%2Fmedia&parent=595860"}],"wp:term":[{"taxonomy":"category","embeddable":true,"href":"https:\/\/diariodominicano.com\/index.php?rest_route=%2Fwp%2Fv2%2Fcategories&post=595860"},{"taxonomy":"post_tag","embeddable":true,"href":"https:\/\/diariodominicano.com\/index.php?rest_route=%2Fwp%2Fv2%2Ftags&post=595860"}],"curies":[{"name":"wp","href":"https:\/\/api.w.org\/{rel}","templated":true}]}}