{"id":595835,"date":"2025-02-12T19:56:43","date_gmt":"2025-02-12T23:56:43","guid":{"rendered":"https:\/\/diariodominicano.com\/?p=595835"},"modified":"2025-02-12T19:56:45","modified_gmt":"2025-02-12T23:56:45","slug":"unapec-anuncia-primera-bienal-latinoamericana-del-diseno-curricular-contemporaneo","status":"publish","type":"post","link":"https:\/\/diariodominicano.com\/?p=595835","title":{"rendered":"UNAPEC anuncia Primera Bienal Latinoamericana del Dise\u00f1o Curricular Contempor\u00e1neo"},"content":{"rendered":"\n<p>M\u00e1s de diez (10) universidades de prestigio han confirmado su participaci\u00f3n a este relevante evento que reunir\u00e1 expertos de Am\u00e9rica Latina y el Caribe del sector educativo y empresarial, durante los d\u00edas durante los d\u00edas 12 y 13 de marzo&nbsp;<\/p>\n\n\n\n<p>Bajo el lema&nbsp;<em>Agente Curricular para el Cambio<\/em>&nbsp;analizar\u00e1n la pertinencia de emprender nuevos planes y programas de estudio que reflejen las necesidades cambiantes de la sociedad y el mundo laboral&nbsp;<\/p>\n\n\n\n<p>Y redefinir el enfoque curricular a fin de poder superar modelos tradicionales e identificar enfoques menos r\u00edgidos y desarticulados en busca de formar profesionales adaptables y con visi\u00f3n global.&nbsp;<\/p>\n\n\n\n<figure class=\"wp-block-image size-full is-resized\"><img loading=\"lazy\" decoding=\"async\" width=\"337\" height=\"272\" src=\"https:\/\/diariodominicano.com\/wp-content\/uploads\/2025\/02\/Dr.-Franklyn-Holguin-Hache-rector-de-Unapec.png\" alt=\"\" class=\"wp-image-595845\" style=\"width:614px;height:auto\" srcset=\"https:\/\/diariodominicano.com\/wp-content\/uploads\/2025\/02\/Dr.-Franklyn-Holguin-Hache-rector-de-Unapec.png 337w, https:\/\/diariodominicano.com\/wp-content\/uploads\/2025\/02\/Dr.-Franklyn-Holguin-Hache-rector-de-Unapec-300x242.png 300w\" sizes=\"auto, (max-width: 337px) 100vw, 337px\" \/><figcaption class=\"wp-element-caption\">Dr. Franklyn Holgu\u00edn Hach\u00e9, rector de Unapec <\/figcaption><\/figure>\n\n\n\n<p><strong>Santo Domingo, 2025<\/strong>.&nbsp;La Universidad APEC (UNAPEC), anunci\u00f3 que organiza la I Bienal Latinoamericana del Dise\u00f1o Curricular Contempor\u00e1neo, para los d\u00edas 12 y 13 de marzo, con la participaci\u00f3n de expertos de Am\u00e9rica Latina y el Caribe del sector educativo y empresarial, y de m\u00e1s de diez (10) instituciones de educaci\u00f3n superior.&nbsp;<\/p>\n\n\n\n<p>Enarbolando el lema&nbsp;<em>Agente Curricular para el Cambio<\/em>, el evento que tendr\u00e1 lugar en modalidad virtual, se ha trazado como prop\u00f3sito fundamental erigirse como escenario de encuentro acad\u00e9mico, para la producci\u00f3n de conocimiento curricular en los procesos formativos, lo cual implica la responsabilidad y el compromiso social de dar respuesta a los desaf\u00edos clave que encara la pertinencia de abocarse a una transformaci\u00f3n curricular y\/o cambio que sea competente e innovadora.&nbsp;<\/p>\n\n\n\n<p>Se fundamenta, en que la demanda de nuevos planes y programas de estudio deben reflejar las necesidades cambiantes de la sociedad y el mundo laboral. Por tanto, es preciso redefinir el enfoque curricular a fin de poder superar modelos tradicionales obsoletos, e identificar enfoques estructurales menos r\u00edgidos y desarticulados, en busca de formar profesionales c\u00f3nsonos con la realidad nacional y con visi\u00f3n global.&nbsp;<\/p>\n\n\n\n<p>Al resaltar la relevancia de esta iniciativa, el Dr. Holgu\u00edn Hach\u00e9, afirm\u00f3 que la transformaci\u00f3n curricular no es solo una necesidad, sino una exigencia inaplazable para la construcci\u00f3n de sistemas educativos m\u00e1s pertinentes, flexibles e innovadores.&nbsp;&nbsp;<\/p>\n\n\n\n<p>&lt;&lt; El curr\u00edculo es el principal instrumento de los sistemas educativos para traducir lo que la sociedad necesita, en contenidos, competencias y habilidades espec\u00edficas en t\u00e9rminos de capital humano, y por tanto no puede abordarse de manera aislada, sino como parte de una estrategia integral que incluye la ampliaci\u00f3n y mejora de los recursos para el aprendizaje, el desarrollo profesional de docentes, directores y supervisores, y la evaluaci\u00f3n de la calidad educativa y la eficiencia operativa del sistema &gt;&gt;, plante\u00f3.&nbsp;<\/p>\n\n\n\n<p>Indic\u00f3, que independientemente del enfoque que adopten los sistemas educativos para dise\u00f1ar sus curr\u00edculos, estos deben reflejar los est\u00e1ndares de lo que los estudiantes deben saber y ser capaces de hacer al final de sus periodos formativos.&nbsp;&nbsp;<\/p>\n\n\n\n<p>&lt;&lt; A trav\u00e9s de la participaci\u00f3n de universidades, empresas y organizaciones p\u00fablicas y privadas, se pretende establecer prioridades en los procesos formativos, asegurando que las instituciones educativas respondan de manera efectiva a las demandas del siglo XXI, expuso el rector de Unapec.&nbsp;<\/p>\n\n\n\n<p>Entre los temas a debatir, sobresalen la&nbsp;<em>Integraci\u00f3n de la Inteligencia Artificial en la ense\u00f1anza universitaria<\/em>;&nbsp;<em>El curr\u00edculo en el marco geopol\u00edtico del desarrollo acad\u00e9mico<\/em>;&nbsp;<em>Impacto social del curr\u00edculo y su influencia en el proceso formativo<\/em>;&nbsp;<em>Inserci\u00f3n de microcredenciales en los programas universitario<\/em>s e&nbsp;<em>Innovaci\u00f3n curricular para una formaci\u00f3n integral y din\u00e1mica<\/em>.&nbsp;&nbsp;<\/p>\n\n\n\n<p>Tambi\u00e9n&nbsp;<em>La pr\u00e1ctica como eje articulador entre los actores del curr\u00edculo y<\/em>&nbsp;<em>Personalizaci\u00f3n del aprendizaje: alej\u00e1ndose del modelo \u201ctalla \u00fanica\u201d.<\/em>&nbsp;<\/p>\n\n\n\n<p>&lt;&lt; De ah\u00ed la importancia de este evento, porque nos permitir\u00e1 explorar tanto los desaf\u00edos te\u00f3ricos como pr\u00e1cticos de la innovaci\u00f3n curricular, partiendo de que la forma en la que se eduque y forme a las personas hoy, determinar\u00e1 si los pa\u00edses de la regi\u00f3n podr\u00e1n transformarse y ofrecer mayor prosperidad y oportunidades para todos &gt;&gt;, acot\u00f3 finalmente&nbsp;<em>Yajaira Oviedo<\/em>&nbsp;directora de la Direcci\u00f3n de Desarrollo Curricular de UNAPEC.&nbsp;<\/p>\n\n\n\n<p>El comit\u00e9 organizador de la I Bienal Latinoamericana del Dise\u00f1o Curricular Contempor\u00e1neo est\u00e1 presidido por distinguidos acad\u00e9micos, incluyendo al Dr. Franklyn Holgu\u00edn Hach\u00e9, rector de Unapec, y la Prof. Elsa Mar\u00eda Moquete, vicerrectora Acad\u00e9mica Interina.&nbsp;&nbsp;<\/p>\n\n\n\n<p>La presidencia del comit\u00e9 organizador figura bajo la responsabilidad de&nbsp;<strong>la Dra. Yajaira Oviedo,<\/strong>&nbsp;directora de la Direcci\u00f3n de Desarrollo Curricular, mientras que el comit\u00e9 cient\u00edfico es presidido por la Dra. Regina Tavares, en compa\u00f1\u00eda de las Dras. Nelly Castillo y Elba \u00c1vila, respectivamente.&nbsp;<\/p>\n\n\n\n<p>Destacan, entre las universidades confirmadas, la Pontificia Universidad Cat\u00f3lica Madre y Maestra (PUCMM); la Universidad Iberoamericana (UNIBE); el Instituto Tecnol\u00f3gico de Santo Domingo (INTEC); la Universidad Nacional Pedro Henr\u00edquez Ure\u00f1a (UNPHU); la Universidad Tecnol\u00f3gica de Santiago (UTESA); la Universidad del Caribe (UNICARIBE), y la Universidad Abierta para Adultos (UAPA).\u00a0 <\/p>\n\n\n\n<p><strong>Yakauris Brunilda Suero Tavarez<\/strong>\u00a0&lt;yakauris23@hotmail.com> <\/p>\n","protected":false},"excerpt":{"rendered":"<p>M\u00e1s de diez (10) universidades de prestigio han confirmado su participaci\u00f3n a este relevante evento que reunir\u00e1 expertos de Am\u00e9rica Latina y el Caribe del sector educativo y empresarial, durante los d\u00edas durante los d\u00edas 12 y 13 de marzo&nbsp; Bajo el lema&nbsp;Agente Curricular para el Cambio&nbsp;analizar\u00e1n la pertinencia de emprender nuevos planes y programas [&hellip;]<\/p>\n","protected":false},"author":7,"featured_media":595846,"comment_status":"closed","ping_status":"closed","sticky":false,"template":"","format":"standard","meta":{"footnotes":""},"categories":[21],"tags":[985],"class_list":["post-595835","post","type-post","status-publish","format-standard","has-post-thumbnail","hentry","category-cultura","tag-unapec"],"_links":{"self":[{"href":"https:\/\/diariodominicano.com\/index.php?rest_route=\/wp\/v2\/posts\/595835","targetHints":{"allow":["GET"]}}],"collection":[{"href":"https:\/\/diariodominicano.com\/index.php?rest_route=\/wp\/v2\/posts"}],"about":[{"href":"https:\/\/diariodominicano.com\/index.php?rest_route=\/wp\/v2\/types\/post"}],"author":[{"embeddable":true,"href":"https:\/\/diariodominicano.com\/index.php?rest_route=\/wp\/v2\/users\/7"}],"replies":[{"embeddable":true,"href":"https:\/\/diariodominicano.com\/index.php?rest_route=%2Fwp%2Fv2%2Fcomments&post=595835"}],"version-history":[{"count":1,"href":"https:\/\/diariodominicano.com\/index.php?rest_route=\/wp\/v2\/posts\/595835\/revisions"}],"predecessor-version":[{"id":595847,"href":"https:\/\/diariodominicano.com\/index.php?rest_route=\/wp\/v2\/posts\/595835\/revisions\/595847"}],"wp:featuredmedia":[{"embeddable":true,"href":"https:\/\/diariodominicano.com\/index.php?rest_route=\/wp\/v2\/media\/595846"}],"wp:attachment":[{"href":"https:\/\/diariodominicano.com\/index.php?rest_route=%2Fwp%2Fv2%2Fmedia&parent=595835"}],"wp:term":[{"taxonomy":"category","embeddable":true,"href":"https:\/\/diariodominicano.com\/index.php?rest_route=%2Fwp%2Fv2%2Fcategories&post=595835"},{"taxonomy":"post_tag","embeddable":true,"href":"https:\/\/diariodominicano.com\/index.php?rest_route=%2Fwp%2Fv2%2Ftags&post=595835"}],"curies":[{"name":"wp","href":"https:\/\/api.w.org\/{rel}","templated":true}]}}