{"id":595551,"date":"2025-02-11T20:17:29","date_gmt":"2025-02-12T00:17:29","guid":{"rendered":"https:\/\/diariodominicano.com\/?p=595551"},"modified":"2025-02-12T00:19:59","modified_gmt":"2025-02-12T04:19:59","slug":"subdirector-de-proteccion-social-de-superate-afirmo-reduccion-del-2-4-de-la-poblacion-vulnerable","status":"publish","type":"post","link":"https:\/\/diariodominicano.com\/?p=595551","title":{"rendered":"Subdirector de Protecci\u00f3n Social de Sup\u00e9rate dice  reduce a  2.4%  la poblaci\u00f3n vulnerable"},"content":{"rendered":"\n<p><em>Wailly Lewis indic\u00f3 que los planes interinstitucionales lograron mitigar la pobreza monetaria en el pa\u00eds en 6.89 puntos porcentuales durante la crisis provocada por el Covid19<\/em> <\/p>\n\n\n\n<p><strong>Nueva York, Estados Unidos, 11 de febrero, 2025.-<\/strong>&nbsp;El subdirector de Protecci\u00f3n Social de Sup\u00e9rate, Wailly Lewis,&nbsp;resalt\u00f3, en el Foro Ministerial de las Naciones Unidas, que las iniciativas gubernamentales han logrado una reducci\u00f3n del 2.4% en la poblaci\u00f3n vulnerable promoviendo autosuficiencia econ\u00f3mica y permitiendo la desafiliaci\u00f3n de los programas de protecci\u00f3n social.<\/p>\n\n\n\n<p>Durante una mesa redonda de Alto Nivel sobre seguimiento de la Cumbre Mundial sobre Desarrollo Social, que se celebra en el sal\u00f3n de conferencias n\u00famero 4 del edificio de las Naciones Unidas, Lewis destac\u00f3 que esto ha sido posible, gracias a los planes de optimizaci\u00f3n y focalizaci\u00f3n de los recursos hacia las poblaciones y territorios con mayores necesidades, evitando la dependencia y promoviendo la movilidad social.<\/p>\n\n\n\n<p>\u201cAdem\u00e1s, gracias a un esfuerzo coordinado con diversas instituciones estatales y al impacto de los programas de transferencias monetarias, logramos mitigar la pobreza monetaria en el pa\u00eds en 6.89 puntos porcentuales durante la crisis provocada por la pandemia\u201d, apunt\u00f3.<\/p>\n\n\n\n<p>Asimismo, cit\u00f3 como elementos esenciales para fortalecer la confianza de la poblaci\u00f3n en sus instituciones y en quienes toman las decisiones, la autonom\u00eda econ\u00f3mica y social, la resiliencia ante crisis y la participaci\u00f3n ciudadana en la formulaci\u00f3n de pol\u00edticas.<\/p>\n\n\n\n<p>Record\u00f3 que, en el contexto de la pandemia, en el a\u00f1o 2020, el gobierno dominicano logr\u00f3 alcanzar en promedio al 46.23% de la poblaci\u00f3n total del pa\u00eds, gracias a una serie de programas que ejecut\u00f3 para mitigar los efectos de la crisis, demostrando la importancia de contar con sistemas de protecci\u00f3n social adaptativos, capaces de responder a emergencias.<\/p>\n\n\n\n<p>En el encuentro que busca identificar brechas y oportunidades para cumplir los compromisos de Copenhague y la Agenda 2030, y discutir c\u00f3mo la Segunda Cumbre puede fomentar un consenso global para pol\u00edticas sociales inclusivas y resilientes, el representante del gobierno dominicano indic\u00f3 que estos planes de asistencia social han permitido optimizar la administraci\u00f3n de recursos, fortalecer la transparencia en la gesti\u00f3n p\u00fablica y tomar acciones preventivas que beneficien a los m\u00e1s vulnerables, incluyendo a quienes est\u00e1n en riesgo por el cambio clim\u00e1tico u otros fen\u00f3menos.<\/p>\n\n\n\n<p>\u201cEn este sentido, Sup\u00e9rate ha asumido la responsabilidad de fortalecer la capacidad de respuesta ante desastres naturales y crisis econ\u00f3micas, garantizando la continuidad de las transferencias monetarias y ampliando la cobertura a poblaciones afectadas\u201d, afirm\u00f3.<\/p>\n\n\n\n<p>Sobre el Bono de Emergencia, Lewis explic\u00f3 que en la actualidad el gobierno dominicano, a trav\u00e9s de Sup\u00e9rate, ha llevado protecci\u00f3n social a aproximadamente el 73% de las provincias del pa\u00eds, lo que contribuido con la estabilidad econ\u00f3mica en momentos de crisis.<\/p>\n\n\n\n<p>Resalt\u00f3 que, gracias a un esfuerzo interinstitucional y el impacto de programas de transferencias monetarias, se ha logrado mitigar la pobreza monetaria en el pa\u00eds en 6.89 puntos porcentuales durante la crisis provocada por la pandemia.<\/p>\n\n\n\n<p>El subdirector de Protecci\u00f3n Social de Sup\u00e9rate, Wailly Lewis, reiter\u00f3 el compromiso del gobierno que encabeza Luis Abinader de continuar construyendo pol\u00edticas p\u00fablicas y estrategias innovadoras claves para avanzar hacia la construcci\u00f3n de sociedades m\u00e1s justas, resilientes y en igualdad de condiciones.&#8211;<br><strong>Prensa Sup\u00e9rate<\/strong><\/p>\n\n\n\n<p><strong>Sup\u00e9rate Prensa<\/strong>\u00a0&lt;superateprensa@gmail.com> <\/p>\n","protected":false},"excerpt":{"rendered":"<p>Wailly Lewis indic\u00f3 que los planes interinstitucionales lograron mitigar la pobreza monetaria en el pa\u00eds en 6.89 puntos porcentuales durante la crisis provocada por el Covid19 Nueva York, Estados Unidos, 11 de febrero, 2025.-&nbsp;El subdirector de Protecci\u00f3n Social de Sup\u00e9rate, Wailly Lewis,&nbsp;resalt\u00f3, en el Foro Ministerial de las Naciones Unidas, que las iniciativas gubernamentales han [&hellip;]<\/p>\n","protected":false},"author":7,"featured_media":595604,"comment_status":"closed","ping_status":"closed","sticky":true,"template":"","format":"standard","meta":{"footnotes":""},"categories":[36,20],"tags":[388],"class_list":["post-595551","post","type-post","status-publish","format-standard","has-post-thumbnail","hentry","category-hombresmujeresycosas","category-dominicana-hoy","tag-superate"],"_links":{"self":[{"href":"https:\/\/diariodominicano.com\/index.php?rest_route=\/wp\/v2\/posts\/595551","targetHints":{"allow":["GET"]}}],"collection":[{"href":"https:\/\/diariodominicano.com\/index.php?rest_route=\/wp\/v2\/posts"}],"about":[{"href":"https:\/\/diariodominicano.com\/index.php?rest_route=\/wp\/v2\/types\/post"}],"author":[{"embeddable":true,"href":"https:\/\/diariodominicano.com\/index.php?rest_route=\/wp\/v2\/users\/7"}],"replies":[{"embeddable":true,"href":"https:\/\/diariodominicano.com\/index.php?rest_route=%2Fwp%2Fv2%2Fcomments&post=595551"}],"version-history":[{"count":2,"href":"https:\/\/diariodominicano.com\/index.php?rest_route=\/wp\/v2\/posts\/595551\/revisions"}],"predecessor-version":[{"id":595640,"href":"https:\/\/diariodominicano.com\/index.php?rest_route=\/wp\/v2\/posts\/595551\/revisions\/595640"}],"wp:featuredmedia":[{"embeddable":true,"href":"https:\/\/diariodominicano.com\/index.php?rest_route=\/wp\/v2\/media\/595604"}],"wp:attachment":[{"href":"https:\/\/diariodominicano.com\/index.php?rest_route=%2Fwp%2Fv2%2Fmedia&parent=595551"}],"wp:term":[{"taxonomy":"category","embeddable":true,"href":"https:\/\/diariodominicano.com\/index.php?rest_route=%2Fwp%2Fv2%2Fcategories&post=595551"},{"taxonomy":"post_tag","embeddable":true,"href":"https:\/\/diariodominicano.com\/index.php?rest_route=%2Fwp%2Fv2%2Ftags&post=595551"}],"curies":[{"name":"wp","href":"https:\/\/api.w.org\/{rel}","templated":true}]}}