{"id":595549,"date":"2025-02-11T18:04:59","date_gmt":"2025-02-11T22:04:59","guid":{"rendered":"https:\/\/diariodominicano.com\/?p=595549"},"modified":"2025-02-11T18:05:22","modified_gmt":"2025-02-11T22:05:22","slug":"el-director-de-inefi-traza-plan-para-reapertura-cide-en-moca","status":"publish","type":"post","link":"https:\/\/diariodominicano.com\/?p=595549","title":{"rendered":"El director de INEFI traza plan para reapertura CIDE en Moca"},"content":{"rendered":"\n<p>MOCA, PROVINCIA ESPAILLAT.- El director ejecutivo del Instituto Nacional de Educaci\u00f3n F\u00edsica (INEF), Alberto Rodr\u00edguez Mella, puso en ejecuci\u00f3n un plan de trabajo de la instituci\u00f3n con los monitores escolares de esta ciudad con el objetivo de reactivar el Centro de Iniciaci\u00f3n Deportiva Escolar (CIDE).<\/p>\n\n\n\n<p>En la actividad, Mella escuch\u00f3 las inquietudes de los monitores en torno a la situaci\u00f3n que hoy d\u00eda se encuentra este centro, uno de tres establecidos en el pa\u00eds, entre los que se mencionan el de Bayaguana y San Pedro de Macor\u00eds.<\/p>\n\n\n\n<p>\u00abEste encuentro es para escuchar la opini\u00f3n de la gente, escuchar a los monitores, escuchar a los profesores, a los dirigentes deportivos y hacer acuerdos con las alcald\u00edas de los municipios. Todo nace en las escuelas y desde ah\u00ed se abre a todas las partes con esas inquietudes como en los clubes, las comunidades, as\u00ed como a los ayuntamientos\u00bb, dijo Rodr\u00edguez Mella.<\/p>\n\n\n\n<figure class=\"wp-block-image\"><img decoding=\"async\" src=\"https:\/\/diariodominicano.com\/wp-content\/uploads\/2025\/02\/Alberto-Rodriguez-Mella-director-ejecutivo-del-Instituto-Nacional-de-Educacion-junto-Darlin-Guzman-coordinador-del-INEF-1024x682.jpg\" alt=\"\"\/><\/figure>\n\n\n\n<p>Manifest\u00f3 que, producto de esos clamores, abrir\u00e1n una oficina administrativa del CIDE en esta provincia al igual que la realizaci\u00f3n de un conversatorio con la finalidad de que los monitores escolares y dirigentes deportivos muestren sus inquietudes sobre las faltas a estas necesidades.<\/p>\n\n\n\n<p>\u00abQueremos saber qu\u00e9 se necesita aqu\u00ed y qu\u00e9 tenemos que seguir haciendo de las cosas que est\u00e1n bien y de las que hay que seguir mejorando\u00bb, indic\u00f3 el director ejecutivo del INEFI.<\/p>\n\n\n\n<p>El acto se llev\u00f3 a cabo en el sal\u00f3n multiuso del Estadio Ol\u00edmpico Moca 85, sede del equipo de f\u00fatbol Moca FC.<\/p>\n\n\n\n<p>\u00abNuestro objetivo con este encuentro es buscar la manera de poder relanzar el CIDE de Moca, buscar la forma de que tenga ese esplendor que tuvo en a\u00f1os anteriores y es por ello nuestra presencia aqu\u00ed, de querer escuchar a los actores de c\u00f3mo podemos lograr ese objetivo. Ustedes son los que dan la cara por los estudiantes en las escuelas y son ustedes los que dan las caras por los deportistas en las comunidades. Nosotros, simplemente, somos una herramienta para buscar el aderezo de apoyo\u00bb, puntualiz\u00f3 Rodr\u00edguez Mella.<\/p>\n\n\n\n<p>En el encuentro estuvieron presentes Franklin Duval, subdirector del INEFI; Darlin Guzm\u00e1n, coordinador provincial del INEFI; Nelson Pe\u00f1a, coordinador del CIDE de Moca; Jos\u00e9 Bautista, presidente de Moca FC; Alexis Peguero, presidente de la Federaci\u00f3n Dominicana de Asociaciones de Atletismo, Belkis Candelier Rosario, vicealcaldesa de Moca, y la atleta de alto rendimiento Gina Mambr\u00fa, entre otros.<\/p>\n\n\n\n<p>\u00abEste encuentro trae consigo reajustar lo que es hist\u00f3ricamente este Centro de Iniciaci\u00f3n de Desarrollo Escolar con la finalidad de que nuestros monitores est\u00e9n trabajando de la mano con la instituci\u00f3n. Decir que Alberto Rodr\u00edguez Mella siempre ha estado trabajando con nosotros para estar pendiente de cada una de nuestras necesidades, tanto en utiler\u00edas, remozamientos como tambi\u00e9n en capacitaci\u00f3n de los diferentes monitores que tenemos en el CIDE de Moca\u00bb, se\u00f1al\u00f3 Guzm\u00e1n.<\/p>\n\n\n\n<p>El Centro de Iniciaci\u00f3n Deportiva Escolar (CIDE) de Moca fue inaugurado tras la celebraci\u00f3n de los Juegos Deportivos Nacionales Escolares en 2014 por el entonces incumbente del INEFI, \u00c1ngel Danilo Mesa.<\/p>\n\n\n\n<p>\u00abEste es un encuentro bastante interesante porque de por s\u00ed nos da la oportunidad de plantearle directamente a Alberto Rodr\u00edguez las necesidades y lo que entendemos como soluciones a lo que puede ser problem\u00e1tica o seguir trabajando hacia adelante\u00bb, manifest\u00f3 Nelson Pe\u00f1a, supervisor del CIDE en esta provincia.<\/p>\n\n\n\n<p>PRENSA INEFI <a href=\"mailto:prensainefi@gmail.com\">prensainefi@gmail.com<\/a><\/p>\n","protected":false},"excerpt":{"rendered":"<p>MOCA, PROVINCIA ESPAILLAT.- El director ejecutivo del Instituto Nacional de Educaci\u00f3n F\u00edsica (INEF), Alberto Rodr\u00edguez Mella, puso en ejecuci\u00f3n un plan de trabajo de la instituci\u00f3n con los monitores escolares de esta ciudad con el objetivo de reactivar el Centro de Iniciaci\u00f3n Deportiva Escolar (CIDE). En la actividad, Mella escuch\u00f3 las inquietudes de los monitores [&hellip;]<\/p>\n","protected":false},"author":7,"featured_media":595597,"comment_status":"closed","ping_status":"closed","sticky":false,"template":"","format":"standard","meta":{"footnotes":""},"categories":[17],"tags":[1674,491],"class_list":["post-595549","post","type-post","status-publish","format-standard","has-post-thumbnail","hentry","category-deportes","tag-cide","tag-inefi"],"_links":{"self":[{"href":"https:\/\/diariodominicano.com\/index.php?rest_route=\/wp\/v2\/posts\/595549","targetHints":{"allow":["GET"]}}],"collection":[{"href":"https:\/\/diariodominicano.com\/index.php?rest_route=\/wp\/v2\/posts"}],"about":[{"href":"https:\/\/diariodominicano.com\/index.php?rest_route=\/wp\/v2\/types\/post"}],"author":[{"embeddable":true,"href":"https:\/\/diariodominicano.com\/index.php?rest_route=\/wp\/v2\/users\/7"}],"replies":[{"embeddable":true,"href":"https:\/\/diariodominicano.com\/index.php?rest_route=%2Fwp%2Fv2%2Fcomments&post=595549"}],"version-history":[{"count":1,"href":"https:\/\/diariodominicano.com\/index.php?rest_route=\/wp\/v2\/posts\/595549\/revisions"}],"predecessor-version":[{"id":595600,"href":"https:\/\/diariodominicano.com\/index.php?rest_route=\/wp\/v2\/posts\/595549\/revisions\/595600"}],"wp:featuredmedia":[{"embeddable":true,"href":"https:\/\/diariodominicano.com\/index.php?rest_route=\/wp\/v2\/media\/595597"}],"wp:attachment":[{"href":"https:\/\/diariodominicano.com\/index.php?rest_route=%2Fwp%2Fv2%2Fmedia&parent=595549"}],"wp:term":[{"taxonomy":"category","embeddable":true,"href":"https:\/\/diariodominicano.com\/index.php?rest_route=%2Fwp%2Fv2%2Fcategories&post=595549"},{"taxonomy":"post_tag","embeddable":true,"href":"https:\/\/diariodominicano.com\/index.php?rest_route=%2Fwp%2Fv2%2Ftags&post=595549"}],"curies":[{"name":"wp","href":"https:\/\/api.w.org\/{rel}","templated":true}]}}