{"id":595548,"date":"2025-02-11T17:56:10","date_gmt":"2025-02-11T21:56:10","guid":{"rendered":"https:\/\/diariodominicano.com\/?p=595548"},"modified":"2025-02-11T18:05:48","modified_gmt":"2025-02-11T22:05:48","slug":"la-caasd-deposita-ofrenda-floral-en-el-altar-de-la-patria","status":"publish","type":"post","link":"https:\/\/diariodominicano.com\/?p=595548","title":{"rendered":"La CAASD deposita ofrenda floral en el Altar de la Patria"},"content":{"rendered":"\n<p><strong>Santo Domingo. \u2013<\/strong>&nbsp;Con motivo de la celebraci\u00f3n del Mes de la Patria, la Corporaci\u00f3n del Acueducto y Alcantarillado de Santo Domingo (CAASD) deposit\u00f3 una ofrenda floral en el Altar de la Patria, en honor a los Padres de la Patria y a todos los h\u00e9roes que lucharon por la independencia de la Rep\u00fablica Dominicana.<\/p>\n\n\n\n<p>La actividad estuvo encabezada por el subdirector de la CAASD, Francisco Campusano, quien resalt\u00f3 el compromiso de la CAASD en seguir trabajando por el bienestar de los ciudadanos, garantizando un servicio de agua potable y saneamiento de calidad, al mismo tiempo que se reafirm\u00f3 el compromiso con los valores patrios de justicia, libertad y unidad.<\/p>\n\n\n\n<figure class=\"wp-block-gallery has-nested-images columns-default is-cropped wp-block-gallery-1 is-layout-flex wp-block-gallery-is-layout-flex\">\n<figure class=\"wp-block-image size-large\"><img loading=\"lazy\" decoding=\"async\" width=\"1024\" height=\"683\" data-id=\"595584\" src=\"https:\/\/diariodominicano.com\/wp-content\/uploads\/2025\/02\/La-CAASD-deposita-ofrenda-floral-en-Altar-de-la-Patria-1024x683.jpg\" alt=\"\" class=\"wp-image-595584\" srcset=\"https:\/\/diariodominicano.com\/wp-content\/uploads\/2025\/02\/La-CAASD-deposita-ofrenda-floral-en-Altar-de-la-Patria-1024x683.jpg 1024w, https:\/\/diariodominicano.com\/wp-content\/uploads\/2025\/02\/La-CAASD-deposita-ofrenda-floral-en-Altar-de-la-Patria-300x200.jpg 300w, https:\/\/diariodominicano.com\/wp-content\/uploads\/2025\/02\/La-CAASD-deposita-ofrenda-floral-en-Altar-de-la-Patria-768x512.jpg 768w, https:\/\/diariodominicano.com\/wp-content\/uploads\/2025\/02\/La-CAASD-deposita-ofrenda-floral-en-Altar-de-la-Patria-816x544.jpg 816w, https:\/\/diariodominicano.com\/wp-content\/uploads\/2025\/02\/La-CAASD-deposita-ofrenda-floral-en-Altar-de-la-Patria.jpg 1280w\" sizes=\"auto, (max-width: 1024px) 100vw, 1024px\" \/><\/figure>\n<\/figure>\n\n\n\n<p>\u00abEn este mes de la patria, queremos rendir tributo a nuestros h\u00e9roes nacionales, quienes nos dejaron un legado de valent\u00eda y sacrificio. Desde la CAASD, seguimos trabajando por el desarrollo del pa\u00eds, contribuyendo a la calidad de vida de cada dominicano\u00bb, expres\u00f3 Campusano.<\/p>\n\n\n\n<p>El subdirector exhort\u00f3 a los j\u00f3venes a seguir el ejemplo de sacrificio y unidad de Duarte, S\u00e1nchez y Mella.<\/p>\n\n\n\n<figure class=\"wp-block-gallery has-nested-images columns-default is-cropped wp-block-gallery-2 is-layout-flex wp-block-gallery-is-layout-flex\">\n<figure class=\"wp-block-image size-large\"><img loading=\"lazy\" decoding=\"async\" width=\"1024\" height=\"683\" data-id=\"595585\" src=\"https:\/\/diariodominicano.com\/wp-content\/uploads\/2025\/02\/La-CAASD-deposita-ofrenda-floral-Altar-de-la-Patria-1024x683.jpg\" alt=\"\" class=\"wp-image-595585\" srcset=\"https:\/\/diariodominicano.com\/wp-content\/uploads\/2025\/02\/La-CAASD-deposita-ofrenda-floral-Altar-de-la-Patria-1024x683.jpg 1024w, https:\/\/diariodominicano.com\/wp-content\/uploads\/2025\/02\/La-CAASD-deposita-ofrenda-floral-Altar-de-la-Patria-300x200.jpg 300w, https:\/\/diariodominicano.com\/wp-content\/uploads\/2025\/02\/La-CAASD-deposita-ofrenda-floral-Altar-de-la-Patria-768x512.jpg 768w, https:\/\/diariodominicano.com\/wp-content\/uploads\/2025\/02\/La-CAASD-deposita-ofrenda-floral-Altar-de-la-Patria-816x544.jpg 816w, https:\/\/diariodominicano.com\/wp-content\/uploads\/2025\/02\/La-CAASD-deposita-ofrenda-floral-Altar-de-la-Patria.jpg 1280w\" sizes=\"auto, (max-width: 1024px) 100vw, 1024px\" \/><\/figure>\n<\/figure>\n\n\n\n<p>Campusano estuvo acompa\u00f1ado por un grupo de empleados y funcionarios de la instituci\u00f3n, quienes, con profundo respeto y solemnidad, rindieron homenaje a quienes forjaron la libertad y soberan\u00eda nacional.<\/p>\n\n\n\n<p>\u00abEste acto simb\u00f3lico nos recuerda la importancia de trabajar unidos por el progreso de nuestro pa\u00eds, y nos inspira a continuar luchando por los derechos de todos los dominicanos. Como servidores p\u00fablicos, nuestro mayor honor es contribuir al bienestar de la naci\u00f3n\u00bb, agreg\u00f3 Campusano durante el evento.<\/p>\n\n\n\n<figure class=\"wp-block-gallery has-nested-images columns-default is-cropped wp-block-gallery-3 is-layout-flex wp-block-gallery-is-layout-flex\">\n<figure class=\"wp-block-image size-large\"><img loading=\"lazy\" decoding=\"async\" width=\"1024\" height=\"683\" data-id=\"595583\" src=\"https:\/\/diariodominicano.com\/wp-content\/uploads\/2025\/02\/La-CAASD-deposita-ofrenda-floral-en-el-Altar-de-la-Patria-1024x683.jpg\" alt=\"\" class=\"wp-image-595583\" srcset=\"https:\/\/diariodominicano.com\/wp-content\/uploads\/2025\/02\/La-CAASD-deposita-ofrenda-floral-en-el-Altar-de-la-Patria-1024x683.jpg 1024w, https:\/\/diariodominicano.com\/wp-content\/uploads\/2025\/02\/La-CAASD-deposita-ofrenda-floral-en-el-Altar-de-la-Patria-300x200.jpg 300w, https:\/\/diariodominicano.com\/wp-content\/uploads\/2025\/02\/La-CAASD-deposita-ofrenda-floral-en-el-Altar-de-la-Patria-768x512.jpg 768w, https:\/\/diariodominicano.com\/wp-content\/uploads\/2025\/02\/La-CAASD-deposita-ofrenda-floral-en-el-Altar-de-la-Patria-816x544.jpg 816w, https:\/\/diariodominicano.com\/wp-content\/uploads\/2025\/02\/La-CAASD-deposita-ofrenda-floral-en-el-Altar-de-la-Patria.jpg 1280w\" sizes=\"auto, (max-width: 1024px) 100vw, 1024px\" \/><\/figure>\n<\/figure>\n\n\n\n<p>La ofrenda floral es una de las actividades que la CAASD realiza cada a\u00f1o como parte de su aporte al fortalecimiento de la identidad nacional y al recordatorio de los valores que nos unen como naci\u00f3n.<\/p>\n\n\n\n<p>Se recuerda que la celebraci\u00f3n del Mes de la Patria inicia el 26 de enero y culmina el 9 de marzo de cada a\u00f1o, conmemorando el 27 de febrero, D\u00eda de la Independencia Nacional, y el natalicio de los Padres de la Patria: Juan Pablo Duarte, Francisco del Rosario S\u00e1nchez y Mat\u00edas Ram\u00f3n Mella.<\/p>\n","protected":false},"excerpt":{"rendered":"<p>Santo Domingo. \u2013&nbsp;Con motivo de la celebraci\u00f3n del Mes de la Patria, la Corporaci\u00f3n del Acueducto y Alcantarillado de Santo Domingo (CAASD) deposit\u00f3 una ofrenda floral en el Altar de la Patria, en honor a los Padres de la Patria y a todos los h\u00e9roes que lucharon por la independencia de la Rep\u00fablica Dominicana. La [&hellip;]<\/p>\n","protected":false},"author":7,"featured_media":595586,"comment_status":"closed","ping_status":"closed","sticky":false,"template":"","format":"standard","meta":{"footnotes":""},"categories":[36],"tags":[692],"class_list":["post-595548","post","type-post","status-publish","format-standard","has-post-thumbnail","hentry","category-hombresmujeresycosas","tag-caasd"],"_links":{"self":[{"href":"https:\/\/diariodominicano.com\/index.php?rest_route=\/wp\/v2\/posts\/595548","targetHints":{"allow":["GET"]}}],"collection":[{"href":"https:\/\/diariodominicano.com\/index.php?rest_route=\/wp\/v2\/posts"}],"about":[{"href":"https:\/\/diariodominicano.com\/index.php?rest_route=\/wp\/v2\/types\/post"}],"author":[{"embeddable":true,"href":"https:\/\/diariodominicano.com\/index.php?rest_route=\/wp\/v2\/users\/7"}],"replies":[{"embeddable":true,"href":"https:\/\/diariodominicano.com\/index.php?rest_route=%2Fwp%2Fv2%2Fcomments&post=595548"}],"version-history":[{"count":1,"href":"https:\/\/diariodominicano.com\/index.php?rest_route=\/wp\/v2\/posts\/595548\/revisions"}],"predecessor-version":[{"id":595591,"href":"https:\/\/diariodominicano.com\/index.php?rest_route=\/wp\/v2\/posts\/595548\/revisions\/595591"}],"wp:featuredmedia":[{"embeddable":true,"href":"https:\/\/diariodominicano.com\/index.php?rest_route=\/wp\/v2\/media\/595586"}],"wp:attachment":[{"href":"https:\/\/diariodominicano.com\/index.php?rest_route=%2Fwp%2Fv2%2Fmedia&parent=595548"}],"wp:term":[{"taxonomy":"category","embeddable":true,"href":"https:\/\/diariodominicano.com\/index.php?rest_route=%2Fwp%2Fv2%2Fcategories&post=595548"},{"taxonomy":"post_tag","embeddable":true,"href":"https:\/\/diariodominicano.com\/index.php?rest_route=%2Fwp%2Fv2%2Ftags&post=595548"}],"curies":[{"name":"wp","href":"https:\/\/api.w.org\/{rel}","templated":true}]}}