{"id":595485,"date":"2025-02-11T15:23:44","date_gmt":"2025-02-11T19:23:44","guid":{"rendered":"https:\/\/diariodominicano.com\/?p=595485"},"modified":"2025-02-11T15:23:47","modified_gmt":"2025-02-11T19:23:47","slug":"mas-impacto-y-alcance-para-las-iniciativas-del-bid-con-los-paises-de-centroamerica-panama-y-republica-dominicana","status":"publish","type":"post","link":"https:\/\/diariodominicano.com\/?p=595485","title":{"rendered":"M\u00e1s impacto y alcance para las iniciativas del BID con los pa\u00edses de Centroam\u00e9rica, Panam\u00e1 y Rep\u00fablica Dominicana"},"content":{"rendered":"\n<p>TELA, Honduras \u2013 La ciudad de Tela, Honduras, fue sede de la 38.\u00aa Reuni\u00f3n de los Gobernadores del Banco Interamericano de Desarrollo (BID) de Centroam\u00e9rica, Panam\u00e1 y Rep\u00fablica Dominicana, los cuales incluyen a ministros de Finanzas y Econom\u00eda de la regi\u00f3n. El encuentro se realiz\u00f3 el 10 de febrero en preparaci\u00f3n a las Reuniones Anuales del BID y BID Invest, que tendr\u00e1n lugar del 26 al 30 de marzo en Chile.&nbsp;<\/p>\n\n\n\n<p>En las sesiones, lideradas por el presidente del BID, Ilan Goldfajn, y en las que participaron miembros de la alta administraci\u00f3n y expertos de la instituci\u00f3n, se revisaron el contexto regional, desaf\u00edos clave y las opciones de pol\u00edtica que permitan responder a estos retos.&nbsp;<\/p>\n\n\n\n<figure class=\"wp-block-image\"><img decoding=\"async\" src=\"https:\/\/diariodominicano.com\/wp-content\/uploads\/2025\/02\/Asamblea-CID-Tela-1024x682.jpeg\" alt=\"\"\/><\/figure>\n\n\n\n<p>Centroam\u00e9rica, Panam\u00e1 y la Rep\u00fablica Dominicana demostraron en 2024 su resiliencia, consolidando su recuperaci\u00f3n pospandemia y superando el crecimiento promedio de Am\u00e9rica Latina y el Caribe. Este desempe\u00f1o ha abierto una oportunidad clave para profundizar la integraci\u00f3n regional y fortalecer la competitividad. En este contexto, se presentaron los avances del programa regional <a href=\"https:\/\/www.iadb.org\/es\/quienes-somos\/representaciones-por-pais\/america-en-el-centro\">\u201cAm\u00e9rica en el Centro\u201d<\/a>, creado a pedido de los Gobernadores. El programa se basa en tres pilares:<\/p>\n\n\n\n<ul class=\"wp-block-list\">\n<li>Productividad e integraci\u00f3n econ\u00f3mica,<\/li>\n\n\n\n<li>Adaptaci\u00f3n y resiliencia clim\u00e1tica, y<\/li>\n\n\n\n<li>Desarrollo social de los j\u00f3venes.<\/li>\n<\/ul>\n\n\n\n<p>Como parte del pilar de resiliencia y adaptaci\u00f3n, la reuni\u00f3n tambi\u00e9n abord\u00f3 un paquete integral para mejorar la gesti\u00f3n de riesgos por desastres en la regi\u00f3n.<\/p>\n\n\n\n<p>El equipo ejecutivo del BID tambi\u00e9n present\u00f3 los avances en la agenda BIDImpact+, una reforma que busca ampliar el impacto y la escala del trabajo del Banco mediante el aumento de su capacidad de financiamiento, con un enfoque en la reducci\u00f3n de la pobreza, la lucha contra el cambio clim\u00e1tico y la promoci\u00f3n del crecimiento sostenible. El BID est\u00e1 impulsando diferentes reformas e iniciativas, 11 de las cuales ser\u00e1n presentadas en las pr\u00f3ximas Reuniones Anuales.<\/p>\n\n\n\n<p>Al cierre de la reuni\u00f3n, el presidente Goldfajn afirm\u00f3: \u201cEl BID ha sido durante d\u00e9cadas un socio s\u00f3lido para Centroam\u00e9rica, Panam\u00e1 y la Rep\u00fablica Dominicana, apoyando su resiliencia y crecimiento. Nuestra consulta con los ministros de Finanzas nos ha permitido analizar c\u00f3mo iniciativas como &#8216;Am\u00e9rica en el Centro&#8217; pueden impulsar el crecimiento y la integraci\u00f3n regional y, de manera m\u00e1s amplia, c\u00f3mo nuestras reformas BIDImpact+ pueden ampliar el alcance e impacto de nuestro trabajo, fortaleciendo la capacidad de financiamiento para reducir la pobreza, enfrentar el cambio clim\u00e1tico y promover un desarrollo sostenible\u201d.&nbsp;<\/p>\n\n\n\n<p><strong>Impacto en el desarrollo de la regi\u00f3n&nbsp;<\/strong><\/p>\n\n\n\n<p>En los \u00faltimos a\u00f1os en Centroam\u00e9rica, Panam\u00e1 y la Rep\u00fablica Dominicana, el BID, BID Invest y BID Lab, su laboratorio de innovaci\u00f3n y capital riesgo, han alcanzado logros tales como:<\/p>\n\n\n\n<ul class=\"wp-block-list\">\n<li>2,3 millones de estudiantes beneficiados con programas de desarrollo infantil temprano, escolarizaci\u00f3n y programas educativos de calidad.<\/li>\n\n\n\n<li>M\u00e1s de 15 millones de personas con mejores servicios de salud y nutrici\u00f3n.<\/li>\n\n\n\n<li>3,2 millones de hogares con acceso mejorado a agua y saneamiento.\u00a0<\/li>\n<\/ul>\n\n\n\n<p>En 2024, BID Invest apoy\u00f3 inversiones y moviliz\u00f3 recursos privados en \u00e1reas como la financiaci\u00f3n del comercio y de las cadenas de suministro, emisi\u00f3n de bonos tem\u00e1ticos para financiar proyectos sociales, infraestructura resiliente, energ\u00eda limpia, conectividad digital, turismo sostenible y fortalecimiento del tejido productivo y el empleo.<\/p>\n\n\n\n<p>En tanto, en 2024 BID Lab se centr\u00f3 en la inclusi\u00f3n financiera de grupos vulnerables, la adopci\u00f3n de nuevas tecnolog\u00edas y la digitalizaci\u00f3n de las micro, peque\u00f1as y medianas empresas (mipymes), el aumento de la productividad a trav\u00e9s de compa\u00f1\u00edas tecnol\u00f3gicas y la activaci\u00f3n de nuevos mercados como la econom\u00eda plateada.<\/p>\n\n\n\n<p>Reinoso Nunez, Patricia &lt;<a href=\"mailto:PATRICIAREI@iadb.org\">PATRICIAREI@iadb.org<\/a>&gt;&nbsp;<\/p>\n","protected":false},"excerpt":{"rendered":"<p>TELA, Honduras \u2013 La ciudad de Tela, Honduras, fue sede de la 38.\u00aa Reuni\u00f3n de los Gobernadores del Banco Interamericano de Desarrollo (BID) de Centroam\u00e9rica, Panam\u00e1 y Rep\u00fablica Dominicana, los cuales incluyen a ministros de Finanzas y Econom\u00eda de la regi\u00f3n. El encuentro se realiz\u00f3 el 10 de febrero en preparaci\u00f3n a las Reuniones Anuales [&hellip;]<\/p>\n","protected":false},"author":7,"featured_media":595499,"comment_status":"closed","ping_status":"closed","sticky":false,"template":"","format":"standard","meta":{"footnotes":""},"categories":[18],"tags":[682],"class_list":["post-595485","post","type-post","status-publish","format-standard","has-post-thumbnail","hentry","category-economia","tag-bid"],"_links":{"self":[{"href":"https:\/\/diariodominicano.com\/index.php?rest_route=\/wp\/v2\/posts\/595485","targetHints":{"allow":["GET"]}}],"collection":[{"href":"https:\/\/diariodominicano.com\/index.php?rest_route=\/wp\/v2\/posts"}],"about":[{"href":"https:\/\/diariodominicano.com\/index.php?rest_route=\/wp\/v2\/types\/post"}],"author":[{"embeddable":true,"href":"https:\/\/diariodominicano.com\/index.php?rest_route=\/wp\/v2\/users\/7"}],"replies":[{"embeddable":true,"href":"https:\/\/diariodominicano.com\/index.php?rest_route=%2Fwp%2Fv2%2Fcomments&post=595485"}],"version-history":[{"count":1,"href":"https:\/\/diariodominicano.com\/index.php?rest_route=\/wp\/v2\/posts\/595485\/revisions"}],"predecessor-version":[{"id":595500,"href":"https:\/\/diariodominicano.com\/index.php?rest_route=\/wp\/v2\/posts\/595485\/revisions\/595500"}],"wp:featuredmedia":[{"embeddable":true,"href":"https:\/\/diariodominicano.com\/index.php?rest_route=\/wp\/v2\/media\/595499"}],"wp:attachment":[{"href":"https:\/\/diariodominicano.com\/index.php?rest_route=%2Fwp%2Fv2%2Fmedia&parent=595485"}],"wp:term":[{"taxonomy":"category","embeddable":true,"href":"https:\/\/diariodominicano.com\/index.php?rest_route=%2Fwp%2Fv2%2Fcategories&post=595485"},{"taxonomy":"post_tag","embeddable":true,"href":"https:\/\/diariodominicano.com\/index.php?rest_route=%2Fwp%2Fv2%2Ftags&post=595485"}],"curies":[{"name":"wp","href":"https:\/\/api.w.org\/{rel}","templated":true}]}}