{"id":595288,"date":"2025-02-10T22:02:34","date_gmt":"2025-02-11T02:02:34","guid":{"rendered":"https:\/\/diariodominicano.com\/?p=595288"},"modified":"2025-02-11T01:52:05","modified_gmt":"2025-02-11T05:52:05","slug":"director-provincial-de-deportes-miderec-santiago-lamenta-fallecimientos-de-cronistas-deportivos","status":"publish","type":"post","link":"https:\/\/diariodominicano.com\/?p=595288","title":{"rendered":"Director provincial de deportes MIDEREC-Santiago lamenta fallecimientos de cronistas deportivos"},"content":{"rendered":"\n<p><strong>SANTIAGO DE LOS CABALLEROS, Santiago, Rep\u00fablica Dominicana (10-02-2025).-&nbsp;<\/strong>El director provincial de deportes MIDEREC-Santiago, Tony Pe\u00f1a R, lament\u00f3 con profundo pesar el fallecimiento de los cronistas deportivos, Mendy L\u00f3pez y Juan Jos\u00e9 Tejada, quienes murieron ayer domingo y hoy lunes respectivamente.<\/p>\n\n\n\n<p>L\u00f3pez, narrador por excelencia e hist\u00f3rico de la cadena de radio de Las \u00c1guilas Cibae\u00f1as, falleci\u00f3 el domingo luego de que, hace varios d\u00edas, fue intervenido quir\u00fargicamente de un accidente cerebrovascular, al cual sobrevivi\u00f3 por varios d\u00edas \u201chasta que sucumbi\u00f3\u201d.<\/p>\n\n\n\n<p>\u201cEl respetado hombre del deporte nos deleit\u00f3 con su narraci\u00f3n del b\u00e9isbol profesional con un estilo profesional muy coordinado y con seriedad, que descanse en paz querido profesor\u201d, dijo Pe\u00f1a R.<\/p>\n\n\n\n<p>En lo que se refiere al santiaguense Juan Jos\u00e9 Tejada, destac\u00f3 su personalidad deportiva, apunt\u00f3 que, su trayectoria como locutor y escritor deportivo, sirvi\u00f3 de gu\u00eda para muchos cronistas que hoy en d\u00eda son experimentados locutores y periodistas.<\/p>\n\n\n\n<p>\u201cTejada fue \u00edcono y costumbre como anunciador de Las \u00c1guilas Cibae\u00f1as, llen\u00f3 muchas \u00e9pocas del deporte como cronista y locutor deportivo, escribiendo sobre ese tipo de actividades y archivando todos los diarios escritos que llenaban una sala de su hogar\u201d, destac\u00f3 Pe\u00f1a R, sobre el famoso tejada, un hombre de avanzada edad que falleci\u00f3 la madrugada de este lunes luego de d\u00edas interno en un centro hospitalario de esta ciudad.<\/p>\n\n\n\n<p><strong>Oscar Polanco<\/strong>\u00a0&lt;oscarpolanco.santiagord@gmail.com> <\/p>\n","protected":false},"excerpt":{"rendered":"<p>SANTIAGO DE LOS CABALLEROS, Santiago, Rep\u00fablica Dominicana (10-02-2025).-&nbsp;El director provincial de deportes MIDEREC-Santiago, Tony Pe\u00f1a R, lament\u00f3 con profundo pesar el fallecimiento de los cronistas deportivos, Mendy L\u00f3pez y Juan Jos\u00e9 Tejada, quienes murieron ayer domingo y hoy lunes respectivamente. L\u00f3pez, narrador por excelencia e hist\u00f3rico de la cadena de radio de Las \u00c1guilas Cibae\u00f1as, [&hellip;]<\/p>\n","protected":false},"author":7,"featured_media":577956,"comment_status":"closed","ping_status":"closed","sticky":true,"template":"","format":"standard","meta":{"footnotes":""},"categories":[17,20],"tags":[249],"class_list":["post-595288","post","type-post","status-publish","format-standard","has-post-thumbnail","hentry","category-deportes","category-dominicana-hoy","tag-miderec"],"_links":{"self":[{"href":"https:\/\/diariodominicano.com\/index.php?rest_route=\/wp\/v2\/posts\/595288","targetHints":{"allow":["GET"]}}],"collection":[{"href":"https:\/\/diariodominicano.com\/index.php?rest_route=\/wp\/v2\/posts"}],"about":[{"href":"https:\/\/diariodominicano.com\/index.php?rest_route=\/wp\/v2\/types\/post"}],"author":[{"embeddable":true,"href":"https:\/\/diariodominicano.com\/index.php?rest_route=\/wp\/v2\/users\/7"}],"replies":[{"embeddable":true,"href":"https:\/\/diariodominicano.com\/index.php?rest_route=%2Fwp%2Fv2%2Fcomments&post=595288"}],"version-history":[{"count":2,"href":"https:\/\/diariodominicano.com\/index.php?rest_route=\/wp\/v2\/posts\/595288\/revisions"}],"predecessor-version":[{"id":595303,"href":"https:\/\/diariodominicano.com\/index.php?rest_route=\/wp\/v2\/posts\/595288\/revisions\/595303"}],"wp:featuredmedia":[{"embeddable":true,"href":"https:\/\/diariodominicano.com\/index.php?rest_route=\/wp\/v2\/media\/577956"}],"wp:attachment":[{"href":"https:\/\/diariodominicano.com\/index.php?rest_route=%2Fwp%2Fv2%2Fmedia&parent=595288"}],"wp:term":[{"taxonomy":"category","embeddable":true,"href":"https:\/\/diariodominicano.com\/index.php?rest_route=%2Fwp%2Fv2%2Fcategories&post=595288"},{"taxonomy":"post_tag","embeddable":true,"href":"https:\/\/diariodominicano.com\/index.php?rest_route=%2Fwp%2Fv2%2Ftags&post=595288"}],"curies":[{"name":"wp","href":"https:\/\/api.w.org\/{rel}","templated":true}]}}