{"id":595218,"date":"2025-02-10T13:37:59","date_gmt":"2025-02-10T17:37:59","guid":{"rendered":"https:\/\/diariodominicano.com\/?p=595218"},"modified":"2025-02-10T13:38:38","modified_gmt":"2025-02-10T17:38:38","slug":"realizan-operativo-en-centro-de-privacion-de-libertad-juana-nunez-en-salcedo","status":"publish","type":"post","link":"https:\/\/diariodominicano.com\/?p=595218","title":{"rendered":"Realizan operativo en Centro de Privaci\u00f3n de libertad Juana N\u00fa\u00f1ez en Salcedo"},"content":{"rendered":"\n<p><strong>SAMAN\u00c1 (Rep\u00fablica Dominicana).-<\/strong>&nbsp;<a>El Ministerio P\u00fablico de Hermanas Mirabal, en coordinaci\u00f3n con la Direcci\u00f3n Nacional de Control de Drogas (DNCD), realiz\u00f3 un operativo conjunto en el Centro de Privaci\u00f3n de Libertad Juana N\u00fa\u00f1ez de Salcedo, donde las autoridades actuantes ocuparon sustancias controladas y diferentes objetos il\u00edcitos.<\/a><\/p>\n\n\n\n<p>De acuerdo con datos preliminares, el operativo fue realizado en cuatro celdas del referido centro, donde se ocuparon unas 74 porciones de un polvo blanco presumiblemente coca\u00edna, as\u00ed como 32 tel\u00e9fonos celulares, 3 balanzas, 19 objetos punzantes, 4 bocinas, 13 cajas de cigarrillos y encendedores.<\/p>\n\n\n\n<p>El operativo fue encabezado por los fiscales Pablo Osiris Molina, Jose Orlando Liriano y Cristina Ortiz, as\u00ed como agentes de la Direcci\u00f3n Nacional de Control de Drogas, dirigidos por el teniente coronel Victor Hugo Parra, Polic\u00eda Nacional y Dintel.<\/p>\n\n\n\n<p>Este equipo cont\u00f3, adem\u00e1s con la colaboraci\u00f3n de miembros del Ministerio P\u00fablico de la provincia Espaillat.<\/p>\n\n\n\n<p>La fiscal Zoila Rodr\u00edguez Ynfante, manifest\u00f3 que, con estas iniciativas conjuntas son parte de los esfuerzos para erradicar pr\u00e1cticas irregulares como el trasiego de drogas.&nbsp;<\/p>\n\n\n\n<p><strong>Direcci\u00f3n General de Comunicaci\u00f3n, Prensa, y RRPP<\/strong><strong><\/strong><\/p>\n\n\n\n<p>Ministerio P\u00fablico.&nbsp;R.D.<\/p>\n","protected":false},"excerpt":{"rendered":"<p>SAMAN\u00c1 (Rep\u00fablica Dominicana).-&nbsp;El Ministerio P\u00fablico de Hermanas Mirabal, en coordinaci\u00f3n con la Direcci\u00f3n Nacional de Control de Drogas (DNCD), realiz\u00f3 un operativo conjunto en el Centro de Privaci\u00f3n de Libertad Juana N\u00fa\u00f1ez de Salcedo, donde las autoridades actuantes ocuparon sustancias controladas y diferentes objetos il\u00edcitos. De acuerdo con datos preliminares, el operativo fue realizado en [&hellip;]<\/p>\n","protected":false},"author":7,"featured_media":456880,"comment_status":"closed","ping_status":"closed","sticky":false,"template":"","format":"standard","meta":{"footnotes":""},"categories":[24],"tags":[171],"class_list":["post-595218","post","type-post","status-publish","format-standard","has-post-thumbnail","hentry","category-justicia-y-derecho","tag-ministerio-publico"],"_links":{"self":[{"href":"https:\/\/diariodominicano.com\/index.php?rest_route=\/wp\/v2\/posts\/595218","targetHints":{"allow":["GET"]}}],"collection":[{"href":"https:\/\/diariodominicano.com\/index.php?rest_route=\/wp\/v2\/posts"}],"about":[{"href":"https:\/\/diariodominicano.com\/index.php?rest_route=\/wp\/v2\/types\/post"}],"author":[{"embeddable":true,"href":"https:\/\/diariodominicano.com\/index.php?rest_route=\/wp\/v2\/users\/7"}],"replies":[{"embeddable":true,"href":"https:\/\/diariodominicano.com\/index.php?rest_route=%2Fwp%2Fv2%2Fcomments&post=595218"}],"version-history":[{"count":1,"href":"https:\/\/diariodominicano.com\/index.php?rest_route=\/wp\/v2\/posts\/595218\/revisions"}],"predecessor-version":[{"id":595230,"href":"https:\/\/diariodominicano.com\/index.php?rest_route=\/wp\/v2\/posts\/595218\/revisions\/595230"}],"wp:featuredmedia":[{"embeddable":true,"href":"https:\/\/diariodominicano.com\/index.php?rest_route=\/wp\/v2\/media\/456880"}],"wp:attachment":[{"href":"https:\/\/diariodominicano.com\/index.php?rest_route=%2Fwp%2Fv2%2Fmedia&parent=595218"}],"wp:term":[{"taxonomy":"category","embeddable":true,"href":"https:\/\/diariodominicano.com\/index.php?rest_route=%2Fwp%2Fv2%2Fcategories&post=595218"},{"taxonomy":"post_tag","embeddable":true,"href":"https:\/\/diariodominicano.com\/index.php?rest_route=%2Fwp%2Fv2%2Ftags&post=595218"}],"curies":[{"name":"wp","href":"https:\/\/api.w.org\/{rel}","templated":true}]}}