{"id":595214,"date":"2025-02-10T13:13:41","date_gmt":"2025-02-10T17:13:41","guid":{"rendered":"https:\/\/diariodominicano.com\/?p=595214"},"modified":"2025-02-11T02:16:10","modified_gmt":"2025-02-11T06:16:10","slug":"condenan-a-cinco-anos-de-prision-a-hombre-por-trafico-de-drogas","status":"publish","type":"post","link":"https:\/\/diariodominicano.com\/?p=595214","title":{"rendered":"Condenan a cinco a\u00f1os de prisi\u00f3n a un hombre por tr\u00e1fico de drogas"},"content":{"rendered":"\n<p><strong>SAMAN\u00c1 (Rep\u00fablica Dominicana).-<\/strong>&nbsp;La Fiscal\u00eda de Saman\u00e1 obtuvo una sentencia de cinco a\u00f1os de c\u00e1rcel en contra de un hombre por tr\u00e1fico de drogas y sustancias controladas.<\/p>\n\n\n\n<p>El Tribunal Colegiado esta jurisdicci\u00f3n, integrado por los jueces Edward Jose Soto, Martha Indhira Javier Cedano y Eriberto Luis Jhonson, dict\u00f3 la sentencia en contra de Santos Acosta de Pe\u00f1a, al\u00edas Doyo.<\/p>\n\n\n\n<p>En audiencia, el Ministerio P\u00fablico, representado por Porfiria Espino Calca\u00f1o y Natanael Fr\u00edas, pudo probar que Acosta de Pe\u00f1a incurri\u00f3 en la violaci\u00f3n a art\u00edculos 4-d, 5-a, 28 y 75 P\u00e1rrafo II de la Ley 50-88 sobre Drogas y Sustancias Controladas en la Rep\u00fablica Dominicana.<\/p>\n\n\n\n<p><a>Los hechos se produjeron la tarde del 12 de mayo del a\u00f1o 2021, cuando miembros de la Direcci\u00f3n Nacional de Control de Drogas (DNCD), se encontraban realizando un operativo en la calle principal del paraje El Valle, en el municipio Santa B\u00e1rbara, provincia Saman\u00e1, donde result\u00f3 detenido Acosta de Pe\u00f1a, quien intent\u00f3 emprender la huida a bordo de la motocicleta tipo pasola, color blanco, marca Gato.<\/a><\/p>\n\n\n\n<p>Al ser revisado, en el bolsillo delantero izquierdo de su pantal\u00f3n, tipo bermuda, le fue encontrado un pote pl\u00e1stico, color blanco con tapa de azul, el cual conten\u00eda en su interior 104 porciones de un polvo blanco, envueltas en recortes de funda pl\u00e1stica de color negro con transparente; las cuales, luego de ser analizadas por el Instituto Nacional de Ciencias Forenses (Inacif), resultaron ser coca\u00edna con un peso de 53.10 gramos.<\/p>\n\n\n\n<p><strong>Direcci\u00f3n General de Comunicaci\u00f3n, Prensa, y RRPP<\/strong><strong><\/strong><\/p>\n\n\n\n<p>Ministerio P\u00fablico.&nbsp;R.D.<\/p>\n","protected":false},"excerpt":{"rendered":"<p>SAMAN\u00c1 (Rep\u00fablica Dominicana).-&nbsp;La Fiscal\u00eda de Saman\u00e1 obtuvo una sentencia de cinco a\u00f1os de c\u00e1rcel en contra de un hombre por tr\u00e1fico de drogas y sustancias controladas. El Tribunal Colegiado esta jurisdicci\u00f3n, integrado por los jueces Edward Jose Soto, Martha Indhira Javier Cedano y Eriberto Luis Jhonson, dict\u00f3 la sentencia en contra de Santos Acosta de [&hellip;]<\/p>\n","protected":false},"author":7,"featured_media":495896,"comment_status":"closed","ping_status":"closed","sticky":true,"template":"","format":"standard","meta":{"footnotes":""},"categories":[24],"tags":[171],"class_list":["post-595214","post","type-post","status-publish","format-standard","has-post-thumbnail","hentry","category-justicia-y-derecho","tag-ministerio-publico"],"_links":{"self":[{"href":"https:\/\/diariodominicano.com\/index.php?rest_route=\/wp\/v2\/posts\/595214","targetHints":{"allow":["GET"]}}],"collection":[{"href":"https:\/\/diariodominicano.com\/index.php?rest_route=\/wp\/v2\/posts"}],"about":[{"href":"https:\/\/diariodominicano.com\/index.php?rest_route=\/wp\/v2\/types\/post"}],"author":[{"embeddable":true,"href":"https:\/\/diariodominicano.com\/index.php?rest_route=\/wp\/v2\/users\/7"}],"replies":[{"embeddable":true,"href":"https:\/\/diariodominicano.com\/index.php?rest_route=%2Fwp%2Fv2%2Fcomments&post=595214"}],"version-history":[{"count":2,"href":"https:\/\/diariodominicano.com\/index.php?rest_route=\/wp\/v2\/posts\/595214\/revisions"}],"predecessor-version":[{"id":595345,"href":"https:\/\/diariodominicano.com\/index.php?rest_route=\/wp\/v2\/posts\/595214\/revisions\/595345"}],"wp:featuredmedia":[{"embeddable":true,"href":"https:\/\/diariodominicano.com\/index.php?rest_route=\/wp\/v2\/media\/495896"}],"wp:attachment":[{"href":"https:\/\/diariodominicano.com\/index.php?rest_route=%2Fwp%2Fv2%2Fmedia&parent=595214"}],"wp:term":[{"taxonomy":"category","embeddable":true,"href":"https:\/\/diariodominicano.com\/index.php?rest_route=%2Fwp%2Fv2%2Fcategories&post=595214"},{"taxonomy":"post_tag","embeddable":true,"href":"https:\/\/diariodominicano.com\/index.php?rest_route=%2Fwp%2Fv2%2Ftags&post=595214"}],"curies":[{"name":"wp","href":"https:\/\/api.w.org\/{rel}","templated":true}]}}