{"id":595060,"date":"2025-02-09T23:49:04","date_gmt":"2025-02-10T03:49:04","guid":{"rendered":"https:\/\/diariodominicano.com\/?p=595060"},"modified":"2025-02-09T23:49:09","modified_gmt":"2025-02-10T03:49:09","slug":"ejercito-israeli-asalta-localidades-sirias-y-ataca-base-aerea","status":"publish","type":"post","link":"https:\/\/diariodominicano.com\/?p=595060","title":{"rendered":"Ej\u00e9rcito israel\u00ed asalta localidades sirias y ataca base a\u00e9rea"},"content":{"rendered":"\n<p>Damasco, 9 feb (Prensa Latina) Las fuerzas de ocupaci\u00f3n israel\u00edes atacaron hoy un aeropuerto militar y varias aldeas ubicadas en las provincias de Sweida y Quneitra, en el sudoeste y sur de esta naci\u00f3n levantina.<\/p>\n\n\n\n<ul class=\"wp-block-list\">\n<li><a href=\"https:\/\/www.prensa-latina.cu\/2025\/02\/09\/\"><time>febrero 9, 2025 | 10:05<\/time><\/a><\/li>\n<\/ul>\n\n\n\n<ul class=\"wp-block-list\">\n<li><a href=\"https:\/\/www.prensa-latina.cu\/2025\/02\/09\/ejercito-israeli-asalta-localidades-sirias-y-ataca-base-aerea\/#\"><\/a><\/li>\n\n\n\n<li><a href=\"https:\/\/www.prensa-latina.cu\/2025\/02\/09\/ejercito-israeli-asalta-localidades-sirias-y-ataca-base-aerea\/#\"><\/a><\/li>\n\n\n\n<li><a href=\"https:\/\/www.prensa-latina.cu\/2025\/02\/09\/ejercito-israeli-asalta-localidades-sirias-y-ataca-base-aerea\/#\"><\/a><\/li>\n\n\n\n<li><a href=\"https:\/\/www.prensa-latina.cu\/2025\/02\/09\/ejercito-israeli-asalta-localidades-sirias-y-ataca-base-aerea\/#\"><\/a><\/li>\n<\/ul>\n\n\n\n<p>De acuerdo con reportes de varios medios de prensa locales, una serie de explosiones se escucharon dentro de la base a\u00e9rea de Khelikhleh, ubicada en el norte de Sweida, tras un bombardeo israel\u00ed con misiles.<\/p>\n\n\n\n<p>Por otro lado, tanques israel\u00edes asaltaron algunas zonas rurales de Quneitra cerca de la l\u00ednea de separaci\u00f3n, donde permanecieron durante tres horas antes de retirarse, tras destruir un antiguo emplazamiento militar del ej\u00e9rcito sirio.<\/p>\n\n\n\n<p>Residentes citados por el canal Syria TV informaron que los militares de Tel Aviv entraron en las cercan\u00edas de la aldea de Ain Al-Nouriya, situada al noreste de la ciudad de Khan Arnabeh, y destruyeron una de las antiguas brigadas militares.<\/p>\n\n\n\n<p>La v\u00edspera, un ni\u00f1o de la localidad de Ruwaihina que pastoreaba ovejas result\u00f3 herido por disparos del ej\u00e9rcito israel\u00ed.<\/p>\n\n\n\n<p>Tambi\u00e9n se produjeron tres bombardeos israel\u00edes en varias zonas cerca de esta capital y en la provincia sure\u00f1a de Deraa, lo que provoc\u00f3 p\u00e9rdidas humanas y materiales.<\/p>\n\n\n\n<p>Tras el derrocamiento del gobierno de Bashar Al-Assad el 8 de diciembre \u00faltimo, Israel intensific\u00f3 sus ataques a\u00e9reos para destruir la infraestructura militar y las restantes instalaciones del ej\u00e9rcito sirio, as\u00ed como ampli\u00f3 su ocupaci\u00f3n del Gol\u00e1n.<\/p>\n\n\n\n<p>El Gobierno de Tel Aviv anunci\u00f3 el colapso del acuerdo de separaci\u00f3n de fuerzas de 1974 con Siria y ocup\u00f3 la zona desmilitarizada de amortiguaci\u00f3n de los Altos del Gol\u00e1n, as\u00ed como el Monte Herm\u00f3n, y luego, su ej\u00e9rcito penetr\u00f3 en las zonas rurales de Deraa y Quneitra.<\/p>\n\n\n\n<p>rc\/fm<\/p>\n\n\n\n<ul class=\"wp-block-list\">\n<li>#<a href=\"https:\/\/www.prensa-latina.cu\/etiqueta\/ataques\/\">ataques<\/a>\u00a0#<a href=\"https:\/\/www.prensa-latina.cu\/etiqueta\/damasco\/\">damasco<\/a>\u00a0#<a href=\"https:\/\/www.prensa-latina.cu\/etiqueta\/israel\/\">Israel<\/a>\u00a0#<a href=\"https:\/\/www.prensa-latina.cu\/etiqueta\/siria\/\">siria<\/a><\/li>\n<\/ul>\n","protected":false},"excerpt":{"rendered":"<p>Damasco, 9 feb (Prensa Latina) Las fuerzas de ocupaci\u00f3n israel\u00edes atacaron hoy un aeropuerto militar y varias aldeas ubicadas en las provincias de Sweida y Quneitra, en el sudoeste y sur de esta naci\u00f3n levantina. De acuerdo con reportes de varios medios de prensa locales, una serie de explosiones se escucharon dentro de la base [&hellip;]<\/p>\n","protected":false},"author":28,"featured_media":595061,"comment_status":"closed","ping_status":"closed","sticky":true,"template":"","format":"standard","meta":{"footnotes":""},"categories":[23],"tags":[],"class_list":["post-595060","post","type-post","status-publish","format-standard","has-post-thumbnail","hentry","category-internacional"],"_links":{"self":[{"href":"https:\/\/diariodominicano.com\/index.php?rest_route=\/wp\/v2\/posts\/595060","targetHints":{"allow":["GET"]}}],"collection":[{"href":"https:\/\/diariodominicano.com\/index.php?rest_route=\/wp\/v2\/posts"}],"about":[{"href":"https:\/\/diariodominicano.com\/index.php?rest_route=\/wp\/v2\/types\/post"}],"author":[{"embeddable":true,"href":"https:\/\/diariodominicano.com\/index.php?rest_route=\/wp\/v2\/users\/28"}],"replies":[{"embeddable":true,"href":"https:\/\/diariodominicano.com\/index.php?rest_route=%2Fwp%2Fv2%2Fcomments&post=595060"}],"version-history":[{"count":1,"href":"https:\/\/diariodominicano.com\/index.php?rest_route=\/wp\/v2\/posts\/595060\/revisions"}],"predecessor-version":[{"id":595062,"href":"https:\/\/diariodominicano.com\/index.php?rest_route=\/wp\/v2\/posts\/595060\/revisions\/595062"}],"wp:featuredmedia":[{"embeddable":true,"href":"https:\/\/diariodominicano.com\/index.php?rest_route=\/wp\/v2\/media\/595061"}],"wp:attachment":[{"href":"https:\/\/diariodominicano.com\/index.php?rest_route=%2Fwp%2Fv2%2Fmedia&parent=595060"}],"wp:term":[{"taxonomy":"category","embeddable":true,"href":"https:\/\/diariodominicano.com\/index.php?rest_route=%2Fwp%2Fv2%2Fcategories&post=595060"},{"taxonomy":"post_tag","embeddable":true,"href":"https:\/\/diariodominicano.com\/index.php?rest_route=%2Fwp%2Fv2%2Ftags&post=595060"}],"curies":[{"name":"wp","href":"https:\/\/api.w.org\/{rel}","templated":true}]}}