{"id":594909,"date":"2025-02-09T00:48:53","date_gmt":"2025-02-09T04:48:53","guid":{"rendered":"https:\/\/diariodominicano.com\/?p=594909"},"modified":"2025-02-09T00:51:09","modified_gmt":"2025-02-09T04:51:09","slug":"afp-popular-informa-sigue-invirtiendo-en-el-futuro-y-fortalece-su-portafolio-con-la-adquisicion-de-participaciones-estrategicas-en-egehaina-melia-aes-dominicana-y-cemex-dominicana","status":"publish","type":"post","link":"https:\/\/diariodominicano.com\/?p=594909","title":{"rendered":"AFP Popular  \u00a0sigue invirtiendo en el futuro y fortalece su portafolio con la adquisici\u00f3n de participaciones estrat\u00e9gicas en EGEHaina, Meli\u00e1, AES Dominicana y Cemex Dominicana"},"content":{"rendered":"\n<p> Eduardo Grull\u00f3n, Presidente de AFP Popular<\/p>\n\n\n\n<p>Santo Domingo, RD.- Como un paso de avance en favor de sus afiliados, la AFP Popular dispuso ampliar de manera estrat\u00e9gica &nbsp;su plan de inversiones, con la adquisici\u00f3n a trav\u00e9s de &nbsp;un fondo para esos fines, de una participaci\u00f3n accionaria en EGEHaina, los hoteles Paradisus Palma Real y Zel Punta Cana, propiedad de Meli\u00e1, as\u00ed como en AES Dominicana y Cemex, reafirmando as\u00ed &nbsp;su compromiso con la diversificaci\u00f3n y c<br>el crecimiento de sus inversiones en sectores claves de la econom\u00eda nacionsl.<\/p>\n\n\n\n<figure class=\"wp-block-image size-full\"><img loading=\"lazy\" decoding=\"async\" width=\"770\" height=\"510\" src=\"https:\/\/diariodominicano.com\/wp-content\/uploads\/2025\/02\/7_02_2025.jpg\" alt=\"\" class=\"wp-image-594911\" srcset=\"https:\/\/diariodominicano.com\/wp-content\/uploads\/2025\/02\/7_02_2025.jpg 770w, https:\/\/diariodominicano.com\/wp-content\/uploads\/2025\/02\/7_02_2025-300x199.jpg 300w, https:\/\/diariodominicano.com\/wp-content\/uploads\/2025\/02\/7_02_2025-768x509.jpg 768w\" sizes=\"auto, (max-width: 770px) 100vw, 770px\" \/><\/figure>\n\n\n\n<p>La adquisici\u00f3n de la participaci\u00f3n de EGE Haina y AES Dominicana, empresas l\u00edderes en el sector energ\u00e9tico, refuerza la apuesta de AFP Popular por la transici\u00f3n energ\u00e9tica y la generaci\u00f3n de soluciones sostenibles para el futuro.<\/p>\n\n\n\n<p>La inversi\u00f3n en Meli\u00e1, considerada una de las principales e importantes cadenas hoteleras a nivel global, refleja la confianza en el dinamismo del turismo y la hospitalidad, industrias que contin\u00faan mostrando una recuperaci\u00f3n s\u00f3lida y perspectivas de crecimiento a largo plazo, precisaron a trav\u00e9s de una nota de prensa.<\/p>\n\n\n\n<p>Precisaron, que adicionalmente, la participaci\u00f3n en la adquisici\u00f3n de Cemex Dominicana, considerado un referente mundial en la industria del cemento y materiales de construcci\u00f3n, se alinea con la estrategia de inversi\u00f3n en infraestructura, un sector clave para el desarrollo econ\u00f3mico del pa\u00eds.<\/p>\n\n\n\n<p>El se\u00f1or Eduardo Grull\u00f3n, Presidente de AFP Popular se\u00f1al\u00f3 que estas inversiones \u00abson parte de nuestra visi\u00f3n de crecimiento sostenible y diversificaci\u00f3n estrat\u00e9gica en sectores fundamentales para la econom\u00eda global\u201d indic\u00f3, mientras el se\u00f1or Luis J. Jim\u00e9nez, Vicepresidente Ejecutivo de AFP Popular indic\u00f3 que con estas operaciones \u00abbuscamos generar valor a largo plazo y fortalecer nuestro portafolio con empresas de alto potencial y liderazgo en sus respectivas industrias\u201d destac\u00f3.<\/p>\n\n\n\n<p>Con estas inversiones, AFP Popular consolida su compromiso con la generaci\u00f3n de valor a largo plazo en el Fondo de Pensiones que administra, a trav\u00e9s de inversiones estrat\u00e9gicas y con un firme compromiso con el desarrollo de la Rep\u00fablica Dominicana, concluyeron.<\/p>\n\n\n\n<p>Goldyum Effective28<\/p>\n\n\n\n<p>Goldyum Effective28 ()<\/p>\n\n\n\n<p><a target=\"_blank\" href=\"mailto:goldyum28@gmail.com\" rel=\"noreferrer noopener\">goldyum28@gmail.com<\/a><\/p>\n","protected":false},"excerpt":{"rendered":"<p>Eduardo Grull\u00f3n, Presidente de AFP Popular Santo Domingo, RD.- Como un paso de avance en favor de sus afiliados, la AFP Popular dispuso ampliar de manera estrat\u00e9gica &nbsp;su plan de inversiones, con la adquisici\u00f3n a trav\u00e9s de &nbsp;un fondo para esos fines, de una participaci\u00f3n accionaria en EGEHaina, los hoteles Paradisus Palma Real y Zel [&hellip;]<\/p>\n","protected":false},"author":28,"featured_media":594910,"comment_status":"closed","ping_status":"closed","sticky":true,"template":"","format":"standard","meta":{"footnotes":""},"categories":[36,18,27],"tags":[],"class_list":["post-594909","post","type-post","status-publish","format-standard","has-post-thumbnail","hentry","category-hombresmujeresycosas","category-economia","category-portada"],"_links":{"self":[{"href":"https:\/\/diariodominicano.com\/index.php?rest_route=\/wp\/v2\/posts\/594909","targetHints":{"allow":["GET"]}}],"collection":[{"href":"https:\/\/diariodominicano.com\/index.php?rest_route=\/wp\/v2\/posts"}],"about":[{"href":"https:\/\/diariodominicano.com\/index.php?rest_route=\/wp\/v2\/types\/post"}],"author":[{"embeddable":true,"href":"https:\/\/diariodominicano.com\/index.php?rest_route=\/wp\/v2\/users\/28"}],"replies":[{"embeddable":true,"href":"https:\/\/diariodominicano.com\/index.php?rest_route=%2Fwp%2Fv2%2Fcomments&post=594909"}],"version-history":[{"count":3,"href":"https:\/\/diariodominicano.com\/index.php?rest_route=\/wp\/v2\/posts\/594909\/revisions"}],"predecessor-version":[{"id":594915,"href":"https:\/\/diariodominicano.com\/index.php?rest_route=\/wp\/v2\/posts\/594909\/revisions\/594915"}],"wp:featuredmedia":[{"embeddable":true,"href":"https:\/\/diariodominicano.com\/index.php?rest_route=\/wp\/v2\/media\/594910"}],"wp:attachment":[{"href":"https:\/\/diariodominicano.com\/index.php?rest_route=%2Fwp%2Fv2%2Fmedia&parent=594909"}],"wp:term":[{"taxonomy":"category","embeddable":true,"href":"https:\/\/diariodominicano.com\/index.php?rest_route=%2Fwp%2Fv2%2Fcategories&post=594909"},{"taxonomy":"post_tag","embeddable":true,"href":"https:\/\/diariodominicano.com\/index.php?rest_route=%2Fwp%2Fv2%2Ftags&post=594909"}],"curies":[{"name":"wp","href":"https:\/\/api.w.org\/{rel}","templated":true}]}}