{"id":594850,"date":"2025-02-08T23:10:45","date_gmt":"2025-02-09T03:10:45","guid":{"rendered":"https:\/\/diariodominicano.com\/?p=594850"},"modified":"2025-02-08T23:11:41","modified_gmt":"2025-02-09T03:11:41","slug":"sanchez-roa-revela-que-la-produccion-de-arroz-bajo-en-los-anos-2023-y-2024-siendo-menor-que-la-del-2018","status":"publish","type":"post","link":"https:\/\/diariodominicano.com\/?p=594850","title":{"rendered":"S\u00e1nchez Roa revela que la producci\u00f3n de arroz baj\u00f3 en los a\u00f1os 2023 y 2024, siendo menor que la del 2018"},"content":{"rendered":"\n<p><br>El titular de la Secretar\u00eda Agropecuaria del Partido de la Liberaci\u00f3n Dominicana (PLD) revel\u00f3 que la producci\u00f3n de arroz en el pa\u00eds se redujo en los a\u00f1os 2023 y 2024, al extremo de que el a\u00f1o pasado la importaci\u00f3n super\u00f3 los tres millones de quintales.<\/p>\n\n\n\n<p>El exsenador Adriano S\u00e1nchez Roa, al participar en un programa de televisi\u00f3n, afirm\u00f3 que la producci\u00f3n de arroz de 2018, en el gobierno del presidente Danilo Medina y del PLD, fue mayor que la producci\u00f3n alcanzada en los a\u00f1os 2023 y 2024, bajo la actual administraci\u00f3n del PRM.<\/p>\n\n\n\n<p>S\u00e1nchez Roa, otrora dirigente gremial, critic\u00f3 el deterioro de los servicios de las instituciones del sector agropecuario oficial. Se\u00f1al\u00f3 que el gobierno muestra un af\u00e1n cada vez mayor por realizar enormes importaciones, perjudicando la producci\u00f3n nacional y a los consumidores.<\/p>\n\n\n\n<p>Indic\u00f3 que \u201cel sector agropecuario no anda bien\u201d, y que, como resultado, los precios de los alimentos se han disparado, afectando especialmente a la clase media y a los sectores menos pudientes del pa\u00eds, quienes han reducido el consumo de alimentos b\u00e1sicos.<\/p>\n\n\n\n<p><strong>RD tiene la cuarta canasta m\u00e1s cara de Latinoam\u00e9rica:<\/strong><\/p>\n\n\n\n<p>La Rep\u00fablica Dominicana tiene la cuarta canasta alimentaria m\u00e1s cara de los 18 principales pa\u00edses de Am\u00e9rica Latina, pues ya se sit\u00faa en RD$46,261.42 mensuales, solo superada por Uruguay, Costa Rica y Panam\u00e1.<\/p>\n\n\n\n<p>Mientras tanto, pa\u00edses como M\u00e9xico, Chile, Honduras, El Salvador, Guatemala, Venezuela, Nicaragua, Brasil, Ecuador, Colombia, Per\u00fa, Bolivia, Argentina y Paraguay cuentan con canastas alimentarias m\u00e1s asequibles para sus consumidores.<br><br>S\u00e1nchez Roa tambi\u00e9n explic\u00f3 que, en cuanto a la posibilidad de adquirir alimentos, Rep\u00fablica Dominicana ocupa el lugar 13 de las naciones con menor capacidad adquisitiva en la regi\u00f3n, habiendo registrado aumentos de los precios de los alimentos entre un 44% y un 220% en los \u00faltimos 53 meses.<\/p>\n","protected":false},"excerpt":{"rendered":"<p>El titular de la Secretar\u00eda Agropecuaria del Partido de la Liberaci\u00f3n Dominicana (PLD) revel\u00f3 que la producci\u00f3n de arroz en el pa\u00eds se redujo en los a\u00f1os 2023 y 2024, al extremo de que el a\u00f1o pasado la importaci\u00f3n super\u00f3 los tres millones de quintales. El exsenador Adriano S\u00e1nchez Roa, al participar en un programa [&hellip;]<\/p>\n","protected":false},"author":7,"featured_media":591238,"comment_status":"closed","ping_status":"closed","sticky":false,"template":"","format":"standard","meta":{"footnotes":""},"categories":[22],"tags":[1509],"class_list":["post-594850","post","type-post","status-publish","format-standard","has-post-thumbnail","hentry","category-politica","tag-adriano-sanchez-roa"],"_links":{"self":[{"href":"https:\/\/diariodominicano.com\/index.php?rest_route=\/wp\/v2\/posts\/594850","targetHints":{"allow":["GET"]}}],"collection":[{"href":"https:\/\/diariodominicano.com\/index.php?rest_route=\/wp\/v2\/posts"}],"about":[{"href":"https:\/\/diariodominicano.com\/index.php?rest_route=\/wp\/v2\/types\/post"}],"author":[{"embeddable":true,"href":"https:\/\/diariodominicano.com\/index.php?rest_route=\/wp\/v2\/users\/7"}],"replies":[{"embeddable":true,"href":"https:\/\/diariodominicano.com\/index.php?rest_route=%2Fwp%2Fv2%2Fcomments&post=594850"}],"version-history":[{"count":1,"href":"https:\/\/diariodominicano.com\/index.php?rest_route=\/wp\/v2\/posts\/594850\/revisions"}],"predecessor-version":[{"id":594851,"href":"https:\/\/diariodominicano.com\/index.php?rest_route=\/wp\/v2\/posts\/594850\/revisions\/594851"}],"wp:featuredmedia":[{"embeddable":true,"href":"https:\/\/diariodominicano.com\/index.php?rest_route=\/wp\/v2\/media\/591238"}],"wp:attachment":[{"href":"https:\/\/diariodominicano.com\/index.php?rest_route=%2Fwp%2Fv2%2Fmedia&parent=594850"}],"wp:term":[{"taxonomy":"category","embeddable":true,"href":"https:\/\/diariodominicano.com\/index.php?rest_route=%2Fwp%2Fv2%2Fcategories&post=594850"},{"taxonomy":"post_tag","embeddable":true,"href":"https:\/\/diariodominicano.com\/index.php?rest_route=%2Fwp%2Fv2%2Ftags&post=594850"}],"curies":[{"name":"wp","href":"https:\/\/api.w.org\/{rel}","templated":true}]}}