{"id":594828,"date":"2025-02-08T22:07:35","date_gmt":"2025-02-09T02:07:35","guid":{"rendered":"https:\/\/diariodominicano.com\/?p=594828"},"modified":"2025-02-08T22:08:15","modified_gmt":"2025-02-09T02:08:15","slug":"coe-emitio-un-nivel-de-alerta-amarilla-para-las-costas-de-republica-dominicana","status":"publish","type":"post","link":"https:\/\/diariodominicano.com\/?p=594828","title":{"rendered":"COE emite un nivel de alerta amarilla  para las costas de Rep\u00fablica Dominicana"},"content":{"rendered":"\n<p>El Centro de Operaciones de Emergencia, COE, emiti\u00f3 un nivel de alerta amarilla para toda las costas del pa\u00eds, debido a que el INDOMET ha emitido un aviso de Tsunami por la ocurrencia de un sismo de magnitud 7.6 al norte de Honduras.<\/p>\n\n\n\n<p>En ese sentido, se recomienda a los residentes en las costas movilizarse a zonas m\u00e1s altas, de ser posible por encima de los 20 metros de altura o 2 kil\u00f3metros tierra adentro y que estar atentos a las actualizaciones y recomendaciones de las autoridades competentes.<\/p>\n\n\n\n<p>Asimismo, las peque\u00f1as y medianas embarcaciones deben abstenerse de zarpar durante las siguientes horas despu\u00e9s de ocurrido el sismo, debido a que el tsunami puede generar fuertes corrientes oce\u00e1nicas.<\/p>\n\n\n\n<p>Tambi\u00e9n se recomienda alejarse de r\u00edos y lagunas costeras ya que las olas de tsunami pueden penetrar por tierra adentro.<\/p>\n\n\n\n<p>COE <\/p>\n","protected":false},"excerpt":{"rendered":"<p>El Centro de Operaciones de Emergencia, COE, emiti\u00f3 un nivel de alerta amarilla para toda las costas del pa\u00eds, debido a que el INDOMET ha emitido un aviso de Tsunami por la ocurrencia de un sismo de magnitud 7.6 al norte de Honduras. En ese sentido, se recomienda a los residentes en las costas movilizarse [&hellip;]<\/p>\n","protected":false},"author":7,"featured_media":0,"comment_status":"closed","ping_status":"closed","sticky":false,"template":"","format":"standard","meta":{"footnotes":""},"categories":[20],"tags":[1658],"class_list":["post-594828","post","type-post","status-publish","format-standard","hentry","category-dominicana-hoy","tag-coe"],"_links":{"self":[{"href":"https:\/\/diariodominicano.com\/index.php?rest_route=\/wp\/v2\/posts\/594828","targetHints":{"allow":["GET"]}}],"collection":[{"href":"https:\/\/diariodominicano.com\/index.php?rest_route=\/wp\/v2\/posts"}],"about":[{"href":"https:\/\/diariodominicano.com\/index.php?rest_route=\/wp\/v2\/types\/post"}],"author":[{"embeddable":true,"href":"https:\/\/diariodominicano.com\/index.php?rest_route=\/wp\/v2\/users\/7"}],"replies":[{"embeddable":true,"href":"https:\/\/diariodominicano.com\/index.php?rest_route=%2Fwp%2Fv2%2Fcomments&post=594828"}],"version-history":[{"count":2,"href":"https:\/\/diariodominicano.com\/index.php?rest_route=\/wp\/v2\/posts\/594828\/revisions"}],"predecessor-version":[{"id":594840,"href":"https:\/\/diariodominicano.com\/index.php?rest_route=\/wp\/v2\/posts\/594828\/revisions\/594840"}],"wp:attachment":[{"href":"https:\/\/diariodominicano.com\/index.php?rest_route=%2Fwp%2Fv2%2Fmedia&parent=594828"}],"wp:term":[{"taxonomy":"category","embeddable":true,"href":"https:\/\/diariodominicano.com\/index.php?rest_route=%2Fwp%2Fv2%2Fcategories&post=594828"},{"taxonomy":"post_tag","embeddable":true,"href":"https:\/\/diariodominicano.com\/index.php?rest_route=%2Fwp%2Fv2%2Ftags&post=594828"}],"curies":[{"name":"wp","href":"https:\/\/api.w.org\/{rel}","templated":true}]}}