{"id":594827,"date":"2025-02-08T21:51:51","date_gmt":"2025-02-09T01:51:51","guid":{"rendered":"https:\/\/diariodominicano.com\/?p=594827"},"modified":"2025-12-29T02:13:48","modified_gmt":"2025-12-29T06:13:48","slug":"sismo-de-magnitud-76-en-el-caribe-activa-un-aviso-de-tsunami-para-puerto-rico-y-las-islas-virgenes","status":"publish","type":"post","link":"https:\/\/diariodominicano.com\/?p=594827","title":{"rendered":"Sismo de magnitud 7,6 en el Caribe activa un aviso de tsunami para Puerto Rico y las Islas V\u00edrgenes"},"content":{"rendered":"\n<p>CNNE &#8211; CNN <\/p>\n\n\n\n<p>Un sismo con una magnitud de 7,6 ocurri\u00f3 a 207 kil\u00f3metros al suroeste de Georgetown, Islas Caim\u00e1n, a las 6:23 p.m. de Miami el s\u00e1bado 8 de febrero de 2025, de acuerdo con el Servicio Geol\u00f3gico de Estados Unidos (USGS).<\/p>\n\n\n\n<p>Con base en todos los datos disponibles, existe una amenaza de tsunami para Puerto Rico y las Islas V\u00edrgenes, ya que las fluctuaciones del nivel del mar y las fuertes corrientes oce\u00e1nicas podr\u00edan ser un peligro a lo largo de las costas, playas, en puertos y en aguas costeras.<\/p>\n\n\n\n<p>Seg\u00fan el Centro Nacional de Alerta de Tsunamis de EE.UU. (NTWC, por sus siglas en ingl\u00e9s), la hora estimada m\u00e1s temprana en que las fluctuaciones peligrosas del nivel del mar y las fuertes corrientes oce\u00e1nicas pueden comenzar en Puerto Rico y las Islas V\u00edrgenes es a las 8:48 p.m. de Miami el s\u00e1bado 8 de febrero de 2025.<\/p>\n\n\n\n<p>La generaci\u00f3n de olas de tsunami a\u00fan no ha sido confirmada, y el NTWC est\u00e1 monitoreando para evaluar la amenaza del mismo.<\/p>\n\n\n\n<p>Se aconseja a los residentes de Puerto Rico y las Islas V\u00edrgenes que se alejen del agua, de la playa y de los puertos, marinas, bah\u00edas y ensenadas y que no se acerquen a la costa para observar el tsunami.<\/p>\n\n\n\n<p>Esta es una historia en desarrollo y se actualizar\u00e1. <\/p>\n","protected":false},"excerpt":{"rendered":"<p>CNNE &#8211; CNN Un sismo con una magnitud de 7,6 ocurri\u00f3 a 207 kil\u00f3metros al suroeste de Georgetown, Islas Caim\u00e1n, a las 6:23 p.m. de Miami el s\u00e1bado 8 de febrero de 2025, de acuerdo con el Servicio Geol\u00f3gico de Estados Unidos (USGS). Con base en todos los datos disponibles, existe una amenaza de tsunami [&hellip;]<\/p>\n","protected":false},"author":7,"featured_media":594837,"comment_status":"closed","ping_status":"closed","sticky":false,"template":"","format":"standard","meta":{"footnotes":""},"categories":[23],"tags":[3879,3599],"class_list":["post-594827","post","type-post","status-publish","format-standard","has-post-thumbnail","hentry","category-internacional","tag-las-islas-virgenes","tag-puerto-rico"],"_links":{"self":[{"href":"https:\/\/diariodominicano.com\/index.php?rest_route=\/wp\/v2\/posts\/594827","targetHints":{"allow":["GET"]}}],"collection":[{"href":"https:\/\/diariodominicano.com\/index.php?rest_route=\/wp\/v2\/posts"}],"about":[{"href":"https:\/\/diariodominicano.com\/index.php?rest_route=\/wp\/v2\/types\/post"}],"author":[{"embeddable":true,"href":"https:\/\/diariodominicano.com\/index.php?rest_route=\/wp\/v2\/users\/7"}],"replies":[{"embeddable":true,"href":"https:\/\/diariodominicano.com\/index.php?rest_route=%2Fwp%2Fv2%2Fcomments&post=594827"}],"version-history":[{"count":1,"href":"https:\/\/diariodominicano.com\/index.php?rest_route=\/wp\/v2\/posts\/594827\/revisions"}],"predecessor-version":[{"id":594838,"href":"https:\/\/diariodominicano.com\/index.php?rest_route=\/wp\/v2\/posts\/594827\/revisions\/594838"}],"wp:featuredmedia":[{"embeddable":true,"href":"https:\/\/diariodominicano.com\/index.php?rest_route=\/wp\/v2\/media\/594837"}],"wp:attachment":[{"href":"https:\/\/diariodominicano.com\/index.php?rest_route=%2Fwp%2Fv2%2Fmedia&parent=594827"}],"wp:term":[{"taxonomy":"category","embeddable":true,"href":"https:\/\/diariodominicano.com\/index.php?rest_route=%2Fwp%2Fv2%2Fcategories&post=594827"},{"taxonomy":"post_tag","embeddable":true,"href":"https:\/\/diariodominicano.com\/index.php?rest_route=%2Fwp%2Fv2%2Ftags&post=594827"}],"curies":[{"name":"wp","href":"https:\/\/api.w.org\/{rel}","templated":true}]}}