{"id":594826,"date":"2025-02-08T20:57:35","date_gmt":"2025-02-09T00:57:35","guid":{"rendered":"https:\/\/diariodominicano.com\/?p=594826"},"modified":"2025-02-08T20:57:44","modified_gmt":"2025-02-09T00:57:44","slug":"infotep-realizara-talleres-sobre-proyeccion-del-empleo-con-representantes-de-los-sectores-productivos","status":"publish","type":"post","link":"https:\/\/diariodominicano.com\/?p=594826","title":{"rendered":"INFOTEP realizar\u00e1 talleres sobre proyecci\u00f3n del empleo, con representantes de los sectores productivos"},"content":{"rendered":"\n<p>Santo Domingo. -El Instituto Nacional de Formaci\u00f3n T\u00e9cnico Profesional (INFOTEP) realizar\u00e1 cuatro talleres sobre Validaci\u00f3n Cuantitativa del Modelo de Demanda de Habilidades del Observatorio de la Formaci\u00f3n T\u00e9cnico Profesional, con la participaci\u00f3n de los sectores Industrial, Comercio y Zonas Francas, Hoteles Bares y Restaurantes.<\/p>\n\n\n\n<p>Los talleres son organizados por la Direcci\u00f3n de Planificaci\u00f3n y Desarrollo del INFOTEP, con el apoyo del Consorcio Internacional de Desarrollo en Educaci\u00f3n (CIDE), de Canad\u00e1, del martes 11 al jueves 12 de este mes de febrero, en el Edificio Corporativo Institucional del INFOTEP.<\/p>\n\n\n\n<p>All\u00ed se va a analizar y validar, con el apoyo de expertos y actores claves de cada sector, el modelo desarrollado en el Observatorio de la Formaci\u00f3n T\u00e9cnico Profesional para proyectar la oferta y demanda de habilidades laborales en el pa\u00eds,<\/p>\n\n\n\n<p>Este observatorio tiene como prop\u00f3sito proyectar la oferta y la demanda de habilidades laborales, lo que generar\u00e1 informaciones relevantes para planificar, evaluar y mejorar la oferta formativa, a fin de elevar la calidad y la competitividad de los sectores productivos.<\/p>\n\n\n\n<p>A los talleres asistir\u00e1n los m\u00e1ximos representes del Consejo Nacional de la Empresa Privada (CONEP), del Consejo Nacional de Comerciantes y Empresarios de la Rep\u00fablica Dominicana, de la Organizaci\u00f3n Nacional de Empresas Comerciales (ONEC) y Asociaci\u00f3n de Comerciantes Mayoristas.<\/p>\n\n\n\n<p>Est\u00e1n convocados tambi\u00e9n, La Asociaci\u00f3n de Bancos Comerciales de la Rep\u00fablica Dominicana, la Asociaci\u00f3n Dominicana de Peque\u00f1as y Medianas Empresas, la Federaci\u00f3n Dominicana de C\u00e1maras de Comercio y Producci\u00f3n, la Fundaci\u00f3n ADEMI, la Asociaci\u00f3n Nacional de Detallistas de Combustible, as\u00ed como organizaciones del transporte y de la salud.<\/p>\n\n\n\n<p><strong>Prensa INFOTEP<\/strong>\u00a0&lt;prensainfotep@infotep.gob.do> <\/p>\n","protected":false},"excerpt":{"rendered":"<p>Santo Domingo. -El Instituto Nacional de Formaci\u00f3n T\u00e9cnico Profesional (INFOTEP) realizar\u00e1 cuatro talleres sobre Validaci\u00f3n Cuantitativa del Modelo de Demanda de Habilidades del Observatorio de la Formaci\u00f3n T\u00e9cnico Profesional, con la participaci\u00f3n de los sectores Industrial, Comercio y Zonas Francas, Hoteles Bares y Restaurantes. Los talleres son organizados por la Direcci\u00f3n de Planificaci\u00f3n y Desarrollo [&hellip;]<\/p>\n","protected":false},"author":7,"featured_media":586093,"comment_status":"closed","ping_status":"closed","sticky":false,"template":"","format":"standard","meta":{"footnotes":""},"categories":[36],"tags":[94],"class_list":["post-594826","post","type-post","status-publish","format-standard","has-post-thumbnail","hentry","category-hombresmujeresycosas","tag-infotep"],"_links":{"self":[{"href":"https:\/\/diariodominicano.com\/index.php?rest_route=\/wp\/v2\/posts\/594826","targetHints":{"allow":["GET"]}}],"collection":[{"href":"https:\/\/diariodominicano.com\/index.php?rest_route=\/wp\/v2\/posts"}],"about":[{"href":"https:\/\/diariodominicano.com\/index.php?rest_route=\/wp\/v2\/types\/post"}],"author":[{"embeddable":true,"href":"https:\/\/diariodominicano.com\/index.php?rest_route=\/wp\/v2\/users\/7"}],"replies":[{"embeddable":true,"href":"https:\/\/diariodominicano.com\/index.php?rest_route=%2Fwp%2Fv2%2Fcomments&post=594826"}],"version-history":[{"count":1,"href":"https:\/\/diariodominicano.com\/index.php?rest_route=\/wp\/v2\/posts\/594826\/revisions"}],"predecessor-version":[{"id":594836,"href":"https:\/\/diariodominicano.com\/index.php?rest_route=\/wp\/v2\/posts\/594826\/revisions\/594836"}],"wp:featuredmedia":[{"embeddable":true,"href":"https:\/\/diariodominicano.com\/index.php?rest_route=\/wp\/v2\/media\/586093"}],"wp:attachment":[{"href":"https:\/\/diariodominicano.com\/index.php?rest_route=%2Fwp%2Fv2%2Fmedia&parent=594826"}],"wp:term":[{"taxonomy":"category","embeddable":true,"href":"https:\/\/diariodominicano.com\/index.php?rest_route=%2Fwp%2Fv2%2Fcategories&post=594826"},{"taxonomy":"post_tag","embeddable":true,"href":"https:\/\/diariodominicano.com\/index.php?rest_route=%2Fwp%2Fv2%2Ftags&post=594826"}],"curies":[{"name":"wp","href":"https:\/\/api.w.org\/{rel}","templated":true}]}}