{"id":594783,"date":"2025-02-08T04:13:55","date_gmt":"2025-02-08T08:13:55","guid":{"rendered":"https:\/\/diariodominicano.com\/?p=594783"},"modified":"2025-02-08T04:15:01","modified_gmt":"2025-02-08T08:15:01","slug":"trump-aplaza-conversacion-con-presidente-mulino-en-medio-de-tensiones-por-el-canal-de-panama","status":"publish","type":"post","link":"https:\/\/diariodominicano.com\/?p=594783","title":{"rendered":"Trump aplaza conversaci\u00f3n con presidente Mulino, en medio de tensiones por el Canal de Panam\u00e1"},"content":{"rendered":"\n<p>Una vista a\u00e9rea muestra un buque de carga transitando por las esclusas de Agua Clara en el Canal de Panam\u00e1, en Col\u00f3n, Panam\u00e1, el 1 de febrero de 2025.<\/p>\n\n\n\n<p>febrero 07, 2025<\/p>\n\n\n\n<ul class=\"wp-block-list\">\n<li><a href=\"https:\/\/www.vozdeamerica.com\/author\/voz-de-america-redaccion\/p_kym\">Voz de Am\u00e9rica &#8211; Redacci\u00f3n<\/a><\/li>\n<\/ul>\n\n\n\n<ul class=\"wp-block-list\">\n<li><a href=\"https:\/\/facebook.com\/sharer.php?u=https%3a%2f%2fwww.vozdeamerica.com%2fa%2ftrump-aplaza-llamada-mulino-tensiones-canal%2f7967249.html\" target=\"_blank\" rel=\"noreferrer noopener\"><\/a><\/li>\n\n\n\n<li><a href=\"https:\/\/twitter.com\/share?url=https%3a%2f%2fwww.vozdeamerica.com%2fa%2ftrump-aplaza-llamada-mulino-tensiones-canal%2f7967249.html&amp;text=Trump+aplaza+conversaci%c3%b3n+con+presidente+Mulino%2c+en+medio+de+tensiones+por+el+Canal+de+Panam%c3%a1\" target=\"_blank\" rel=\"noreferrer noopener\"><\/a><\/li>\n\n\n\n<li><\/li>\n\n\n\n<li><a href=\"mailto:?body=https%3a%2f%2fwww.vozdeamerica.com%2fa%2ftrump-aplaza-llamada-mulino-tensiones-canal%2f7967249.html&amp;subject=Trump%20aplaza%20conversaci%C3%B3n%20con%20presidente%20Mulino,%20en%20medio%20de%20tensiones%20por%20el%20Canal%20de%20Panam%C3%A1\"><\/a><\/li>\n<\/ul>\n\n\n\n<p><a href=\"https:\/\/www.vozdeamerica.com\/a\/trump-aplaza-llamada-mulino-tensiones-canal\/7967249.html#comments\">&nbsp;Vea comentarios<\/a><\/p>\n\n\n\n<p>El presidente de EEUU, Donald Trump, pospone llamada telef\u00f3nica con presidente de Panam\u00e1, Jos\u00e9 Ra\u00fal Mulino, por tensiones por el Canal.<\/p>\n\n\n\n<p>El presidente de Estados Unidos, Donald Trump, aplaz\u00f3 una llamada telef\u00f3nica con su hom\u00f3logo paname\u00f1o, Jos\u00e9 Ra\u00fal Mulino, debido a modificaciones de \u00faltimo momento en la agenda del mandatario estadounidense, seg\u00fan un&nbsp;<em><strong><a href=\"https:\/\/x.com\/presidenciapma\/status\/1887966641608077687?t=177UXxF0rSeiKef5fcpQFg&amp;s=09\" target=\"_blank\" rel=\"noreferrer noopener\">comunicado<\/a><\/strong><\/em>&nbsp;publicado el viernes por el gobierno paname\u00f1o.<\/p>\n\n\n\n<p><strong><em><a href=\"https:\/\/www.vozdeamerica.com\/a\/el-pago-de-los-buques-estadounidenses-por-el-canal-de-panam%C3%A1-sigue-en-controversia\/7966457.html\" target=\"_blank\" rel=\"noreferrer noopener\">Ambas naciones mantienen una controversia<\/a><\/em><\/strong>, debido a las declaraciones del gobierno de EEUU de querer dirigir el Canal de Panam\u00e1, situaci\u00f3n que ha rechazado el gobierno paname\u00f1o.<\/p>\n\n\n\n<p>El propio Mulino calific\u00f3 el jueves como una \u201cfalsedad (\u2026) intolerable\u201d una informaci\u00f3n divulgada el mi\u00e9rcoles por la administraci\u00f3n Trump, que indicaba que su pa\u00eds habr\u00eda aceptado no cobrar por el tr\u00e1nsito de los buques estadounidenses en el canal interoce\u00e1nico.<\/p>\n\n\n\n<p>Por otro lado, ha rechazado las afirmaciones de que China controla el canal, el cual es administrado por la Autoridad del Canal de Panam\u00e1, una agencia aut\u00f3noma supervisada por el gobierno paname\u00f1o.<\/p>\n\n\n\n<figure class=\"wp-block-image\"><img decoding=\"async\" src=\"https:\/\/gdb.voanews.com\/a3543e3e-a3cf-4e0f-a9aa-d540f077a3a8_tv_w650_r0.jpg\" alt=\"Nuevas tensiones por el Canal de Panam\u00e1: EEUU y Panam\u00e1 se contradicen \" title=\"Nuevas tensiones por el Canal de Panam\u00e1: EEUU y Panam\u00e1 se contradicen \"\/><\/figure>\n\n\n\n<p><video src=\"blob:https:\/\/www.vozdeamerica.com\/aaa0967a-6ea0-4478-9d5d-db3a45e75538\"><\/video><\/p>\n\n\n\n<h5 class=\"wp-block-heading\"><a href=\"https:\/\/www.vozdeamerica.com\/a\/trump-aplaza-llamada-mulino-tensiones-canal\/7965824.html\" target=\"_blank\" rel=\"noreferrer noopener\">Nuevas tensiones por el Canal de Panam\u00e1: EEUU y Panam\u00e1 se contradicen<\/a><\/h5>\n\n\n\n<hr class=\"wp-block-separator has-alpha-channel-opacity\"\/>\n\n\n\n<ul class=\"wp-block-list\">\n<li><a href=\"https:\/\/facebook.com\/sharer.php?u=https%3a%2f%2fwww.vozdeamerica.com%2fa%2f7965824.html\" target=\"_blank\" rel=\"noreferrer noopener\">Comparta en Facebook<\/a><\/li>\n\n\n\n<li><a href=\"https:\/\/twitter.com\/share?url=https%3a%2f%2fwww.vozdeamerica.com%2fa%2f7965824.html&amp;text=Nuevas+tensiones+por+el+Canal+de+Panam%c3%a1%3a+EEUU+y+Panam%c3%a1+se+contradicen+\" target=\"_blank\" rel=\"noreferrer noopener\">Comparta en Twitter<\/a><\/li>\n<\/ul>\n\n\n\n<hr class=\"wp-block-separator has-alpha-channel-opacity\"\/>\n\n\n\n<p><a href=\"https:\/\/www.vozdeamerica.com\/embed\/player\/Article\/7965824.html?type=video&amp;FullScreenMode=True\" target=\"_blank\" rel=\"noreferrer noopener\"><\/a><\/p>\n\n\n\n<p>&nbsp;Descargar&nbsp;<\/p>\n\n\n\n<p>El secretario de Estado de EEUU, Marco Rubio, se reuni\u00f3 con el presidente paname\u00f1o en la ciudad de Panam\u00e1, el domingo. Tras su visita, d\u00edas despu\u00e9s, afirm\u00f3 que su pa\u00eds&nbsp;<strong><em><a href=\"https:\/\/www.vozdeamerica.com\/a\/tratado-obliga-a-eeuu-a-defender-el-canal-de-panama-dice-rubio\/7966344.html\" target=\"_blank\" rel=\"noreferrer noopener\">tiene la obligaci\u00f3n, seg\u00fan un tratado, de proteger el Canal<\/a><\/em><\/strong>&nbsp;de si este es atacado.<\/p>\n\n\n\n<p>\u00abMe parece absurdo que tengamos que pagar tasas para transitar por una zona que estamos obligados a proteger en tiempos de conflicto. Esas son nuestras expectativas&#8230; Quedaron claramente entendidas en esas conversaciones\u00bb, dijo Rubio durante una conferencia de prensa en Santo Domingo.<\/p>\n\n\n\n<p>La canciller\u00eda de Panam\u00e1 tambi\u00e9n inform\u00f3, en el comunicado, que compartir\u00e1 la nueva fecha de la llamada entre los mandatarios, la cual estaba pactada para las 3:30 p.m. del viernes.<\/p>\n","protected":false},"excerpt":{"rendered":"<p>Una vista a\u00e9rea muestra un buque de carga transitando por las esclusas de Agua Clara en el Canal de Panam\u00e1, en Col\u00f3n, Panam\u00e1, el 1 de febrero de 2025. febrero 07, 2025 &nbsp;Vea comentarios El presidente de EEUU, Donald Trump, pospone llamada telef\u00f3nica con presidente de Panam\u00e1, Jos\u00e9 Ra\u00fal Mulino, por tensiones por el Canal. [&hellip;]<\/p>\n","protected":false},"author":28,"featured_media":594784,"comment_status":"closed","ping_status":"closed","sticky":true,"template":"","format":"standard","meta":{"footnotes":""},"categories":[23],"tags":[],"class_list":["post-594783","post","type-post","status-publish","format-standard","has-post-thumbnail","hentry","category-internacional"],"_links":{"self":[{"href":"https:\/\/diariodominicano.com\/index.php?rest_route=\/wp\/v2\/posts\/594783","targetHints":{"allow":["GET"]}}],"collection":[{"href":"https:\/\/diariodominicano.com\/index.php?rest_route=\/wp\/v2\/posts"}],"about":[{"href":"https:\/\/diariodominicano.com\/index.php?rest_route=\/wp\/v2\/types\/post"}],"author":[{"embeddable":true,"href":"https:\/\/diariodominicano.com\/index.php?rest_route=\/wp\/v2\/users\/28"}],"replies":[{"embeddable":true,"href":"https:\/\/diariodominicano.com\/index.php?rest_route=%2Fwp%2Fv2%2Fcomments&post=594783"}],"version-history":[{"count":2,"href":"https:\/\/diariodominicano.com\/index.php?rest_route=\/wp\/v2\/posts\/594783\/revisions"}],"predecessor-version":[{"id":594787,"href":"https:\/\/diariodominicano.com\/index.php?rest_route=\/wp\/v2\/posts\/594783\/revisions\/594787"}],"wp:featuredmedia":[{"embeddable":true,"href":"https:\/\/diariodominicano.com\/index.php?rest_route=\/wp\/v2\/media\/594784"}],"wp:attachment":[{"href":"https:\/\/diariodominicano.com\/index.php?rest_route=%2Fwp%2Fv2%2Fmedia&parent=594783"}],"wp:term":[{"taxonomy":"category","embeddable":true,"href":"https:\/\/diariodominicano.com\/index.php?rest_route=%2Fwp%2Fv2%2Fcategories&post=594783"},{"taxonomy":"post_tag","embeddable":true,"href":"https:\/\/diariodominicano.com\/index.php?rest_route=%2Fwp%2Fv2%2Ftags&post=594783"}],"curies":[{"name":"wp","href":"https:\/\/api.w.org\/{rel}","templated":true}]}}