{"id":594775,"date":"2025-02-08T03:57:06","date_gmt":"2025-02-08T07:57:06","guid":{"rendered":"https:\/\/diariodominicano.com\/?p=594775"},"modified":"2025-02-08T03:57:11","modified_gmt":"2025-02-08T07:57:11","slug":"tratado-obliga-a-eeuu-a-defender-el-canal-de-panama-dice-rubio","status":"publish","type":"post","link":"https:\/\/diariodominicano.com\/?p=594775","title":{"rendered":"Tratado obliga a EEUU a defender el Canal de Panam\u00e1, dice Rubio"},"content":{"rendered":"\n<p>El secretario de Estado de los Estados Unidos, Marco Rubio, y el administrador de la Autoridad del Canal de Panam\u00e1, Ricaurte V\u00e1squez, recorren las esclusas de Miraflores en el Canal de Panam\u00e1 en la Ciudad de Panam\u00e1 el 2 de febrero de 2025. Mark Schiefelbein\/Pool v\u00eda REUTERS<\/p>\n\n\n\n<p>febrero 07, 2025<\/p>\n\n\n\n<ul class=\"wp-block-list\">\n<li><a href=\"https:\/\/www.vozdeamerica.com\/author\/nike-ching\/-it_i\">Nike Ching<\/a><\/li>\n<\/ul>\n\n\n\n<ul class=\"wp-block-list\">\n<li><a href=\"https:\/\/facebook.com\/sharer.php?u=https%3a%2f%2fwww.vozdeamerica.com%2fa%2ftratado-obliga-a-eeuu-a-defender-el-canal-de-panama-dice-rubio%2f7966344.html\" target=\"_blank\" rel=\"noreferrer noopener\"><\/a><\/li>\n\n\n\n<li><a href=\"https:\/\/twitter.com\/share?url=https%3a%2f%2fwww.vozdeamerica.com%2fa%2ftratado-obliga-a-eeuu-a-defender-el-canal-de-panama-dice-rubio%2f7966344.html&amp;text=Tratado+obliga+a+EEUU+a+defender+el+Canal+de+Panam%c3%a1%2c+dice+Rubio\" target=\"_blank\" rel=\"noreferrer noopener\"><\/a><\/li>\n\n\n\n<li><\/li>\n\n\n\n<li><a href=\"mailto:?body=https%3a%2f%2fwww.vozdeamerica.com%2fa%2ftratado-obliga-a-eeuu-a-defender-el-canal-de-panama-dice-rubio%2f7966344.html&amp;subject=Tratado%20obliga%20a%20EEUU%20a%20defender%20el%20Canal%20de%20Panam%C3%A1,%20dice%20Rubio\"><\/a><\/li>\n<\/ul>\n\n\n\n<p><a href=\"https:\/\/www.vozdeamerica.com\/a\/tratado-obliga-a-eeuu-a-defender-el-canal-de-panama-dice-rubio\/7966344.html#comments\">&nbsp;Vea comentarios<\/a><\/p>\n\n\n\n<p>El secretario de Estado Marco Rubio dice que Estados Unidos tiene la obligaci\u00f3n, seg\u00fan un tratado, de proteger el Canal de Panam\u00e1 si este es atacado.<\/p>\n\n\n\n<p>Departamento de Estado \u2014&nbsp;<\/p>\n\n\n\n<p>Estados Unidos tiene la obligaci\u00f3n, seg\u00fan un tratado, de proteger el Canal de Panam\u00e1 si \u00e9ste es atacado, dijo el jueves el secretario de Estado estadounidense, Marco Rubio, en medio de la confusi\u00f3n y lo que Panam\u00e1 ha descrito como \u00abmentiras\u00bb sobre si los barcos de la Armada estadounidense pueden transitar por el Canal de Panam\u00e1 de forma gratuita.<\/p>\n\n\n\n<p>\u00abMe parece absurdo que tengamos que pagar tasas para transitar por una zona que estamos obligados a proteger en tiempos de conflicto. Esas son nuestras expectativas&#8230; Quedaron claramente entendidas en esas conversaciones\u00bb, dijo Rubio durante una conferencia de prensa en Santo Domingo, la capital de la Rep\u00fablica Dominicana. El domingo, Rubio se reuni\u00f3 con el presidente paname\u00f1o, Jos\u00e9 Raul Mulino, en la ciudad de Panam\u00e1.<\/p>\n\n\n\n<p>Rubio se refer\u00eda a un tratado firmado por Estados Unidos y Panam\u00e1 en 1977.<\/p>\n\n\n\n<p><a href=\"https:\/\/www.vozdeamerica.com\/a\/buques-eeuu-no-pagaran-canal-panama-lo-niega\/7964904.html\"><\/a><\/p>\n\n\n\n<p><a href=\"https:\/\/www.vozdeamerica.com\/a\/buques-eeuu-no-pagaran-canal-panama-lo-niega\/7964904.html\">Tambi\u00e9n lea<\/a><\/p>\n\n\n\n<h4 class=\"wp-block-heading\"><a href=\"https:\/\/www.vozdeamerica.com\/a\/buques-eeuu-no-pagaran-canal-panama-lo-niega\/7964904.html\">Panam\u00e1 niega anuncio de EEUU de que sus buques pueden transitar por Canal sin pagar, Marco Rubio lo reitera<\/a><\/h4>\n\n\n\n<p>El principal diplom\u00e1tico estadounidense dijo a los periodistas que, si bien respeta al gobierno elegido democr\u00e1ticamente de Panam\u00e1 y reconoce que tiene \u00abun proceso de leyes y procedimientos que debe seguir\u00bb, la obligaci\u00f3n del tratado \u00abtendr\u00eda que ser aplicada por las fuerzas armadas de Estados Unidos, en particular la Marina de Estados Unidos\u00bb.<\/p>\n\n\n\n<p>Estados Unidos tiene la intenci\u00f3n de buscar una resoluci\u00f3n amistosa, dijo Rubio.<\/p>\n\n\n\n<p>Mulino public\u00f3 en X que planeaba hablar con el presidente estadounidense Donald Trump el viernes por la tarde.<\/p>\n\n\n\n<p>El mi\u00e9rcoles, el Departamento de Estado de Estados Unidos dijo, a trav\u00e9s de una publicaci\u00f3n en las redes sociales en X, que los buques del gobierno de Estados Unidos ahora pueden transitar por el Canal de Panam\u00e1 sin incurrir en tarifas, lo que le ahorra al gobierno de Estados Unidos millones de d\u00f3lares al a\u00f1o.<\/p>\n\n\n\n<p>Pero la Autoridad del Canal de Panam\u00e1, una agencia aut\u00f3noma supervisada por el gobierno paname\u00f1o, cuestion\u00f3 la afirmaci\u00f3n de Estados Unidos y dijo que no ha realizado ajustes a estas tarifas. Tambi\u00e9n expres\u00f3 su voluntad de entablar un di\u00e1logo con los funcionarios estadounidenses pertinentes.<\/p>\n\n\n\n<figure class=\"wp-block-image\"><img decoding=\"async\" src=\"https:\/\/gdb.voanews.com\/352c2cfc-7748-4d3b-9c6b-cc425015bb76_tv_w650_r0.jpg\" alt=\"Paname\u00f1os opinan sobre la propuesta de paso gratuito para buques de EEUU en el Canal de Panam\u00e1\n\" title=\"Paname\u00f1os opinan sobre la propuesta de paso gratuito para buques de EEUU en el Canal de Panam\u00e1\n\"\/><\/figure>\n\n\n\n<p><video src=\"blob:https:\/\/www.vozdeamerica.com\/2b676203-34a3-4a2e-9824-56a890730ef2\"><\/video><\/p>\n\n\n\n<p>&nbsp;Insertar&nbsp;share<\/p>\n\n\n\n<h5 class=\"wp-block-heading\"><a href=\"https:\/\/www.vozdeamerica.com\/a\/tratado-obliga-a-eeuu-a-defender-el-canal-de-panama-dice-rubio\/7965576.html\" target=\"_blank\" rel=\"noreferrer noopener\">Paname\u00f1os opinan sobre la propuesta de paso gratuito para buques de EEUU en el Canal de Panam\u00e1<\/a><\/h5>\n\n\n\n<p>&nbsp;Insertar&nbsp;share<\/p>\n\n\n\n<p>El c\u00f3digo se ha copiado en su portapapeles.<\/p>\n\n\n\n<hr class=\"wp-block-separator has-alpha-channel-opacity\"\/>\n\n\n\n<p>Ancho&nbsp;&nbsp;pxAltura&nbsp;&nbsp;px<\/p>\n\n\n\n<ul class=\"wp-block-list\">\n<li><a href=\"https:\/\/facebook.com\/sharer.php?u=https%3a%2f%2fwww.vozdeamerica.com%2fa%2f7965576.html\" target=\"_blank\" rel=\"noreferrer noopener\">Comparta en Facebook<\/a><\/li>\n\n\n\n<li><a href=\"https:\/\/twitter.com\/share?url=https%3a%2f%2fwww.vozdeamerica.com%2fa%2f7965576.html&amp;text=Paname%c3%b1os+opinan+sobre+la+propuesta+de+paso+gratuito+para+buques+de+EEUU+en+el+Canal+de+Panam%c3%a1%0a\" target=\"_blank\" rel=\"noreferrer noopener\">Comparta en Twitter<\/a><\/li>\n<\/ul>\n\n\n\n<p><a href=\"https:\/\/www.vozdeamerica.com\/embed\/player\/Article\/7965576.html?type=video&amp;FullScreenMode=True\" target=\"_blank\" rel=\"noreferrer noopener\"><\/a><\/p>\n\n\n\n<p>&nbsp;Descargar&nbsp;<\/p>\n\n\n\n<p>Durante su conferencia de prensa semanal del jueves, el presidente paname\u00f1o neg\u00f3 que su pa\u00eds haya llegado a un acuerdo que permita a los buques de guerra estadounidenses transitar por el Canal de Panam\u00e1 de forma gratuita y dijo que rechazaba por completo la declaraci\u00f3n del Departamento de Estado.<\/p>\n\n\n\n<h3 class=\"wp-block-heading\">Iniciativa del Cintur\u00f3n y la Ruta<\/h3>\n\n\n\n<p>Mientras tanto, Mulino dijo a los periodistas que la Embajada de Panam\u00e1 en Beijing hab\u00eda proporcionado a China el aviso requerido de 90 d\u00edas sobre su decisi\u00f3n de salir de la Iniciativa del Cintur\u00f3n y la Ruta, tambi\u00e9n conocida como BRI.<\/p>\n\n\n\n<p>Neg\u00f3 que la decisi\u00f3n se haya tomado a pedido de Washington y dijo que se estaba tomando tiempo para evaluar la relaci\u00f3n de Panam\u00e1 con China y decidir qu\u00e9 servir\u00eda mejor a los intereses de su pa\u00eds.<\/p>\n\n\n\n<p>\u00abNo s\u00e9 cu\u00e1l fue el incentivo para la persona que firm\u00f3 ese acuerdo con China\u00bb, dijo Mulino en espa\u00f1ol, y agreg\u00f3 que no cre\u00eda que la BRI hubiera tra\u00eddo grandes beneficios a su pa\u00eds.<\/p>\n\n\n\n<p>Panam\u00e1 se uni\u00f3 a la BRI de China bajo el expresidente Juan Carlos Varela. El acuerdo se firm\u00f3 en 2018, luego de la decisi\u00f3n de Panam\u00e1 en 2017 de establecer sus relaciones diplom\u00e1ticas con China y cortar los lazos con Taiw\u00e1n.<\/p>\n\n\n\n<p>Rubio ha acogido con satisfacci\u00f3n la decisi\u00f3n de Panam\u00e1 de no renovar su participaci\u00f3n en la BRI de China.<\/p>\n\n\n\n<p>China describe la BRI, que se lanz\u00f3 en 2013 bajo la presidencia de Xi Jinping, como una vasta iniciativa de infraestructura dise\u00f1ada para conectar m\u00faltiples continentes a trav\u00e9s de rutas terrestres y mar\u00edtimas.<\/p>\n\n\n\n<p><a href=\"https:\/\/www.vozdeamerica.com\/a\/rubio-defiende-exigir-republica-dominicana-ola-masiva-migracion\/7965648.html\"><\/a><\/p>\n\n\n\n<p><a href=\"https:\/\/www.vozdeamerica.com\/a\/rubio-defiende-exigir-republica-dominicana-ola-masiva-migracion\/7965648.html\">Tambi\u00e9n lea<\/a><\/p>\n\n\n\n<h4 class=\"wp-block-heading\"><a href=\"https:\/\/www.vozdeamerica.com\/a\/rubio-defiende-exigir-republica-dominicana-ola-masiva-migracion\/7965648.html\">Marco Rubio: \u201cno se le puede exigir a Rep\u00fablica Dominicana aceptar una ola masiva de migraci\u00f3n\u201d<\/a><\/h4>\n\n\n\n<p>Estados Unidos ha advertido que el proyecto est\u00e1 impulsado por la misi\u00f3n de China de manipular y socavar el sistema comercial global basado en reglas para su propio beneficio.<\/p>\n\n\n\n<p>En Beijing, los funcionarios chinos desestimaron lo que llamaron \u00abcomentarios irresponsables de Estados Unidos sobre la cuesti\u00f3n del Canal de Panam\u00e1\u00bb y acusaron a Washington de distorsionar, atacar y caracterizar err\u00f3neamente la cooperaci\u00f3n relevante de manera intencional.<\/p>\n\n\n\n<p>\u00abChina se opone firmemente y realiz\u00f3 gestiones severas hacia el lado estadounidense\u00bb, dijo Lin Jian, portavoz del Ministerio de Relaciones Exteriores de China.<\/p>\n\n\n\n<p>Durante su estancia en Santo Domingo, Rubio se reuni\u00f3 con el presidente dominicano Luis Abinader y el ministro de Relaciones Exteriores Roberto \u00c1lvarez.<\/p>\n\n\n\n<p>La Rep\u00fablica Dominicana es la \u00faltima parada de la gira de cinco naciones de Rubio por Am\u00e9rica Central y el Caribe, que se centra en frenar la inmigraci\u00f3n ilegal, combatir el narcotr\u00e1fico y contrarrestar la creciente influencia de China en el hemisferio occidental.<\/p>\n\n\n\n<p>[Con informaci\u00f3n de The Associated Press, Agence France Presse y Reuters]<\/p>\n","protected":false},"excerpt":{"rendered":"<p>El secretario de Estado de los Estados Unidos, Marco Rubio, y el administrador de la Autoridad del Canal de Panam\u00e1, Ricaurte V\u00e1squez, recorren las esclusas de Miraflores en el Canal de Panam\u00e1 en la Ciudad de Panam\u00e1 el 2 de febrero de 2025. Mark Schiefelbein\/Pool v\u00eda REUTERS febrero 07, 2025 &nbsp;Vea comentarios El secretario de [&hellip;]<\/p>\n","protected":false},"author":28,"featured_media":594776,"comment_status":"closed","ping_status":"closed","sticky":true,"template":"","format":"standard","meta":{"footnotes":""},"categories":[36,23],"tags":[],"class_list":["post-594775","post","type-post","status-publish","format-standard","has-post-thumbnail","hentry","category-hombresmujeresycosas","category-internacional"],"_links":{"self":[{"href":"https:\/\/diariodominicano.com\/index.php?rest_route=\/wp\/v2\/posts\/594775","targetHints":{"allow":["GET"]}}],"collection":[{"href":"https:\/\/diariodominicano.com\/index.php?rest_route=\/wp\/v2\/posts"}],"about":[{"href":"https:\/\/diariodominicano.com\/index.php?rest_route=\/wp\/v2\/types\/post"}],"author":[{"embeddable":true,"href":"https:\/\/diariodominicano.com\/index.php?rest_route=\/wp\/v2\/users\/28"}],"replies":[{"embeddable":true,"href":"https:\/\/diariodominicano.com\/index.php?rest_route=%2Fwp%2Fv2%2Fcomments&post=594775"}],"version-history":[{"count":1,"href":"https:\/\/diariodominicano.com\/index.php?rest_route=\/wp\/v2\/posts\/594775\/revisions"}],"predecessor-version":[{"id":594777,"href":"https:\/\/diariodominicano.com\/index.php?rest_route=\/wp\/v2\/posts\/594775\/revisions\/594777"}],"wp:featuredmedia":[{"embeddable":true,"href":"https:\/\/diariodominicano.com\/index.php?rest_route=\/wp\/v2\/media\/594776"}],"wp:attachment":[{"href":"https:\/\/diariodominicano.com\/index.php?rest_route=%2Fwp%2Fv2%2Fmedia&parent=594775"}],"wp:term":[{"taxonomy":"category","embeddable":true,"href":"https:\/\/diariodominicano.com\/index.php?rest_route=%2Fwp%2Fv2%2Fcategories&post=594775"},{"taxonomy":"post_tag","embeddable":true,"href":"https:\/\/diariodominicano.com\/index.php?rest_route=%2Fwp%2Fv2%2Ftags&post=594775"}],"curies":[{"name":"wp","href":"https:\/\/api.w.org\/{rel}","templated":true}]}}