{"id":594572,"date":"2025-02-07T17:35:03","date_gmt":"2025-02-07T21:35:03","guid":{"rendered":"https:\/\/diariodominicano.com\/?p=594572"},"modified":"2025-02-08T02:48:23","modified_gmt":"2025-02-08T06:48:23","slug":"adn-recupera-espacios-publicos-en-villa-juana-y-ensanche-la-fe-clausura-taller-retira-chatarras-y-compresores","status":"publish","type":"post","link":"https:\/\/diariodominicano.com\/?p=594572","title":{"rendered":"Ayuntamiento del Distrito Nacional informa  recuper\u00f3 espacios p\u00fablicos en Villa Juana y Ensanche La Fe; clausura taller, retira chatarras y compresores"},"content":{"rendered":"\n<p>Brigadas de la DUEP tambi\u00e9n retiraron puestos de vendedores informales<\/p>\n\n\n\n<p>Santo Domingo, DN \u2013 La Alcald\u00eda del Distrito Nacional, a trav\u00e9s de su Direcci\u00f3n de Uso y de Espacios P\u00fablicos (DUEP), realiz\u00f3 intervenciones en el Ensanche La Fe y Villa Juana, donde retir\u00f3 compresores, veh\u00edculos chatarras, clausur\u00f3 un taller y recuper\u00f3 aceras ocupadas por negocios.<\/p>\n\n\n\n<p>Durante la acci\u00f3n llevada a cabo en Villa Juana, realizada bajo las directrices de la alcaldesa Carolina Mej\u00eda, fueron retirados grandes compresores de aire que estaban ocupando parte de las aceras y la calle en la Am\u00e9rico Lugo.<\/p>\n\n\n\n<p>Por la incautaci\u00f3n de los equipos que obstru\u00edan, los due\u00f1os del negocio fueron citados por la DUEP.<\/p>\n\n\n\n<figure class=\"wp-block-gallery has-nested-images columns-default is-cropped wp-block-gallery-1 is-layout-flex wp-block-gallery-is-layout-flex\">\n<figure class=\"wp-block-image size-large\"><img loading=\"lazy\" decoding=\"async\" width=\"576\" height=\"1024\" data-id=\"594600\" src=\"https:\/\/diariodominicano.com\/wp-content\/uploads\/2025\/02\/ADN-recupera-espacios-publicos-en-Villa-Juana-Ensanche-La-Fe-clausura-taller-retira-chatarras-y-compresores-576x1024.jpeg\" alt=\"\" class=\"wp-image-594600\" srcset=\"https:\/\/diariodominicano.com\/wp-content\/uploads\/2025\/02\/ADN-recupera-espacios-publicos-en-Villa-Juana-Ensanche-La-Fe-clausura-taller-retira-chatarras-y-compresores-576x1024.jpeg 576w, https:\/\/diariodominicano.com\/wp-content\/uploads\/2025\/02\/ADN-recupera-espacios-publicos-en-Villa-Juana-Ensanche-La-Fe-clausura-taller-retira-chatarras-y-compresores-169x300.jpeg 169w, https:\/\/diariodominicano.com\/wp-content\/uploads\/2025\/02\/ADN-recupera-espacios-publicos-en-Villa-Juana-Ensanche-La-Fe-clausura-taller-retira-chatarras-y-compresores-768x1365.jpeg 768w, https:\/\/diariodominicano.com\/wp-content\/uploads\/2025\/02\/ADN-recupera-espacios-publicos-en-Villa-Juana-Ensanche-La-Fe-clausura-taller-retira-chatarras-y-compresores-864x1536.jpeg 864w, https:\/\/diariodominicano.com\/wp-content\/uploads\/2025\/02\/ADN-recupera-espacios-publicos-en-Villa-Juana-Ensanche-La-Fe-clausura-taller-retira-chatarras-y-compresores-816x1451.jpeg 816w, https:\/\/diariodominicano.com\/wp-content\/uploads\/2025\/02\/ADN-recupera-espacios-publicos-en-Villa-Juana-Ensanche-La-Fe-clausura-taller-retira-chatarras-y-compresores.jpeg 900w\" sizes=\"auto, (max-width: 576px) 100vw, 576px\" \/><\/figure>\n<\/figure>\n\n\n\n<p>El operativo surgi\u00f3 como respuesta a la queja ciudadana publicada en video por la Z 101 Digital.&nbsp;<\/p>\n\n\n\n<p>En el caso del Ensanche La Fe, fueron retirados 11 veh\u00edculos en condici\u00f3n de chatarra en la calle 14 de Junio, tras una denuncia de Tr\u00e1fico Expreso.<\/p>\n\n\n\n<p>El operativo fue encabezado por el teniente coronel Jos\u00e9 An\u00edbal Sanz Melo, titular de la Direcci\u00f3n de Espacios P\u00fablicos, quien explic\u00f3 que fue clausurado el taller Auto Repuestos J\u00e1quez tras ser identificado como reincidente en la ocupaci\u00f3n incorrecta de espacios p\u00fablicos.<\/p>\n\n\n\n<figure class=\"wp-block-gallery has-nested-images columns-default is-cropped wp-block-gallery-2 is-layout-flex wp-block-gallery-is-layout-flex\">\n<figure class=\"wp-block-image size-large\"><img loading=\"lazy\" decoding=\"async\" width=\"1024\" height=\"1011\" data-id=\"594599\" src=\"https:\/\/diariodominicano.com\/wp-content\/uploads\/2025\/02\/ADN-recupera-espacios-publicos-en-Villa-Juana-y-Ensanche-La-Fe-clausura-taller-retira-chatarras-y-compresores-1024x1011.jpg\" alt=\"\" class=\"wp-image-594599\" srcset=\"https:\/\/diariodominicano.com\/wp-content\/uploads\/2025\/02\/ADN-recupera-espacios-publicos-en-Villa-Juana-y-Ensanche-La-Fe-clausura-taller-retira-chatarras-y-compresores-1024x1011.jpg 1024w, https:\/\/diariodominicano.com\/wp-content\/uploads\/2025\/02\/ADN-recupera-espacios-publicos-en-Villa-Juana-y-Ensanche-La-Fe-clausura-taller-retira-chatarras-y-compresores-300x296.jpg 300w, https:\/\/diariodominicano.com\/wp-content\/uploads\/2025\/02\/ADN-recupera-espacios-publicos-en-Villa-Juana-y-Ensanche-La-Fe-clausura-taller-retira-chatarras-y-compresores-768x758.jpg 768w, https:\/\/diariodominicano.com\/wp-content\/uploads\/2025\/02\/ADN-recupera-espacios-publicos-en-Villa-Juana-y-Ensanche-La-Fe-clausura-taller-retira-chatarras-y-compresores-88x88.jpg 88w, https:\/\/diariodominicano.com\/wp-content\/uploads\/2025\/02\/ADN-recupera-espacios-publicos-en-Villa-Juana-y-Ensanche-La-Fe-clausura-taller-retira-chatarras-y-compresores-816x806.jpg 816w, https:\/\/diariodominicano.com\/wp-content\/uploads\/2025\/02\/ADN-recupera-espacios-publicos-en-Villa-Juana-y-Ensanche-La-Fe-clausura-taller-retira-chatarras-y-compresores.jpg 1200w\" sizes=\"auto, (max-width: 1024px) 100vw, 1024px\" \/><\/figure>\n<\/figure>\n\n\n\n<p>Adem\u00e1s, puntualiz\u00f3 que se retiraron dos puestos de vendedores informales y gomeros que realizaban sus labores en la acera, obstruyendo el paso peatonal y generando inseguridad para las personas que se ve\u00edan obligadas a caminar por la calle.<\/p>\n\n\n\n<p>\u201cTambi\u00e9n se eliminaron focos de desechos y contaminaci\u00f3n que dificultaban la operaci\u00f3n de recolecci\u00f3n de nuestra alcald\u00eda\u201d, expres\u00f3 Sanz Melo.<\/p>\n\n\n\n<figure class=\"wp-block-gallery has-nested-images columns-default is-cropped wp-block-gallery-3 is-layout-flex wp-block-gallery-is-layout-flex\">\n<figure class=\"wp-block-image size-large\"><img loading=\"lazy\" decoding=\"async\" width=\"576\" height=\"1024\" data-id=\"594598\" src=\"https:\/\/diariodominicano.com\/wp-content\/uploads\/2025\/02\/ADN-recupera-espacios-publicos-Villa-Juana-y-Ensanche-La-Fe-clausura-taller-retira-chatarras-y-compresores-576x1024.jpeg\" alt=\"\" class=\"wp-image-594598\" srcset=\"https:\/\/diariodominicano.com\/wp-content\/uploads\/2025\/02\/ADN-recupera-espacios-publicos-Villa-Juana-y-Ensanche-La-Fe-clausura-taller-retira-chatarras-y-compresores-576x1024.jpeg 576w, https:\/\/diariodominicano.com\/wp-content\/uploads\/2025\/02\/ADN-recupera-espacios-publicos-Villa-Juana-y-Ensanche-La-Fe-clausura-taller-retira-chatarras-y-compresores-169x300.jpeg 169w, https:\/\/diariodominicano.com\/wp-content\/uploads\/2025\/02\/ADN-recupera-espacios-publicos-Villa-Juana-y-Ensanche-La-Fe-clausura-taller-retira-chatarras-y-compresores-768x1365.jpeg 768w, https:\/\/diariodominicano.com\/wp-content\/uploads\/2025\/02\/ADN-recupera-espacios-publicos-Villa-Juana-y-Ensanche-La-Fe-clausura-taller-retira-chatarras-y-compresores-864x1536.jpeg 864w, https:\/\/diariodominicano.com\/wp-content\/uploads\/2025\/02\/ADN-recupera-espacios-publicos-Villa-Juana-y-Ensanche-La-Fe-clausura-taller-retira-chatarras-y-compresores-816x1451.jpeg 816w, https:\/\/diariodominicano.com\/wp-content\/uploads\/2025\/02\/ADN-recupera-espacios-publicos-Villa-Juana-y-Ensanche-La-Fe-clausura-taller-retira-chatarras-y-compresores.jpeg 900w\" sizes=\"auto, (max-width: 576px) 100vw, 576px\" \/><\/figure>\n<\/figure>\n\n\n\n<p>El oficial reiter\u00f3 el compromiso asumido por esta gesti\u00f3n del cabildo en la recuperaci\u00f3n y prevenci\u00f3n de los espacios p\u00fablicos. En ese sentido, record\u00f3 que la DUEP tambi\u00e9n recuper\u00f3 recientemente aceras que eran ocupadas por negocios en Villa Consuelo.<\/p>\n\n\n\n<p>Estas acciones ejecutadas en diferentes puntos del Distrito Nacional buscan garantizar la seguridad de todos los ciudadanos, porque tal como reitera Carolina Mej\u00eda, en el orden y la limpieza radica el bienestar.<\/p>\n\n\n\n<p><strong>Direcci\u00f3n de Comunicaciones\u2002<\/strong><\/p>\n\n\n\n<p><strong>Comunicaciones ADN<\/strong>\u00a0&lt;Comunicaciones.ADN@adn.gob.do> <\/p>\n","protected":false},"excerpt":{"rendered":"<p>Brigadas de la DUEP tambi\u00e9n retiraron puestos de vendedores informales Santo Domingo, DN \u2013 La Alcald\u00eda del Distrito Nacional, a trav\u00e9s de su Direcci\u00f3n de Uso y de Espacios P\u00fablicos (DUEP), realiz\u00f3 intervenciones en el Ensanche La Fe y Villa Juana, donde retir\u00f3 compresores, veh\u00edculos chatarras, clausur\u00f3 un taller y recuper\u00f3 aceras ocupadas por negocios. [&hellip;]<\/p>\n","protected":false},"author":7,"featured_media":594597,"comment_status":"closed","ping_status":"closed","sticky":true,"template":"","format":"standard","meta":{"footnotes":""},"categories":[20,22,32],"tags":[500],"class_list":["post-594572","post","type-post","status-publish","format-standard","has-post-thumbnail","hentry","category-dominicana-hoy","category-politica","category-turismo","tag-adn"],"_links":{"self":[{"href":"https:\/\/diariodominicano.com\/index.php?rest_route=\/wp\/v2\/posts\/594572","targetHints":{"allow":["GET"]}}],"collection":[{"href":"https:\/\/diariodominicano.com\/index.php?rest_route=\/wp\/v2\/posts"}],"about":[{"href":"https:\/\/diariodominicano.com\/index.php?rest_route=\/wp\/v2\/types\/post"}],"author":[{"embeddable":true,"href":"https:\/\/diariodominicano.com\/index.php?rest_route=\/wp\/v2\/users\/7"}],"replies":[{"embeddable":true,"href":"https:\/\/diariodominicano.com\/index.php?rest_route=%2Fwp%2Fv2%2Fcomments&post=594572"}],"version-history":[{"count":2,"href":"https:\/\/diariodominicano.com\/index.php?rest_route=\/wp\/v2\/posts\/594572\/revisions"}],"predecessor-version":[{"id":594721,"href":"https:\/\/diariodominicano.com\/index.php?rest_route=\/wp\/v2\/posts\/594572\/revisions\/594721"}],"wp:featuredmedia":[{"embeddable":true,"href":"https:\/\/diariodominicano.com\/index.php?rest_route=\/wp\/v2\/media\/594597"}],"wp:attachment":[{"href":"https:\/\/diariodominicano.com\/index.php?rest_route=%2Fwp%2Fv2%2Fmedia&parent=594572"}],"wp:term":[{"taxonomy":"category","embeddable":true,"href":"https:\/\/diariodominicano.com\/index.php?rest_route=%2Fwp%2Fv2%2Fcategories&post=594572"},{"taxonomy":"post_tag","embeddable":true,"href":"https:\/\/diariodominicano.com\/index.php?rest_route=%2Fwp%2Fv2%2Ftags&post=594572"}],"curies":[{"name":"wp","href":"https:\/\/api.w.org\/{rel}","templated":true}]}}