{"id":594213,"date":"2025-02-06T00:53:11","date_gmt":"2025-02-06T04:53:11","guid":{"rendered":"https:\/\/diariodominicano.com\/?p=594213"},"modified":"2025-02-06T02:57:02","modified_gmt":"2025-02-06T06:57:02","slug":"jueza-ordena-poner-en-pausa-orden-de-trump-sobre-ciudadania-por-nacimiento","status":"publish","type":"post","link":"https:\/\/diariodominicano.com\/?p=594213","title":{"rendered":"Jueza ordena poner en pausa orden de Trump sobre ciudadan\u00eda por nacimiento"},"content":{"rendered":"\n<p>Associated Press <\/p>\n\n\n\n<p>Un tribunal federal de Maryland se convirti\u00f3 en el segundo a nivel nacional en ordenar una pausa en la implementaci\u00f3n de la orden ejecutiva con la que el presidente Donald Trump busca restringir la ciudadan\u00eda por nacimiento en EEUU.<\/p>\n\n\n\n<p>GREENBELT, Maryland, EEUU \u2014&nbsp;<\/p>\n\n\n\n<p>Una jueza federal orden\u00f3 el mi\u00e9rcoles una segunda pausa a nivel nacional sobre la orden ejecutiva del presidente Donald Trump que&nbsp;<em><strong><a href=\"https:\/\/www.vozdeamerica.com\/a\/eeuu-fin-ciudadania-hijos-inmigrantes-sin-estatus-legal\/7946498.html\" target=\"_blank\" rel=\"noreferrer noopener\">busca terminar con la ciudadan\u00eda por derecho<\/a><\/strong><\/em>&nbsp;para cualquier persona nacida en Estados Unidos de alguien que se encuentre en el pa\u00eds de manera irregular, calificando la ciudadan\u00eda como el \u201cderecho m\u00e1s precioso\u201d.<\/p>\n\n\n\n<p>La jueza Deborah Boardman indic\u00f3 que ning\u00fan tribunal en el pa\u00eds ha respaldado la interpretaci\u00f3n de la administraci\u00f3n Trump de la Decimocuarta Enmienda y \u00abeste tribunal no ser\u00e1 el primero\u201d.<\/p>\n\n\n\n<p>Agreg\u00f3: \u201cLa ciudadan\u00eda es un derecho m\u00e1s precioso, otorgado expresamente por la Decimocuarta Enmienda de la Constituci\u00f3n\u201d.<\/p>\n\n\n\n<p>Boardman se\u00f1al\u00f3 que la ciudadan\u00eda es \u201cuna preocupaci\u00f3n nacional que exige una pol\u00edtica uniforme\u201d, a\u00f1adiendo que \u201csolo una orden judicial a nivel nacional proporcionar\u00e1 un alivio completo a los demandantes\u201d. <a href=\"https:\/\/www.vozdeamerica.com\/a\/aumenta-debate-sobre-iniciativa-de-trump-de-poner-fin-a-la-ciudadania-por-derecho-de-nacimiento-en-eeuu\/7956650.html\"><\/a><\/p>\n\n\n\n<p>Despu\u00e9s de leer su fallo desde el estrado, la jueza pregunt\u00f3 a un abogado del gobierno si apelar\u00edan su decisi\u00f3n. El abogado respondi\u00f3 que no ten\u00eda la autoridad para tomar una posici\u00f3n inmediata sobre esa pregunta.<\/p>\n\n\n\n<p>La orden de Trump&nbsp;<em><strong><a href=\"https:\/\/www.vozdeamerica.com\/a\/juez-bloquea-temporalmente-orden-trump-cancelar-ciudadania-nacimiento-\/7947897.html\" target=\"_blank\" rel=\"noreferrer noopener\">ya hab\u00eda sido temporalmente suspendida a nivel nacional<\/a><\/strong><\/em>&nbsp;debido a una demanda separada presentada por cuatro estados en el estado de Washington, donde un juez calific\u00f3 la orden de \u201cflagrantemente inconstitucional\u201d. En total, 22 estados, as\u00ed como otras organizaciones, han demandado para intentar detener la acci\u00f3n ejecutiva.<\/p>\n\n\n\n<p>Boardman, nominada por el expresidente Joe Biden, accedi\u00f3 a la orden preliminar despu\u00e9s de una audiencia en el tribunal federal en Greenbelt, Maryland. Grupos de defensa de los derechos de los inmigrantes como CASA y el Proyecto de Defensa del Solicitante de Asilo, y un pu\u00f1ado de madres embarazadas presentaron la demanda ante Boardman.<\/p>\n\n\n\n<p>En el coraz\u00f3n de las demandas se encuentra la Decimocuarta Enmienda de la Constituci\u00f3n, ratificada en 1868 despu\u00e9s de la Guerra Civil y la decisi\u00f3n de la Corte Suprema en el caso Dred Scott que determin\u00f3 que Scott, un esclavo, no era ciudadano.<\/p>\n\n\n\n<p>\u201cEl principio de la ciudadan\u00eda por derecho de nacimiento es un fundamento de nuestra democracia nacional, est\u00e1 entrelazado en las leyes de nuestra naci\u00f3n y ha moldeado un sentido compartido de pertenencia nacional para generaci\u00f3n tras generaci\u00f3n de ciudadanos\u201d, argumentaron los demandantes. <\/p>\n\n\n\n<p>La administraci\u00f3n Trump sostiene que los hijos de no ciudadanos no est\u00e1n \u201csujetos a la jurisdicci\u00f3n\u201d de Estados Unidos y, por lo tanto, no tienen derecho a la ciudadan\u00eda.<\/p>\n\n\n\n<p>\u201cLa Constituci\u00f3n no alberga una cl\u00e1usula beneficiosa que otorgue la ciudadan\u00eda estadounidense a, entre otros: los hijos de aquellos que han eludido (o desafiado abiertamente) las leyes federales de inmigraci\u00f3n\u201d, argument\u00f3 el gobierno en respuesta a la demanda de los demandantes de Maryland.<\/p>\n\n\n\n<p>La Decimocuarta Enmienda se agreg\u00f3 despu\u00e9s de la Guerra Civil para asegurar la ciudadan\u00eda para los esclavos liberados y los afroaestadounidenses libres. Establece: \u201cTodas las personas nacidas o naturalizadas en Estados Unidos y sujetas a su jurisdicci\u00f3n, son ciudadanos de Estados Unidos y del Estado en el que residen\u201d.<\/p>\n\n\n\n<p>Adem\u00e1s de los 22 estados con fiscales generales dem\u00f3cratas que buscan detener la orden, 18 fiscales generales republicanos anunciaron esta semana que buscan defender la orden del presidente uni\u00e9ndose a una de las demandas federales presentadas en Nueva Hampshire. <\/p>\n\n\n\n<p>Estados Unidos est\u00e1 entre unos 30 pa\u00edses donde se aplica la ciudadan\u00eda por derecho de nacimiento \u2014el principio de jus soli o \u201cderecho del suelo\u201d\u2014. La mayor\u00eda est\u00e1n en las Am\u00e9ricas, y Canad\u00e1 y M\u00e9xico est\u00e1n entre ellos.<\/p>\n\n\n\n<p>Durante su primera semana en el cargo, Trump firm\u00f3 diez \u00f3rdenes ejecutivas sobre inmigraci\u00f3n y emiti\u00f3 decretos para cumplir las promesas de deportaciones masivas y seguridad fronteriza.<\/p>\n\n\n\n<p>Algunas acciones se sintieron de inmediato. Otras enfrentan desaf\u00edos legales. Si ocurren, otras \u00f3rdenes pueden tardar a\u00f1os en realizarse pero han generado miedo en las comunidades de inmigrantes.<\/p>\n\n\n\n<p>La suerte de las iniciativas de Trump podr\u00eda depender del dinero. Se espera que el Congreso considere pronto el apoyo financiero. Trump podr\u00eda usar poderes de emergencia para acceder al Departamento de Defensa, como lo hizo para un muro fronterizo durante su primer mandato. <\/p>\n","protected":false},"excerpt":{"rendered":"<p>Associated Press Un tribunal federal de Maryland se convirti\u00f3 en el segundo a nivel nacional en ordenar una pausa en la implementaci\u00f3n de la orden ejecutiva con la que el presidente Donald Trump busca restringir la ciudadan\u00eda por nacimiento en EEUU. GREENBELT, Maryland, EEUU \u2014&nbsp; Una jueza federal orden\u00f3 el mi\u00e9rcoles una segunda pausa a [&hellip;]<\/p>\n","protected":false},"author":28,"featured_media":594214,"comment_status":"closed","ping_status":"closed","sticky":true,"template":"","format":"standard","meta":{"footnotes":""},"categories":[36,23,24],"tags":[],"class_list":["post-594213","post","type-post","status-publish","format-standard","has-post-thumbnail","hentry","category-hombresmujeresycosas","category-internacional","category-justicia-y-derecho"],"_links":{"self":[{"href":"https:\/\/diariodominicano.com\/index.php?rest_route=\/wp\/v2\/posts\/594213","targetHints":{"allow":["GET"]}}],"collection":[{"href":"https:\/\/diariodominicano.com\/index.php?rest_route=\/wp\/v2\/posts"}],"about":[{"href":"https:\/\/diariodominicano.com\/index.php?rest_route=\/wp\/v2\/types\/post"}],"author":[{"embeddable":true,"href":"https:\/\/diariodominicano.com\/index.php?rest_route=\/wp\/v2\/users\/28"}],"replies":[{"embeddable":true,"href":"https:\/\/diariodominicano.com\/index.php?rest_route=%2Fwp%2Fv2%2Fcomments&post=594213"}],"version-history":[{"count":3,"href":"https:\/\/diariodominicano.com\/index.php?rest_route=\/wp\/v2\/posts\/594213\/revisions"}],"predecessor-version":[{"id":594298,"href":"https:\/\/diariodominicano.com\/index.php?rest_route=\/wp\/v2\/posts\/594213\/revisions\/594298"}],"wp:featuredmedia":[{"embeddable":true,"href":"https:\/\/diariodominicano.com\/index.php?rest_route=\/wp\/v2\/media\/594214"}],"wp:attachment":[{"href":"https:\/\/diariodominicano.com\/index.php?rest_route=%2Fwp%2Fv2%2Fmedia&parent=594213"}],"wp:term":[{"taxonomy":"category","embeddable":true,"href":"https:\/\/diariodominicano.com\/index.php?rest_route=%2Fwp%2Fv2%2Fcategories&post=594213"},{"taxonomy":"post_tag","embeddable":true,"href":"https:\/\/diariodominicano.com\/index.php?rest_route=%2Fwp%2Fv2%2Ftags&post=594213"}],"curies":[{"name":"wp","href":"https:\/\/api.w.org\/{rel}","templated":true}]}}