{"id":594148,"date":"2025-02-05T18:46:30","date_gmt":"2025-02-05T22:46:30","guid":{"rendered":"https:\/\/diariodominicano.com\/?p=594148"},"modified":"2025-02-05T18:51:36","modified_gmt":"2025-02-05T22:51:36","slug":"el-instituto-nacional-de-educacion-fisica-remozo-la-cancha-de-la-escuela-republica-de-panama-y-realizo-exhibiciones-con-atletas-de-alto-rendimiento","status":"publish","type":"post","link":"https:\/\/diariodominicano.com\/?p=594148","title":{"rendered":"El Instituto Nacional de Educaci\u00f3n F\u00edsica remoz\u00f3 la cancha de la Escuela Rep\u00fablica de Panam\u00e1 y realiz\u00f3 exhibiciones con atletas de alto rendimiento"},"content":{"rendered":"\n<p>En el evento participaron representantes de la embajada de Panam\u00e1 en el pa\u00eds.<\/p>\n\n\n\n<p>SANTO DOMINGO ESTE.- El Instituto Nacional de Educaci\u00f3n F\u00edsica (INEFI) realiz\u00f3 un acto junto a representantes de la embajada de Panam\u00e1 en la Rep\u00fablica Dominicana, en el que se remoz\u00f3 el \u00e1rea deportiva, atletas de alto rendimiento dieron charlas a los estudiantes y se entreg\u00f3 utiler\u00eda a la Escuela de Educaci\u00f3n Inicial y Primaria Rep\u00fablica de Panam\u00e1, en Santo Domingo Este.<\/p>\n\n\n\n<figure class=\"wp-block-gallery has-nested-images columns-default is-cropped wp-block-gallery-1 is-layout-flex wp-block-gallery-is-layout-flex\">\n<figure class=\"wp-block-image size-large\"><img loading=\"lazy\" decoding=\"async\" width=\"1024\" height=\"770\" data-id=\"594169\" src=\"https:\/\/diariodominicano.com\/wp-content\/uploads\/2025\/02\/La-ex-reina-del-Caribe-Gina-Mambru-del-programa-Atletas-con-INEFI-1024x770.jpg\" alt=\"\" class=\"wp-image-594169\" srcset=\"https:\/\/diariodominicano.com\/wp-content\/uploads\/2025\/02\/La-ex-reina-del-Caribe-Gina-Mambru-del-programa-Atletas-con-INEFI-1024x770.jpg 1024w, https:\/\/diariodominicano.com\/wp-content\/uploads\/2025\/02\/La-ex-reina-del-Caribe-Gina-Mambru-del-programa-Atletas-con-INEFI-300x225.jpg 300w, https:\/\/diariodominicano.com\/wp-content\/uploads\/2025\/02\/La-ex-reina-del-Caribe-Gina-Mambru-del-programa-Atletas-con-INEFI-768x577.jpg 768w, https:\/\/diariodominicano.com\/wp-content\/uploads\/2025\/02\/La-ex-reina-del-Caribe-Gina-Mambru-del-programa-Atletas-con-INEFI-816x613.jpg 816w, https:\/\/diariodominicano.com\/wp-content\/uploads\/2025\/02\/La-ex-reina-del-Caribe-Gina-Mambru-del-programa-Atletas-con-INEFI.jpg 1280w\" sizes=\"auto, (max-width: 1024px) 100vw, 1024px\" \/><figcaption class=\"wp-element-caption\">La ex reina del Caribe, Gina Mambr\u00fa, del programa \u00abAtletas con INEFI\u00bb, se dirige a los asistentes a la entrega de una cancha remozada y utiler\u00eda deportiva realizada por el Instituto Nacional de Educaci\u00f3n F\u00edsica en la Escuela de Educaci\u00f3n Inicial y Primaria Rep\u00fablica de Panam\u00e1, en el Ensanche Ozama <\/figcaption><\/figure>\n<\/figure>\n\n\n\n<p>\u201cCon la entrega de esta cancha remozada y de utiler\u00eda deportiva, continuamos fomentando el desarrollo integral de los estudiantes a trav\u00e9s de la mejora de los espacios deportivos, as\u00ed como la implementaci\u00f3n de programas estrat\u00e9gicos que van en favor del deporte escolar\u201d, manifest\u00f3 Alberto Rodr\u00edguez, director ejecutivo del INEFI.<\/p>\n\n\n\n<p>Rodr\u00edguez destac\u00f3 la implementaci\u00f3n de programas como \u201cRecre\u00e1ndome con INEFI\u201d y \u201cAtletas con INEFI\u201d, con los que esa instituci\u00f3n descentralizada ha impactado escuelas en todo el territorio nacional en los \u00faltimos dos a\u00f1os.<\/p>\n\n\n\n<p>De su lado, Merlina Mor\u00e1n, agregada cultural de la embajada de Panam\u00e1 en la Rep\u00fablica Dominicana, en representaci\u00f3n de la embajadora Yira Ramonet Garc\u00eda, agradeci\u00f3 la colaboraci\u00f3n del INEFI en el respaldo a los estudiantes y a la mejora de las instalaciones de la Escuela Rep\u00fablica de Panam\u00e1.<\/p>\n\n\n\n<figure class=\"wp-block-gallery has-nested-images columns-default is-cropped wp-block-gallery-2 is-layout-flex wp-block-gallery-is-layout-flex\">\n<figure class=\"wp-block-image size-large\"><img loading=\"lazy\" decoding=\"async\" width=\"1024\" height=\"682\" data-id=\"594168\" src=\"https:\/\/diariodominicano.com\/wp-content\/uploads\/2025\/02\/Alberto-Rodriguez-director-INEFI-1024x682.jpg\" alt=\"\" class=\"wp-image-594168\" srcset=\"https:\/\/diariodominicano.com\/wp-content\/uploads\/2025\/02\/Alberto-Rodriguez-director-INEFI-1024x682.jpg 1024w, https:\/\/diariodominicano.com\/wp-content\/uploads\/2025\/02\/Alberto-Rodriguez-director-INEFI-300x200.jpg 300w, https:\/\/diariodominicano.com\/wp-content\/uploads\/2025\/02\/Alberto-Rodriguez-director-INEFI-768x512.jpg 768w, https:\/\/diariodominicano.com\/wp-content\/uploads\/2025\/02\/Alberto-Rodriguez-director-INEFI-816x544.jpg 816w, https:\/\/diariodominicano.com\/wp-content\/uploads\/2025\/02\/Alberto-Rodriguez-director-INEFI.jpg 1280w\" sizes=\"auto, (max-width: 1024px) 100vw, 1024px\" \/><figcaption class=\"wp-element-caption\">Alberto Rodr\u00edguez, director del Instituto Nacional de Educaci\u00f3n F\u00edsica, observa una de las exhibiciones de judo realizadas por el programa \u00abAtletas con INEFI\u00bb en la Escuela de Educaci\u00f3n Inicial y Primaria Rep\u00fablica de Panam\u00e1, en el Ensanche Ozama <\/figcaption><\/figure>\n<\/figure>\n\n\n\n<p>En la jornada, Alberto Ozuna, ex miembro de la selecci\u00f3n nacional de baloncesto, y coordinador del programa \u201cRecre\u00e1ndome con el INEFI\u201d, imparti\u00f3 varios ejercicios a ni\u00f1os de primaria. Entre los deportistas que forman parte del programa \u201cAtletas con INEFI\u201d estuvieron presentes en el plantel escolar la judoca Mar\u00eda Garc\u00eda, las inmortal de tenis de mesa, Blanca Iris Alejo respectivamente; la ex reina del Caribe, Gina Mambr\u00fa; el nadador paral\u00edmpico de ultra distancia, Patricio L\u00f3pez, entre otros.<\/p>\n\n\n\n<p>Tambi\u00e9n estuvieron presentes los atletas y dirigentes deportivos Braulio Ram\u00edrez (ajedrez), Jos\u00e9 Fortuna (baloncesto), Cari Luz Dom\u00ednguez (balonmano) y Napole\u00f3n Calzado (b\u00e9isbol).<\/p>\n\n\n\n<p>PRENSA INEFI <a href=\"mailto:prensainefi@gmail.com\">prensainefi@gmail.com<\/a> <\/p>\n","protected":false},"excerpt":{"rendered":"<p>En el evento participaron representantes de la embajada de Panam\u00e1 en el pa\u00eds. SANTO DOMINGO ESTE.- El Instituto Nacional de Educaci\u00f3n F\u00edsica (INEFI) realiz\u00f3 un acto junto a representantes de la embajada de Panam\u00e1 en la Rep\u00fablica Dominicana, en el que se remoz\u00f3 el \u00e1rea deportiva, atletas de alto rendimiento dieron charlas a los estudiantes [&hellip;]<\/p>\n","protected":false},"author":7,"featured_media":594170,"comment_status":"closed","ping_status":"closed","sticky":false,"template":"","format":"standard","meta":{"footnotes":""},"categories":[17],"tags":[491],"class_list":["post-594148","post","type-post","status-publish","format-standard","has-post-thumbnail","hentry","category-deportes","tag-inefi"],"_links":{"self":[{"href":"https:\/\/diariodominicano.com\/index.php?rest_route=\/wp\/v2\/posts\/594148","targetHints":{"allow":["GET"]}}],"collection":[{"href":"https:\/\/diariodominicano.com\/index.php?rest_route=\/wp\/v2\/posts"}],"about":[{"href":"https:\/\/diariodominicano.com\/index.php?rest_route=\/wp\/v2\/types\/post"}],"author":[{"embeddable":true,"href":"https:\/\/diariodominicano.com\/index.php?rest_route=\/wp\/v2\/users\/7"}],"replies":[{"embeddable":true,"href":"https:\/\/diariodominicano.com\/index.php?rest_route=%2Fwp%2Fv2%2Fcomments&post=594148"}],"version-history":[{"count":2,"href":"https:\/\/diariodominicano.com\/index.php?rest_route=\/wp\/v2\/posts\/594148\/revisions"}],"predecessor-version":[{"id":594173,"href":"https:\/\/diariodominicano.com\/index.php?rest_route=\/wp\/v2\/posts\/594148\/revisions\/594173"}],"wp:featuredmedia":[{"embeddable":true,"href":"https:\/\/diariodominicano.com\/index.php?rest_route=\/wp\/v2\/media\/594170"}],"wp:attachment":[{"href":"https:\/\/diariodominicano.com\/index.php?rest_route=%2Fwp%2Fv2%2Fmedia&parent=594148"}],"wp:term":[{"taxonomy":"category","embeddable":true,"href":"https:\/\/diariodominicano.com\/index.php?rest_route=%2Fwp%2Fv2%2Fcategories&post=594148"},{"taxonomy":"post_tag","embeddable":true,"href":"https:\/\/diariodominicano.com\/index.php?rest_route=%2Fwp%2Fv2%2Ftags&post=594148"}],"curies":[{"name":"wp","href":"https:\/\/api.w.org\/{rel}","templated":true}]}}