{"id":594058,"date":"2025-02-05T14:27:20","date_gmt":"2025-02-05T18:27:20","guid":{"rendered":"https:\/\/diariodominicano.com\/?p=594058"},"modified":"2025-02-05T14:31:21","modified_gmt":"2025-02-05T18:31:21","slug":"caf-y-tetra-pak-firman-acuerdo-para-transformar-los-sistemas-de-reciclaje-en-america-latina-y-el-caribe","status":"publish","type":"post","link":"https:\/\/diariodominicano.com\/?p=594058","title":{"rendered":"CAF y Tetra Pak firman acuerdo para transformar los sistemas de reciclaje en Am\u00e9rica Latina y el Caribe\u00a0"},"content":{"rendered":"\n<ul class=\"wp-block-list\">\n<li>La alianza se centra en promover la econom\u00eda circular, la eficiencia de recursos y fortalecer la cadena de reciclaje y recolecci\u00f3n en la regi\u00f3n.<\/li>\n<\/ul>\n\n\n\n<p><strong>Santo Domingo. Enero de 2025. \u2013<\/strong>&nbsp;CAF &#8211; Banco de Desarrollo de Am\u00e9rica Latina y el Caribe, y Tetra Pak han firmado un memor\u00e1ndum de entendimiento que establece un marco de colaboraci\u00f3n para impulsar proyectos y acciones orientados al desarrollo sostenible en Am\u00e9rica Latina y el Caribe. La firma del acuerdo tuvo lugar en Panam\u00e1 durante el Foro Econ\u00f3mico Internacional de Am\u00e9rica Latina y el Caribe 2025.<\/p>\n\n\n\n<p>En el encuentro para la firma de este acuerdo, junto a Sergio D\u00edaz-Granados, presidente ejecutivo del CAF, participaron por parte de Tetra Pak, Luis Santamar\u00eda, director ejecutivo para Am\u00e9rica Central y el Caribe, en compa\u00f1\u00eda de Santiago Pardo jefe de asuntos p\u00fablicos y relaciones gubernamentales para la regi\u00f3n de Andina, Centroam\u00e9rica y el Caribe de Tetra Pak. Este acuerdo estrat\u00e9gico busca abordar desaf\u00edos ambientales clave a trav\u00e9s de tres \u00e1reas de acci\u00f3n principales:<\/p>\n\n\n\n<ul class=\"wp-block-list\">\n<li><strong>Econom\u00eda circular<\/strong>: Desarrollo y ampliaci\u00f3n de soluciones de recolecci\u00f3n y reciclaje en mercados estrat\u00e9gicos, apoyando a los municipios locales para fortalecer sus capacidades en la gesti\u00f3n de residuos.<\/li>\n\n\n\n<li><strong>Eficiencia de recursos<\/strong>: Reducci\u00f3n del impacto ambiental mediante la incorporaci\u00f3n de materiales reciclables en las cadenas de valor, en l\u00ednea con los Objetivos de Desarrollo Sostenible (ODS) de las Naciones Unidas.<\/li>\n\n\n\n<li><strong>Acciones colaborativas<\/strong>: Implementaci\u00f3n de iniciativas conjuntas que aborden los desaf\u00edos ambientales y promuevan sistemas alimentarios m\u00e1s seguros y accesibles para todos.<\/li>\n<\/ul>\n\n\n\n<p>Santiago Pardo, jefe de asuntos p\u00fablicos y relaciones gubernamentales para la regi\u00f3n de Andina, Centroam\u00e9rica y el Caribe de Tetra Pak, destac\u00f3, \u201cla firma de este memor\u00e1ndum con CAF reafirma nuestro compromiso con el desarrollo sostenible en la regi\u00f3n. Creemos firmemente que el reciclaje y la recolecci\u00f3n de envases son pilares esenciales para avanzar hacia un futuro circular. Este acuerdo es una muestra del trabajo que venimos realizando para reducir la huella ambiental, fomentar una cadena de valor del reciclaje m\u00e1s eficiente y por reafirmar nuestra promesa de proteger lo bueno: los alimentos, las personas y el planeta\u201d.<\/p>\n\n\n\n<p>La colaboraci\u00f3n entre Tetra Pak y CAF representa un paso significativo hacia la construcci\u00f3n de sistemas de reciclaje efectivos y sostenibles, que permitan enfrentar los retos ambientales y transformar el reciclaje en una oportunidad de cambio en los pa\u00edses de Am\u00e9rica Latina y el Caribe. Ambas entidades comparten la visi\u00f3n de trabajar de manera conjunta con todos los actores de la cadena de valor para promover pr\u00e1cticas innovadoras y responsables que beneficien a las comunidades y al medio ambiente.<\/p>\n\n\n\n<p>Con este acuerdo, Tetra Pak y CAF consolidan su liderazgo en la promoci\u00f3n de soluciones sostenibles que contribuyan a un futuro ambientalmente responsable en la regi\u00f3n, a trav\u00e9s de la educaci\u00f3n ambiental y el apoyo a los actores de la cadena de recolecci\u00f3n y reciclaje.&nbsp;<\/p>\n\n\n\n<p><strong>ANNAY MART\u00cdNEZ&nbsp;<\/strong><\/p>\n\n\n\n<p><strong>Asesora de Comunicaciones Senior&nbsp;<\/strong><\/p>\n\n\n\n<p><strong>Annay Martinez<\/strong>\u00a0&lt;annay.martinez@caribbeanpn.com> <\/p>\n","protected":false},"excerpt":{"rendered":"<p>Santo Domingo. Enero de 2025. \u2013&nbsp;CAF &#8211; Banco de Desarrollo de Am\u00e9rica Latina y el Caribe, y Tetra Pak han firmado un memor\u00e1ndum de entendimiento que establece un marco de colaboraci\u00f3n para impulsar proyectos y acciones orientados al desarrollo sostenible en Am\u00e9rica Latina y el Caribe. La firma del acuerdo tuvo lugar en Panam\u00e1 durante [&hellip;]<\/p>\n","protected":false},"author":7,"featured_media":594064,"comment_status":"closed","ping_status":"closed","sticky":false,"template":"","format":"standard","meta":{"footnotes":""},"categories":[36],"tags":[474,145],"class_list":["post-594058","post","type-post","status-publish","format-standard","has-post-thumbnail","hentry","category-hombresmujeresycosas","tag-caf","tag-tetra-pak"],"_links":{"self":[{"href":"https:\/\/diariodominicano.com\/index.php?rest_route=\/wp\/v2\/posts\/594058","targetHints":{"allow":["GET"]}}],"collection":[{"href":"https:\/\/diariodominicano.com\/index.php?rest_route=\/wp\/v2\/posts"}],"about":[{"href":"https:\/\/diariodominicano.com\/index.php?rest_route=\/wp\/v2\/types\/post"}],"author":[{"embeddable":true,"href":"https:\/\/diariodominicano.com\/index.php?rest_route=\/wp\/v2\/users\/7"}],"replies":[{"embeddable":true,"href":"https:\/\/diariodominicano.com\/index.php?rest_route=%2Fwp%2Fv2%2Fcomments&post=594058"}],"version-history":[{"count":2,"href":"https:\/\/diariodominicano.com\/index.php?rest_route=\/wp\/v2\/posts\/594058\/revisions"}],"predecessor-version":[{"id":594066,"href":"https:\/\/diariodominicano.com\/index.php?rest_route=\/wp\/v2\/posts\/594058\/revisions\/594066"}],"wp:featuredmedia":[{"embeddable":true,"href":"https:\/\/diariodominicano.com\/index.php?rest_route=\/wp\/v2\/media\/594064"}],"wp:attachment":[{"href":"https:\/\/diariodominicano.com\/index.php?rest_route=%2Fwp%2Fv2%2Fmedia&parent=594058"}],"wp:term":[{"taxonomy":"category","embeddable":true,"href":"https:\/\/diariodominicano.com\/index.php?rest_route=%2Fwp%2Fv2%2Fcategories&post=594058"},{"taxonomy":"post_tag","embeddable":true,"href":"https:\/\/diariodominicano.com\/index.php?rest_route=%2Fwp%2Fv2%2Ftags&post=594058"}],"curies":[{"name":"wp","href":"https:\/\/api.w.org\/{rel}","templated":true}]}}