{"id":593834,"date":"2025-02-04T18:52:24","date_gmt":"2025-02-04T22:52:24","guid":{"rendered":"https:\/\/diariodominicano.com\/?p=593834"},"modified":"2025-02-04T18:53:10","modified_gmt":"2025-02-04T22:53:10","slug":"inefi-y-federaciones-deportivas-muestran-un-solido-matrimonio-rumbo-a-los-juegos-escolares-deportivos-nacionales-2025","status":"publish","type":"post","link":"https:\/\/diariodominicano.com\/?p=593834","title":{"rendered":"INEFI y federaciones deportivas muestran un s\u00f3lido matrimonio rumbo a los Juegos Escolares Deportivos Nacionales 2025"},"content":{"rendered":"\n<p><strong><em><u>Las 22 federaciones que participar\u00e1n en el evento, que ser\u00e1 celebrado en San Francisco, se han integrado de lleno al montaje de la decimoprimera versi\u00f3n de los juegos.<\/u><\/em><\/strong><\/p>\n\n\n\n<p>SANTO DOMINGO.- Representantes de las 22 federaciones deportivas, que se dieron cita en el encuentro sostenido este martes con funcionarios y t\u00e9cnicos del Instituto Nacional de Educaci\u00f3n F\u00edsica (INEFI), mostraron su inter\u00e9s y disposici\u00f3n de que los XI Juegos Escolares Deportivos Nacionales San Francisco de Macor\u00eds 2025, a celebrarse desde el 26 julio al 2 de agosto pr\u00f3ximo, superen el \u00e9xito de los de Barahona 2023.<\/p>\n\n\n\n<figure class=\"wp-block-image size-full is-resized\"><img loading=\"lazy\" decoding=\"async\" width=\"400\" height=\"267\" src=\"https:\/\/diariodominicano.com\/wp-content\/uploads\/2025\/02\/Vista-encuentro-sostenido-por-Alberto-Rodriguez-director-ejecutivo-del-INEFI.png\" alt=\"\" class=\"wp-image-593863\" style=\"width:616px;height:auto\" srcset=\"https:\/\/diariodominicano.com\/wp-content\/uploads\/2025\/02\/Vista-encuentro-sostenido-por-Alberto-Rodriguez-director-ejecutivo-del-INEFI.png 400w, https:\/\/diariodominicano.com\/wp-content\/uploads\/2025\/02\/Vista-encuentro-sostenido-por-Alberto-Rodriguez-director-ejecutivo-del-INEFI-300x200.png 300w\" sizes=\"auto, (max-width: 400px) 100vw, 400px\" \/><\/figure>\n\n\n\n<p>La actividad estuvo encabezada por el director ejecutivo del INEFI, Alberto Rodr\u00edguez, quien asegur\u00f3 que la pr\u00f3xima edici\u00f3n del certamen estudiantil contar\u00e1 con mejor organizaci\u00f3n y planificaci\u00f3n, exhortando a los 22 representantes presentar los detalles a tomar en cuenta para el \u00e9xito del certamen.<\/p>\n\n\n\n<p>\u201cEste encuentro-conversatorio tiene la finalidad de coordinar y organizar con tiempo de antelaci\u00f3n todos los preparativos para llevar a buen \u00e9xito los XI Juegos Escolares Deportivos Nacionales San Francisco de Macor\u00eds 2025 en julio y agosto pr\u00f3ximos\u201d, indic\u00f3 Rodr\u00edguez.<\/p>\n\n\n\n<p>El director del INEFI indic\u00f3 que todas las federaciones deportivas que tendr\u00e1n participaci\u00f3n en el evento tienen alianzas con el INEFI y han trabajado durante todo el a\u00f1o escolar en escuelas del pa\u00eds.<\/p>\n\n\n\n<p><strong>Veintid\u00f3s disciplinas<\/strong><\/p>\n\n\n\n<p>En la pr\u00f3xima edici\u00f3n de los Juegos Escolares San Francisco de Macor\u00eds ver\u00e1n acci\u00f3n 4,658 estudiantes de ambos sexos con edades comprendidas entre los 12 y 15 a\u00f1os.<\/p>\n\n\n\n<p>Las disciplinas ser\u00e1n ajedrez, baloncesto, baloncesto 3&#215;3, b\u00e9isbol, f\u00fatbol, futsal, gimnasia de grupo, judo, karate, lucha, tenis de mesa, softbol, b\u00e1dminton, balonmano, carrera de orientaci\u00f3n, taekwondo y voleibol.<\/p>\n\n\n\n<p>Rodr\u00edguez tambi\u00e9n le dio la bienvenida al tenis de mesa, levantamiento de pesas y a la nataci\u00f3n, tres deportes que accionar\u00e1n de manera de exhibici\u00f3n en la und\u00e9cima edici\u00f3n de los Juegos que tendr\u00e1 como subsedes a La Vega, Nagua y Salcedo.<\/p>\n\n\n\n<p>En el conversatorio estuvieron presentes, adem\u00e1s de los presidentes y representantes de las federaciones deportivas, C\u00e9sar Ruiz, director administrativo del INEFI, Eddy Gonz\u00e1lez, director t\u00e9cnico de INEFI, Gilberto Garc\u00eda, presidente de la Federaci\u00f3n Dominicana de Judo, quien es presidente de la comisi\u00f3n de seguimiento de los Juegos Escolares, Pedro Zamora, director de competencias de los juegos y Nelson Ram\u00edrez, miembro de la comisi\u00f3n de seguimiento.<\/p>\n\n\n\n<p><strong>PRENSA INEFI<\/strong>\u00a0&lt;prensainefi@gmail.com> <\/p>\n","protected":false},"excerpt":{"rendered":"<p>Las 22 federaciones que participar\u00e1n en el evento, que ser\u00e1 celebrado en San Francisco, se han integrado de lleno al montaje de la decimoprimera versi\u00f3n de los juegos. SANTO DOMINGO.- Representantes de las 22 federaciones deportivas, que se dieron cita en el encuentro sostenido este martes con funcionarios y t\u00e9cnicos del Instituto Nacional de Educaci\u00f3n [&hellip;]<\/p>\n","protected":false},"author":7,"featured_media":593863,"comment_status":"closed","ping_status":"closed","sticky":false,"template":"","format":"standard","meta":{"footnotes":""},"categories":[17],"tags":[491,1614],"class_list":["post-593834","post","type-post","status-publish","format-standard","has-post-thumbnail","hentry","category-deportes","tag-inefi","tag-juegos-escolares-deportivos-nacionales"],"_links":{"self":[{"href":"https:\/\/diariodominicano.com\/index.php?rest_route=\/wp\/v2\/posts\/593834","targetHints":{"allow":["GET"]}}],"collection":[{"href":"https:\/\/diariodominicano.com\/index.php?rest_route=\/wp\/v2\/posts"}],"about":[{"href":"https:\/\/diariodominicano.com\/index.php?rest_route=\/wp\/v2\/types\/post"}],"author":[{"embeddable":true,"href":"https:\/\/diariodominicano.com\/index.php?rest_route=\/wp\/v2\/users\/7"}],"replies":[{"embeddable":true,"href":"https:\/\/diariodominicano.com\/index.php?rest_route=%2Fwp%2Fv2%2Fcomments&post=593834"}],"version-history":[{"count":1,"href":"https:\/\/diariodominicano.com\/index.php?rest_route=\/wp\/v2\/posts\/593834\/revisions"}],"predecessor-version":[{"id":593865,"href":"https:\/\/diariodominicano.com\/index.php?rest_route=\/wp\/v2\/posts\/593834\/revisions\/593865"}],"wp:featuredmedia":[{"embeddable":true,"href":"https:\/\/diariodominicano.com\/index.php?rest_route=\/wp\/v2\/media\/593863"}],"wp:attachment":[{"href":"https:\/\/diariodominicano.com\/index.php?rest_route=%2Fwp%2Fv2%2Fmedia&parent=593834"}],"wp:term":[{"taxonomy":"category","embeddable":true,"href":"https:\/\/diariodominicano.com\/index.php?rest_route=%2Fwp%2Fv2%2Fcategories&post=593834"},{"taxonomy":"post_tag","embeddable":true,"href":"https:\/\/diariodominicano.com\/index.php?rest_route=%2Fwp%2Fv2%2Ftags&post=593834"}],"curies":[{"name":"wp","href":"https:\/\/api.w.org\/{rel}","templated":true}]}}