{"id":593833,"date":"2025-02-04T18:18:46","date_gmt":"2025-02-04T22:18:46","guid":{"rendered":"https:\/\/diariodominicano.com\/?p=593833"},"modified":"2025-02-04T18:22:34","modified_gmt":"2025-02-04T22:22:34","slug":"la-fundacion-rd-es-moda-impulsa-la-internacionalizacion-de-la-moda-dominicana-con-su-primera-coleccion-capsula-en-madrid","status":"publish","type":"post","link":"https:\/\/diariodominicano.com\/?p=593833","title":{"rendered":"La Fundaci\u00f3n RD es Moda impulsa la internacionalizaci\u00f3n de la moda dominicana con su primera colecci\u00f3n c\u00e1psula en Madrid"},"content":{"rendered":"\n<p><em>Los mejores dise\u00f1adores dominicanos se dan cita en WOW Concept Serrano para mostrar sus creaciones con las que buscan conquistar el mundo<\/em><\/p>\n\n\n\n<p>Madrid, 22 de enero de 2025 \u2013 Con el objetivo de llevar la moda dominicana a un p\u00fablico internacional, la <strong>Fundaci\u00f3n RD es Moda<\/strong> ha lanzado su primera colecci\u00f3n c\u00e1psula en el marco de la <strong>Feria Internacional de Turismo (FITUR)<\/strong>. \u201cSomos m\u00e1s que moda, somos cultura en movimiento\u201d, situado en el espacio Rooftop <a href=\"https:\/\/wowconcept.com\/\"><strong>WOW Concept Serrano<\/strong><\/a>, cuenta con el patrocinio del Voluntariado Banreservas, Banreservas y Ministerio de Turismo de la Rep\u00fablica Dominicana, y puede visitarse hasta el pr\u00f3ximo 21 de marzo, convirtiendo a Espa\u00f1a en la puerta de acceso al mercado internacional de la moda dominicana.<\/p>\n\n\n\n<figure class=\"wp-block-image\"><img decoding=\"async\" src=\"https:\/\/diariodominicano.com\/wp-content\/uploads\/2025\/02\/La-Fundacion-RD-es-Moda-impulsa-la-internacionalizacion-de-la-moda-dominicana-con-su-primera-coleccion-capsula-Madrid-1024x682.jpg\" alt=\"\"\/><\/figure>\n\n\n\n<p>El <strong>ministro de Turismo de Rep\u00fablica Dominicana, David Collado<\/strong>, presente en la inauguraci\u00f3n del acto, declar\u00f3: \u201cLa moda dominicana es una de nuestras mayores riquezas culturales. Con esta iniciativa, no s\u00f3lo promovemos el talento de nuestros dise\u00f1adores, sino que tambi\u00e9n fortalecemos la imagen de la Rep\u00fablica Dominicana como un destino tur\u00edstico atractivo que celebra su diversidad y creatividad. Estamos comprometidos en apoyar cada paso de esta internacionalizaci\u00f3n\u201d.<\/p>\n\n\n\n<p>Por otra parte, <strong>Laura Fern\u00e1ndez, presidenta de la Fundaci\u00f3n RD es Moda<\/strong>, asegur\u00f3: \u00abEs emocionante presentar en Espa\u00f1a la primera colecci\u00f3n c\u00e1psula de los mejores dise\u00f1adores dominicanos. Este evento no solo es un hito para nuestra fundaci\u00f3n, sino tambi\u00e9n una celebraci\u00f3n del talento y la creatividad que florece en nuestra isla. Hemos elegido Espa\u00f1a como el escenario para este lanzamiento debido a la estrecha relaci\u00f3n que hemos compartido a lo largo de los a\u00f1os. Espa\u00f1a no solo es un punto de conexi\u00f3n vital entre Am\u00e9rica Latina y Europa, sino que tambi\u00e9n representa una puerta de entrada a un mercado donde la moda dominicana puede brillar y ser apreciada. Nuestra colecci\u00f3n c\u00e1psula es una manifestaci\u00f3n del arte, la pasi\u00f3n y la diversidad de nuestros dise\u00f1adores. Estoy convencida de que esta iniciativa abrir\u00e1 nuevas oportunidades para nuestros creativos en el \u00e1mbito internacional\u00bb.<\/p>\n\n\n\n<p>En \u201cSomos m\u00e1s que moda, somos cultura en movimiento\u201d, se destaca la creatividad de algunos de los dise\u00f1adores m\u00e1s reconocidos del pa\u00eds, quienes han aportado una visi\u00f3n \u00fanica de su tierra, reflejando la riqueza y diversidad de su herencia cultural. Entre los participantes, encontramos a <a href=\"https:\/\/www.instagram.com\/jennypolanco\/?hl=es\"><strong>Jenny Polanco<\/strong><\/a>, con sus delicadas prendas de lino y detalles en \u00e1mbar; <a href=\"https:\/\/www.instagram.com\/carolinasocias\/?hl=es\"><strong>Carolina Socias<\/strong><\/a> y sus trajes de ba\u00f1o que evocan el clima tropical; <a href=\"https:\/\/www.instagram.com\/maylevasquez\/?hl=es\"><strong>Mayle V\u00e1squez<\/strong><\/a>, quien ofrece una visi\u00f3n vanguardista del Caribe inspirada en el Copey, una planta emblem\u00e1tica de la regi\u00f3n; la dise\u00f1adora <a href=\"https:\/\/www.instagram.com\/carolinasanz\/?hl=es\"><strong>Carolina Sanz<\/strong><\/a>, con sus creaciones vanguardistas; la reconocida marca de <a href=\"https:\/\/www.instagram.com\/hippolitostore\/\"><strong>Hip\u00f3lito Pe\u00f1a<\/strong><\/a>, con sus delicadas y famosas guayaberas; las joyas de <a href=\"https:\/\/www.instagram.com\/joarlacaridad\/?hl=es\"><strong>Joarla<\/strong><\/a>,<strong> <\/strong>cuya principal materia prima es el larimar, la emblem\u00e1tica piedra de Rep\u00fablica Dominicana; y los bolsos de piel de la marca <a href=\"https:\/\/www.instagram.com\/fiori_rd\/?hl=es\"><strong>Fiori<\/strong><\/a>, aut\u00e9nticas obras de arte para el d\u00eda a d\u00eda.&nbsp;&nbsp;<\/p>\n\n\n\n<p>El evento ha reunido a destacados rostros de la sociedad dominicana que apoyan la expansi\u00f3n de la moda de su pa\u00eds en el mundo, como el presidente de Banreservas, <strong>Samuel Pereyra<\/strong>; y la presidenta del Voluntariado Banreservas, <strong>Noelia Garc\u00eda de Pereyra<\/strong>, quienes han expresado su entusiasmo por el potencial de la moda dominicana en el \u00e1mbito internacional. \u201cLa moda no es algo pasajero es una v\u00eda para la expresi\u00f3n de la sociedad, podr\u00eda decirse que es un alma a la ventana de los pueblos\u201d, se\u00f1ala Garc\u00eda de Pereyra.&nbsp;<\/p>\n\n\n\n<p>Con esta iniciativa, la Fundaci\u00f3n RD es Moda se posiciona como un catalizador del talento dominicano, y busca abrir nuevas puertas y oportunidades en el mundo de la moda, celebrando la identidad cultural de su pa\u00eds en cada una de las creaciones que representa.<\/p>\n\n\n\n<p><em>Daniela Sena &lt;<\/em><a href=\"mailto:daniela@lendof.com.do\"><em>daniela@lendof.com.do<\/em><\/a><em>&gt;&nbsp;<\/em><\/p>\n","protected":false},"excerpt":{"rendered":"<p>Los mejores dise\u00f1adores dominicanos se dan cita en WOW Concept Serrano para mostrar sus creaciones con las que buscan conquistar el mundo Madrid, 22 de enero de 2025 \u2013 Con el objetivo de llevar la moda dominicana a un p\u00fablico internacional, la Fundaci\u00f3n RD es Moda ha lanzado su primera colecci\u00f3n c\u00e1psula en el marco [&hellip;]<\/p>\n","protected":false},"author":7,"featured_media":593857,"comment_status":"closed","ping_status":"closed","sticky":false,"template":"","format":"standard","meta":{"footnotes":""},"categories":[36],"tags":[1613],"class_list":["post-593833","post","type-post","status-publish","format-standard","has-post-thumbnail","hentry","category-hombresmujeresycosas","tag-fundacion-rd-es-moda"],"_links":{"self":[{"href":"https:\/\/diariodominicano.com\/index.php?rest_route=\/wp\/v2\/posts\/593833","targetHints":{"allow":["GET"]}}],"collection":[{"href":"https:\/\/diariodominicano.com\/index.php?rest_route=\/wp\/v2\/posts"}],"about":[{"href":"https:\/\/diariodominicano.com\/index.php?rest_route=\/wp\/v2\/types\/post"}],"author":[{"embeddable":true,"href":"https:\/\/diariodominicano.com\/index.php?rest_route=\/wp\/v2\/users\/7"}],"replies":[{"embeddable":true,"href":"https:\/\/diariodominicano.com\/index.php?rest_route=%2Fwp%2Fv2%2Fcomments&post=593833"}],"version-history":[{"count":2,"href":"https:\/\/diariodominicano.com\/index.php?rest_route=\/wp\/v2\/posts\/593833\/revisions"}],"predecessor-version":[{"id":593860,"href":"https:\/\/diariodominicano.com\/index.php?rest_route=\/wp\/v2\/posts\/593833\/revisions\/593860"}],"wp:featuredmedia":[{"embeddable":true,"href":"https:\/\/diariodominicano.com\/index.php?rest_route=\/wp\/v2\/media\/593857"}],"wp:attachment":[{"href":"https:\/\/diariodominicano.com\/index.php?rest_route=%2Fwp%2Fv2%2Fmedia&parent=593833"}],"wp:term":[{"taxonomy":"category","embeddable":true,"href":"https:\/\/diariodominicano.com\/index.php?rest_route=%2Fwp%2Fv2%2Fcategories&post=593833"},{"taxonomy":"post_tag","embeddable":true,"href":"https:\/\/diariodominicano.com\/index.php?rest_route=%2Fwp%2Fv2%2Ftags&post=593833"}],"curies":[{"name":"wp","href":"https:\/\/api.w.org\/{rel}","templated":true}]}}