{"id":593763,"date":"2025-02-04T16:38:13","date_gmt":"2025-02-04T20:38:13","guid":{"rendered":"https:\/\/diariodominicano.com\/?p=593763"},"modified":"2025-02-04T17:24:41","modified_gmt":"2025-02-04T21:24:41","slug":"superate-e-infotep-invertiran-500-millones-de-pesos-en-capacitacion-a-80-mil-personas","status":"publish","type":"post","link":"https:\/\/diariodominicano.com\/?p=593763","title":{"rendered":"Sup\u00e9rate e INFOTEP invertir\u00e1n 500 millones de pesos en capacitaci\u00f3n a 80 mil personas"},"content":{"rendered":"\n<ul class=\"wp-block-list\">\n<li><em>Ser\u00e1n impartidas m\u00e1s de 4,400 capacitaciones durante 2025<\/em> <\/li>\n<\/ul>\n\n\n\n<p><strong>Santo Domingo, 04 de febrero de 2025.<\/strong>&#8211; El programa gubernamental Sup\u00e9rate y el Instituto Nacional de Formaci\u00f3n T\u00e9cnico Profesional (INFOTEP) presentaron el programa de \u201cFortalecimiento de las Capacidades de los y las beneficiarias de Sup\u00e9rate\u201d, en el cual ser\u00e1n invertidos 500 millones de pesos para capacitaci\u00f3n de 80 mil dominicanas y dominicanos. Los cursos y talleres de formaci\u00f3n ser\u00e1n en oficios t\u00e9cnicos b\u00e1sicos,&nbsp;habilitaci\u00f3n, complementaci\u00f3n y t\u00e9cnicos medios.<\/p>\n\n\n\n<p>El presupuesto, indicaron Gloria Reyes, directora general de Sup\u00e9rate, y Rafael Santos Bad\u00eda, director general del INFOTEP, ser\u00e1 aportado en partes iguales por ambas instituciones.<\/p>\n\n\n\n<figure class=\"wp-block-gallery has-nested-images columns-default is-cropped wp-block-gallery-1 is-layout-flex wp-block-gallery-is-layout-flex\">\n<figure class=\"wp-block-image size-large\"><img loading=\"lazy\" decoding=\"async\" width=\"1024\" height=\"683\" data-id=\"593792\" src=\"https:\/\/diariodominicano.com\/wp-content\/uploads\/2025\/02\/Superate-e-INFOTEP-invertiran-500-millones-de-pesos-en-capacitacion-a-80-mil-personas-1024x683.jpg\" alt=\"\" class=\"wp-image-593792\" srcset=\"https:\/\/diariodominicano.com\/wp-content\/uploads\/2025\/02\/Superate-e-INFOTEP-invertiran-500-millones-de-pesos-en-capacitacion-a-80-mil-personas-1024x683.jpg 1024w, https:\/\/diariodominicano.com\/wp-content\/uploads\/2025\/02\/Superate-e-INFOTEP-invertiran-500-millones-de-pesos-en-capacitacion-a-80-mil-personas-300x200.jpg 300w, https:\/\/diariodominicano.com\/wp-content\/uploads\/2025\/02\/Superate-e-INFOTEP-invertiran-500-millones-de-pesos-en-capacitacion-a-80-mil-personas-768x512.jpg 768w, https:\/\/diariodominicano.com\/wp-content\/uploads\/2025\/02\/Superate-e-INFOTEP-invertiran-500-millones-de-pesos-en-capacitacion-a-80-mil-personas-816x544.jpg 816w, https:\/\/diariodominicano.com\/wp-content\/uploads\/2025\/02\/Superate-e-INFOTEP-invertiran-500-millones-de-pesos-en-capacitacion-a-80-mil-personas.jpg 1290w\" sizes=\"auto, (max-width: 1024px) 100vw, 1024px\" \/><\/figure>\n<\/figure>\n\n\n\n<p>La finalidad de estas capacitaciones es dotar de herramientas necesarias para la inserci\u00f3n en el mercado laboral a miles de familias en situaci\u00f3n de vulnerabilidad.<\/p>\n\n\n\n<p>En ese contexto, Gloria Reyes, directora general de Sup\u00e9rate, indic\u00f3 que para la programaci\u00f3n de los cursos y asegurar la efectividad del plan estrat\u00e9gico se llevaron a cabo estudios provinciales de necesidades.<\/p>\n\n\n\n<figure class=\"wp-block-gallery has-nested-images columns-default is-cropped wp-block-gallery-2 is-layout-flex wp-block-gallery-is-layout-flex\">\n<figure class=\"wp-block-image size-large\"><img loading=\"lazy\" decoding=\"async\" width=\"1024\" height=\"682\" data-id=\"593793\" src=\"https:\/\/diariodominicano.com\/wp-content\/uploads\/2025\/02\/Superate-e-INFOTEP-invertiran-500-millones-de-pesos-en-capacitacion-a-80-mil-personas-4-1024x682.jpg\" alt=\"\" class=\"wp-image-593793\" srcset=\"https:\/\/diariodominicano.com\/wp-content\/uploads\/2025\/02\/Superate-e-INFOTEP-invertiran-500-millones-de-pesos-en-capacitacion-a-80-mil-personas-4-1024x682.jpg 1024w, https:\/\/diariodominicano.com\/wp-content\/uploads\/2025\/02\/Superate-e-INFOTEP-invertiran-500-millones-de-pesos-en-capacitacion-a-80-mil-personas-4-300x200.jpg 300w, https:\/\/diariodominicano.com\/wp-content\/uploads\/2025\/02\/Superate-e-INFOTEP-invertiran-500-millones-de-pesos-en-capacitacion-a-80-mil-personas-4-768x512.jpg 768w, https:\/\/diariodominicano.com\/wp-content\/uploads\/2025\/02\/Superate-e-INFOTEP-invertiran-500-millones-de-pesos-en-capacitacion-a-80-mil-personas-4-816x544.jpg 816w, https:\/\/diariodominicano.com\/wp-content\/uploads\/2025\/02\/Superate-e-INFOTEP-invertiran-500-millones-de-pesos-en-capacitacion-a-80-mil-personas-4.jpg 1040w\" sizes=\"auto, (max-width: 1024px) 100vw, 1024px\" \/><\/figure>\n<\/figure>\n\n\n\n<p>\u201cEste proyecto, que adem\u00e1s nos permitir\u00e1 lograr que la formaci\u00f3n se ajuste a las demandas espec\u00edficas de cada regi\u00f3n, pretende ampliar las oportunidades de participaci\u00f3n social y econ\u00f3mica de las poblaciones que est\u00e1n en edad de aportar a la productividad de nuestras comunidades. Estas formaciones contienen un enfoque, tanto t\u00e9cnico, como human\u00edstico\u201d, afirm\u00f3 Reyes.<\/p>\n\n\n\n<p>Reyes destac\u00f3 que Sup\u00e9rate, desde que fue creado en el 2021, trabaja para cambiar la vida de miles de dominicanas y dominicanos. \u201cEmpezamos con formaci\u00f3n y concluiremos con proyectos de vida de productividad y bienestar\u201d.<\/p>\n\n\n\n<p>En tanto, el director general de Infotep, Rafael Santos Bad\u00eda, afirm\u00f3 que esta iniciativa es parte de la estrategia del gobierno de combatir la pobreza y crear un estado nacional de oportunidades donde la gente viva feliz, lo cual solo se logra con la formaci\u00f3n.<\/p>\n\n\n\n<p>\u201cEl anuncio que hoy estamos haciendo de manera conjunta es una buena noticia para la sociedad dominicana y animamos a las personas interesadas en estos cursos, a que se acerquen a las oficinas del INFOTEP y Sup\u00e9rate y consulten nuestras redes sociales para gestionar las inscripciones\u201d, explic\u00f3.<\/p>\n\n\n\n<p>Santos Bad\u00eda indic\u00f3 que las acciones formativas, unas 4,444 capacitaciones a nivel nacional e iniciaron en enero, abarcar\u00e1n las \u00e1reas de mecatr\u00f3nica, computaci\u00f3n, ciberseguridad, an\u00e1lisis de datos, enfermer\u00eda, farmacia, administraci\u00f3n de negocios, ventas, alba\u00f1iler\u00eda, mec\u00e1nica, desabolladura y pintura, electricidad, programaci\u00f3n y dise\u00f1o de videojuegos.<\/p>\n\n\n\n<p>El programa de \u201cFortalecimiento de las Capacidades de los y las beneficiarias de Sup\u00e9rate\u201d, es la puesta en marcha del convenio entre ambas instituciones y suscrito por sus titulares.<\/p>\n\n\n\n<p>La alianza entre Sup\u00e9rate y el INFOTEP es un paso fundamental hacia un pa\u00eds m\u00e1s inclusivo y justo que responde a la necesidad de transformar la asistencia social en oportunidades reales de progreso.<\/p>\n\n\n\n<p><strong>Testimonios de superaci\u00f3n<\/strong><\/p>\n\n\n\n<p>Rosa Margarita Olivo D\u00edaz es de las primeras beneficiarias del convenio entre Sup\u00e9rate y el INFOTEP. Curs\u00f3 el b\u00e1sico de inform\u00e1tica en el Centro de Superaci\u00f3n Comunitaria La Gu\u00e1yiga, del municipio Pedro Brand, de la provincia Santo Domingo y entusiasmada revela que antes de las capacitaciones lo \u00fanico que sab\u00eda era prender una computadora.<\/p>\n\n\n\n<p>\u201cAprend\u00ed muchas cosas, Word, Excel y PowerPoint; antes de hacer el curso lo \u00fanico que sab\u00eda era prender una computadora. Por eso les digo a esas personas que est\u00e1n en su casa que se motiven a hacer el curso, que no tengan miedo, porque todo en la vida es un sacrificio y en la casa no hay superaci\u00f3n\u201d, afirma.&nbsp;<\/p>\n\n\n\n<p>De su lado, Dolores Luisa Bautista, que tambi\u00e9n tom\u00f3 las capacitaciones de inform\u00e1tica en el referido centro comunitario, dice que lo que m\u00e1s le gust\u00f3 fue el programa PowerPoint.<\/p>\n\n\n\n<p>\u201cMe siento una persona capacitada, con un futuro m\u00e1s avanzado porque pens\u00e9 que no pod\u00eda lograrlo, y esto me ha despertado y me ha dado la motivaci\u00f3n de continuar. Mu\u00e9vete, aprovecha el curso, porque eso te va a llevar a un futuro\u201d, exhorta con alegr\u00eda.<\/p>\n\n\n\n<p>En el caso de Diannely P\u00e9rez Ruiz, quien pronto har\u00e1 el curso de farmacia, explica que su mayor motivaci\u00f3n para capacitarse es su hijo, para que no le falte nada al peque\u00f1o. \u201cQuiero salir adelante para que a \u00e9l no le haga falta nada\u201d.<\/p>\n\n\n\n<p><strong>Prensa INFOTEP<\/strong>\u00a0&lt;prensainfotep@infotep.gob.do> <\/p>\n","protected":false},"excerpt":{"rendered":"<p>Santo Domingo, 04 de febrero de 2025.&#8211; El programa gubernamental Sup\u00e9rate y el Instituto Nacional de Formaci\u00f3n T\u00e9cnico Profesional (INFOTEP) presentaron el programa de \u201cFortalecimiento de las Capacidades de los y las beneficiarias de Sup\u00e9rate\u201d, en el cual ser\u00e1n invertidos 500 millones de pesos para capacitaci\u00f3n de 80 mil dominicanas y dominicanos. Los cursos y [&hellip;]<\/p>\n","protected":false},"author":7,"featured_media":593791,"comment_status":"closed","ping_status":"closed","sticky":false,"template":"","format":"standard","meta":{"footnotes":""},"categories":[36],"tags":[94],"class_list":["post-593763","post","type-post","status-publish","format-standard","has-post-thumbnail","hentry","category-hombresmujeresycosas","tag-infotep"],"_links":{"self":[{"href":"https:\/\/diariodominicano.com\/index.php?rest_route=\/wp\/v2\/posts\/593763","targetHints":{"allow":["GET"]}}],"collection":[{"href":"https:\/\/diariodominicano.com\/index.php?rest_route=\/wp\/v2\/posts"}],"about":[{"href":"https:\/\/diariodominicano.com\/index.php?rest_route=\/wp\/v2\/types\/post"}],"author":[{"embeddable":true,"href":"https:\/\/diariodominicano.com\/index.php?rest_route=\/wp\/v2\/users\/7"}],"replies":[{"embeddable":true,"href":"https:\/\/diariodominicano.com\/index.php?rest_route=%2Fwp%2Fv2%2Fcomments&post=593763"}],"version-history":[{"count":2,"href":"https:\/\/diariodominicano.com\/index.php?rest_route=\/wp\/v2\/posts\/593763\/revisions"}],"predecessor-version":[{"id":593820,"href":"https:\/\/diariodominicano.com\/index.php?rest_route=\/wp\/v2\/posts\/593763\/revisions\/593820"}],"wp:featuredmedia":[{"embeddable":true,"href":"https:\/\/diariodominicano.com\/index.php?rest_route=\/wp\/v2\/media\/593791"}],"wp:attachment":[{"href":"https:\/\/diariodominicano.com\/index.php?rest_route=%2Fwp%2Fv2%2Fmedia&parent=593763"}],"wp:term":[{"taxonomy":"category","embeddable":true,"href":"https:\/\/diariodominicano.com\/index.php?rest_route=%2Fwp%2Fv2%2Fcategories&post=593763"},{"taxonomy":"post_tag","embeddable":true,"href":"https:\/\/diariodominicano.com\/index.php?rest_route=%2Fwp%2Fv2%2Ftags&post=593763"}],"curies":[{"name":"wp","href":"https:\/\/api.w.org\/{rel}","templated":true}]}}