{"id":593503,"date":"2025-02-03T20:38:30","date_gmt":"2025-02-04T00:38:30","guid":{"rendered":"https:\/\/diariodominicano.com\/?p=593503"},"modified":"2025-02-03T21:31:10","modified_gmt":"2025-02-04T01:31:10","slug":"defensa-civil-entrega-camion-de-bomberos-ambulancia-y-camioneta-a-tireo-la-vega","status":"publish","type":"post","link":"https:\/\/diariodominicano.com\/?p=593503","title":{"rendered":"Defensa Civil entrega cami\u00f3n de bomberos, ambulancia y camioneta a Tireo, La Vega"},"content":{"rendered":"\n<p><strong>Santo Domingo.-<\/strong>&nbsp; Con la finalidad de reforzar las labores preventivas y de respuesta a emergencias, el Gobierno dominicano, a trav\u00e9s de la Direcci\u00f3n Ejecutiva de la Defensa Civil, entreg\u00f3 este d\u00eda un cami\u00f3n de bomberos, una&nbsp; camioneta nueva 2025 todo terreno y una ambulancia, a la oficina de la instituci\u00f3n y a la alcald\u00eda del distrito municipal de Tireo, provincia La Vega.<\/p>\n\n\n\n<p>La entrega formal la hizo el director ejecutivo de la Defensa Civil, Juan Salas, al alcalde local, Paul Pi\u00f1a y a la directora regional y provincial de la instituci\u00f3n en La Vega, Jacqueline Polonia, quienes agradecieron al presidente Luis Abinader, por disponer de los recursos para adquirir estos veh\u00edculos importantes para salvar vidas.<\/p>\n\n\n\n<figure class=\"wp-block-image\"><img decoding=\"async\" src=\"https:\/\/diariodominicano.com\/wp-content\/uploads\/2025\/02\/Defensa-Civil-entrega-camion-bomberos-ambulancia-y-camioneta-a-Tireo-La-Vega-1024x682.jpeg\" alt=\"\"\/><\/figure>\n\n\n\n<p>&nbsp;A su vez, el director Salas asegur\u00f3 que estos equipos servir\u00e1n para reforzar las labores que realizan los rescatistas en el municipio y la regi\u00f3n, m\u00e1s en estos momentos que el Cambio Clim\u00e1tico afecta directamente y con m\u00e1s fuerza localidades vulnerables.&nbsp;<\/p>\n\n\n\n<p>\u201cEsta acci\u00f3n orientada por el presidente de la Rep\u00fablica se enfoca en mejorar las condiciones de trabajo de los t\u00e9cnicos, voluntarios y voluntarias de la Defensa Civil y de los bomberos, que por a\u00f1os esperaron estos veh\u00edculos para seguir brindando un servicio de vida a su comunidad\u201d, dijo.<\/p>\n\n\n\n<p>De su lado, el titular de la alcald\u00eda agradeci\u00f3 a todas las personas que hicieron posible la compra, y se comprometi\u00f3 a dar un buen uso de estas herramientas, al trabajar en conjunto con la Defensa Civil y los bomberos para salvaguardar vidas.<\/p>\n\n\n\n<p>La entrega formal se hizo en un acto celebrado en las instalaciones de la Comisi\u00f3n Nacional de Emergencias (CNE) en el Distrito Nacional.<\/p>\n\n\n\n<p><strong>Un veh\u00edculo en cada provincia<\/strong><\/p>\n\n\n\n<p>El pasado mes de marzo de 2024, la Defensa Civil logr\u00f3 tener al menos una camioneta en cada provincia, con la entrega de ocho, otorgadas como parte de la flotilla que cedi\u00f3 el gobierno encabezado por el presidente Luis Abinader a varias instituciones de emergencias.<\/p>\n\n\n\n<p>Esto es parte adem\u00e1s de los objetivos planteados por el director Salas, quien desde el inicio ha realizado las gestiones necesarias para que la instituci\u00f3n est\u00e9 mejor equipada y preparada para brindar un servicio de calidad a la poblaci\u00f3n.<\/p>\n","protected":false},"excerpt":{"rendered":"<p>Santo Domingo.-&nbsp; Con la finalidad de reforzar las labores preventivas y de respuesta a emergencias, el Gobierno dominicano, a trav\u00e9s de la Direcci\u00f3n Ejecutiva de la Defensa Civil, entreg\u00f3 este d\u00eda un cami\u00f3n de bomberos, una&nbsp; camioneta nueva 2025 todo terreno y una ambulancia, a la oficina de la instituci\u00f3n y a la alcald\u00eda del [&hellip;]<\/p>\n","protected":false},"author":7,"featured_media":593512,"comment_status":"closed","ping_status":"closed","sticky":false,"template":"","format":"standard","meta":{"footnotes":""},"categories":[20],"tags":[573],"class_list":["post-593503","post","type-post","status-publish","format-standard","has-post-thumbnail","hentry","category-dominicana-hoy","tag-defensa-civil"],"_links":{"self":[{"href":"https:\/\/diariodominicano.com\/index.php?rest_route=\/wp\/v2\/posts\/593503","targetHints":{"allow":["GET"]}}],"collection":[{"href":"https:\/\/diariodominicano.com\/index.php?rest_route=\/wp\/v2\/posts"}],"about":[{"href":"https:\/\/diariodominicano.com\/index.php?rest_route=\/wp\/v2\/types\/post"}],"author":[{"embeddable":true,"href":"https:\/\/diariodominicano.com\/index.php?rest_route=\/wp\/v2\/users\/7"}],"replies":[{"embeddable":true,"href":"https:\/\/diariodominicano.com\/index.php?rest_route=%2Fwp%2Fv2%2Fcomments&post=593503"}],"version-history":[{"count":1,"href":"https:\/\/diariodominicano.com\/index.php?rest_route=\/wp\/v2\/posts\/593503\/revisions"}],"predecessor-version":[{"id":593515,"href":"https:\/\/diariodominicano.com\/index.php?rest_route=\/wp\/v2\/posts\/593503\/revisions\/593515"}],"wp:featuredmedia":[{"embeddable":true,"href":"https:\/\/diariodominicano.com\/index.php?rest_route=\/wp\/v2\/media\/593512"}],"wp:attachment":[{"href":"https:\/\/diariodominicano.com\/index.php?rest_route=%2Fwp%2Fv2%2Fmedia&parent=593503"}],"wp:term":[{"taxonomy":"category","embeddable":true,"href":"https:\/\/diariodominicano.com\/index.php?rest_route=%2Fwp%2Fv2%2Fcategories&post=593503"},{"taxonomy":"post_tag","embeddable":true,"href":"https:\/\/diariodominicano.com\/index.php?rest_route=%2Fwp%2Fv2%2Ftags&post=593503"}],"curies":[{"name":"wp","href":"https:\/\/api.w.org\/{rel}","templated":true}]}}