{"id":593461,"date":"2025-02-03T19:44:27","date_gmt":"2025-02-03T23:44:27","guid":{"rendered":"https:\/\/diariodominicano.com\/?p=593461"},"modified":"2025-02-03T21:34:15","modified_gmt":"2025-02-04T01:34:15","slug":"minerd-inafocam-unicef-aunan-esfuerzos-para-fortalecer-las-capacidades-de-los-formadores-de-universidades-que-participan-en-la-formacion-en-educacion-inclusiva-de-ninez-con-discapacidad-en-la-republ","status":"publish","type":"post","link":"https:\/\/diariodominicano.com\/?p=593461","title":{"rendered":"Educaci\u00f3n, INAFOCAM y UNICEF a\u00fanan esfuerzos para fortalecer las capacidades de los Formadores de universidades que participan en la formaci\u00f3n en educaci\u00f3n inclusiva de ni\u00f1ez con discapacidad en la Rep\u00fablica Dominicana"},"content":{"rendered":"\n<p><strong>El objetivo principal del programa formativo es mejorar el proceso pedag\u00f3gico inclusivo para garantizar que los ni\u00f1os, ni\u00f1as y adolescentes con discapacidad puedan ser insertados en escuelas regulares donde accedan, aprendan y participen plenamente<\/strong><strong>&nbsp;<\/strong><strong>junto a compa\u00f1eros y amigos de su comunidad.<\/strong><\/p>\n\n\n\n<p><strong>SANTO DOMINGO, REP\u00daBLICA DOMINICANA, lunes 3 de febrero de 2025. \u2013&nbsp;<\/strong>El Ministerio de Educaci\u00f3n (MINERD), a trav\u00e9s de la Direcci\u00f3n de Educaci\u00f3n Especial, el Instituto Nacional de Formaci\u00f3n y Capacitaci\u00f3n del Magisterio (INAFOCAM) y el Fondo de las Naciones Unidas para la Infancia (UNICEF), iniciaron el programa de capacitaci\u00f3n para formadores de 10 universidades, en el marco de la implementaci\u00f3n del Modelo Educativo Inclusivo en la Rep\u00fablica Dominicana, para dar cumplimiento a la Ordenanza 05-2024 que oficializa los Lineamientos de Educaci\u00f3n Inclusiva en el Sistema Educativo Dominicano.<\/p>\n\n\n\n<figure class=\"wp-block-gallery has-nested-images columns-default is-cropped wp-block-gallery-1 is-layout-flex wp-block-gallery-is-layout-flex\">\n<figure class=\"wp-block-image size-large\"><img loading=\"lazy\" decoding=\"async\" width=\"1024\" height=\"830\" data-id=\"593477\" src=\"https:\/\/diariodominicano.com\/wp-content\/uploads\/2025\/02\/Julia-Ubiera-Directora-INAFOCAM-1024x830.jpg\" alt=\"\" class=\"wp-image-593477\" srcset=\"https:\/\/diariodominicano.com\/wp-content\/uploads\/2025\/02\/Julia-Ubiera-Directora-INAFOCAM-1024x830.jpg 1024w, https:\/\/diariodominicano.com\/wp-content\/uploads\/2025\/02\/Julia-Ubiera-Directora-INAFOCAM-300x243.jpg 300w, https:\/\/diariodominicano.com\/wp-content\/uploads\/2025\/02\/Julia-Ubiera-Directora-INAFOCAM-768x622.jpg 768w, https:\/\/diariodominicano.com\/wp-content\/uploads\/2025\/02\/Julia-Ubiera-Directora-INAFOCAM-1536x1244.jpg 1536w, https:\/\/diariodominicano.com\/wp-content\/uploads\/2025\/02\/Julia-Ubiera-Directora-INAFOCAM-2048x1659.jpg 2048w, https:\/\/diariodominicano.com\/wp-content\/uploads\/2025\/02\/Julia-Ubiera-Directora-INAFOCAM-816x661.jpg 816w\" sizes=\"auto, (max-width: 1024px) 100vw, 1024px\" \/><figcaption class=\"wp-element-caption\">Julia Ubiera Directora INAFOCAM <\/figcaption><\/figure>\n<\/figure>\n\n\n\n<p>La directora de Formaci\u00f3n y Desarrollo de INAFOCAM,\u00a0<strong>Julia Ubiera,\u00a0<\/strong>expres\u00f3 que: \u201cEste programa formativo es un paso crucial para el fortalecimiento de las capacidades de nuestros docentes y asegurar que todos los estudiantes, sin importar sus condiciones, tengan acceso a una educaci\u00f3n inclusiva y de calidad\u201d.<\/p>\n\n\n\n<figure class=\"wp-block-gallery has-nested-images columns-default is-cropped wp-block-gallery-2 is-layout-flex wp-block-gallery-is-layout-flex\">\n<figure class=\"wp-block-image size-large\"><img loading=\"lazy\" decoding=\"async\" width=\"976\" height=\"1024\" data-id=\"593476\" src=\"https:\/\/diariodominicano.com\/wp-content\/uploads\/2025\/02\/Lucia-Vasquez_-Educacion-Especial-MINERD-976x1024.jpg\" alt=\"\" class=\"wp-image-593476\" srcset=\"https:\/\/diariodominicano.com\/wp-content\/uploads\/2025\/02\/Lucia-Vasquez_-Educacion-Especial-MINERD-976x1024.jpg 976w, https:\/\/diariodominicano.com\/wp-content\/uploads\/2025\/02\/Lucia-Vasquez_-Educacion-Especial-MINERD-286x300.jpg 286w, https:\/\/diariodominicano.com\/wp-content\/uploads\/2025\/02\/Lucia-Vasquez_-Educacion-Especial-MINERD-768x805.jpg 768w, https:\/\/diariodominicano.com\/wp-content\/uploads\/2025\/02\/Lucia-Vasquez_-Educacion-Especial-MINERD-1465x1536.jpg 1465w, https:\/\/diariodominicano.com\/wp-content\/uploads\/2025\/02\/Lucia-Vasquez_-Educacion-Especial-MINERD-1953x2048.jpg 1953w, https:\/\/diariodominicano.com\/wp-content\/uploads\/2025\/02\/Lucia-Vasquez_-Educacion-Especial-MINERD-816x856.jpg 816w\" sizes=\"auto, (max-width: 976px) 100vw, 976px\" \/><figcaption class=\"wp-element-caption\">Lucia Vasquez_ Educacion Especial MINERD <\/figcaption><\/figure>\n<\/figure>\n\n\n\n<p>Asimismo, la directora de la Direcci\u00f3n de Educaci\u00f3n Especial del MINERD,\u00a0<strong>Lucia V\u00e1squez<\/strong>, destac\u00f3 que: \u201cEl compromiso del Ministerio es garantizar que la educaci\u00f3n en la Rep\u00fablica Dominicana sea accesible para todos. Este taller marca el inicio de un proceso de transformaci\u00f3n que continuar\u00e1 impulsando la inclusi\u00f3n en nuestras aulas, permitiendo que cada ni\u00f1o y ni\u00f1a tenga el apoyo que necesita para aprender y desarrollarse plenamente\u201d.<\/p>\n\n\n\n<figure class=\"wp-block-gallery has-nested-images columns-default is-cropped wp-block-gallery-3 is-layout-flex wp-block-gallery-is-layout-flex\">\n<figure class=\"wp-block-image size-large\"><img loading=\"lazy\" decoding=\"async\" width=\"1024\" height=\"878\" data-id=\"593475\" src=\"https:\/\/diariodominicano.com\/wp-content\/uploads\/2025\/02\/Anyoli-Sanabria_-Rep.-Adjunta-UNICEF-1024x878.jpg\" alt=\"\" class=\"wp-image-593475\" srcset=\"https:\/\/diariodominicano.com\/wp-content\/uploads\/2025\/02\/Anyoli-Sanabria_-Rep.-Adjunta-UNICEF-1024x878.jpg 1024w, https:\/\/diariodominicano.com\/wp-content\/uploads\/2025\/02\/Anyoli-Sanabria_-Rep.-Adjunta-UNICEF-300x257.jpg 300w, https:\/\/diariodominicano.com\/wp-content\/uploads\/2025\/02\/Anyoli-Sanabria_-Rep.-Adjunta-UNICEF-768x658.jpg 768w, https:\/\/diariodominicano.com\/wp-content\/uploads\/2025\/02\/Anyoli-Sanabria_-Rep.-Adjunta-UNICEF-1536x1316.jpg 1536w, https:\/\/diariodominicano.com\/wp-content\/uploads\/2025\/02\/Anyoli-Sanabria_-Rep.-Adjunta-UNICEF-2048x1755.jpg 2048w, https:\/\/diariodominicano.com\/wp-content\/uploads\/2025\/02\/Anyoli-Sanabria_-Rep.-Adjunta-UNICEF-816x699.jpg 816w\" sizes=\"auto, (max-width: 1024px) 100vw, 1024px\" \/><figcaption class=\"wp-element-caption\">Anyoli Sanabria_ Rep. Adjunta UNICEF <\/figcaption><\/figure>\n<\/figure>\n\n\n\n<p><strong>Anyoli Sanabria<\/strong>, representante adjunta de UNICEF en el pa\u00eds, reconoci\u00f3 que con la implementaci\u00f3n de la Ordenanza 05-2024 de MINERD, la Rep\u00fablica Dominicana da un paso firme hacia un futuro m\u00e1s inclusivo y equitativo y a\u00f1adi\u00f3 que \u201cacciones como este plan formativo para maestros de diez universidades,&nbsp; fomentan el fortalecimiento de la inclusi\u00f3n, lo que&nbsp; permite posteriormente, multiplicar la capacitaci\u00f3n a docentes de escuelas a nivel nacional, abriendo las puertas a una educaci\u00f3n de calidad que llegue a todos los ni\u00f1os y ni\u00f1as, fortaleciendo con ello el tejido social de esta gran naci\u00f3n, donde cada ni\u00f1o y ni\u00f1a tenga la oportunidad de alcanzar su m\u00e1ximo potencial, sin importar sus circunstancias\u201d.<\/p>\n\n\n\n<p><strong>Capacitaci\u00f3n para formadores de universidades<\/strong><strong><\/strong><\/p>\n\n\n\n<p>El programa formativo comenz\u00f3 con un taller presencial de tres d\u00edas, que tuvo lugar del 29 al 31 de enero de 2025.&nbsp; Este plan incluye un enfoque h\u00edbrido, que combina sesiones presenciales y virtuales con una duraci\u00f3n de 6 meses con abordaje te\u00f3rico y pr\u00e1cticas realizadas en centros educativos.<\/p>\n\n\n\n<p>Esta formaci\u00f3n se compone en cuatro m\u00f3dulos especializados, dise\u00f1ados e impartidos por Silvana Corso, experta internacional de UNICEF, junto con el equipo de la Direcci\u00f3n de Educaci\u00f3n Especial del MINERD.<\/p>\n\n\n\n<p><strong>Experta internacional de UNICEF<\/strong><strong><\/strong><\/p>\n\n\n\n<p>Silvana Corso es catedr\u00e1tica universitaria, con Mag\u00edster Iberoamericana en Integraci\u00f3n de Personas con Discapacidad por la Universidad de Salamanca. Especialista en Intervenci\u00f3n Educativa ante Trastornos del Aprendizaje e Inclusi\u00f3n Educativa, ha sido finalista del Global Teacher Prize en 2017.<\/p>\n\n\n\n<p><strong>Sobre el Modelo de Educaci\u00f3n Inclusiva del Ministerio de Educaci\u00f3n<\/strong><strong><\/strong><\/p>\n\n\n\n<p>Este modelo tiene como objetivo principal transformar los servicios educativos hacia un enfoque inclusivo, asegurando que todos los ni\u00f1os, ni\u00f1as y adolescentes, independientemente de sus condiciones de discapacidad u otras Necesidades Espec\u00edficas de Apoyo Educativo (NEAE), tengan acceso a una educaci\u00f3n inclusiva en escuela regulares y otros servicios con los apoyos requeridos.<\/p>\n\n\n\n<p>Los m\u00f3dulos formativos que cursan los docentes universitarios son los siguientes:<\/p>\n\n\n\n<ul class=\"wp-block-list\">\n<li>M\u00f3dulo introductorio: Educaci\u00f3n inclusiva como derecho, desde el enfoque del Dise\u00f1o Universal para el Aprendizaje (DUA).<\/li>\n\n\n\n<li>Intervenci\u00f3n psicopedag\u00f3gica para la inclusi\u00f3n educativa de ni\u00f1os, ni\u00f1as y adolescentes con Trastornos del Espectro Autista (TEA).<\/li>\n\n\n\n<li>Intervenci\u00f3n psicopedag\u00f3gica para la inclusi\u00f3n educativa de ni\u00f1os, ni\u00f1as y adolescentes con Discapacidad Intelectual.<\/li>\n\n\n\n<li>Intervenci\u00f3n psicopedag\u00f3gica para la inclusi\u00f3n educativa de ni\u00f1os, ni\u00f1as y adolescentes con Discapacidad Auditiva.<\/li>\n<\/ul>\n\n\n\n<p><strong>Hana Nahuel Gonzalez Bourtokan<\/strong>\u00a0&lt;hgonzalez@unicef.org> <\/p>\n","protected":false},"excerpt":{"rendered":"<p>El objetivo principal del programa formativo es mejorar el proceso pedag\u00f3gico inclusivo para garantizar que los ni\u00f1os, ni\u00f1as y adolescentes con discapacidad puedan ser insertados en escuelas regulares donde accedan, aprendan y participen plenamente&nbsp;junto a compa\u00f1eros y amigos de su comunidad. SANTO DOMINGO, REP\u00daBLICA DOMINICANA, lunes 3 de febrero de 2025. \u2013&nbsp;El Ministerio de Educaci\u00f3n [&hellip;]<\/p>\n","protected":false},"author":7,"featured_media":593480,"comment_status":"closed","ping_status":"closed","sticky":false,"template":"","format":"standard","meta":{"footnotes":""},"categories":[36,20],"tags":[1568,280,407],"class_list":["post-593461","post","type-post","status-publish","format-standard","has-post-thumbnail","hentry","category-hombresmujeresycosas","category-dominicana-hoy","tag-inafocam","tag-minerd","tag-unicef"],"_links":{"self":[{"href":"https:\/\/diariodominicano.com\/index.php?rest_route=\/wp\/v2\/posts\/593461","targetHints":{"allow":["GET"]}}],"collection":[{"href":"https:\/\/diariodominicano.com\/index.php?rest_route=\/wp\/v2\/posts"}],"about":[{"href":"https:\/\/diariodominicano.com\/index.php?rest_route=\/wp\/v2\/types\/post"}],"author":[{"embeddable":true,"href":"https:\/\/diariodominicano.com\/index.php?rest_route=\/wp\/v2\/users\/7"}],"replies":[{"embeddable":true,"href":"https:\/\/diariodominicano.com\/index.php?rest_route=%2Fwp%2Fv2%2Fcomments&post=593461"}],"version-history":[{"count":3,"href":"https:\/\/diariodominicano.com\/index.php?rest_route=\/wp\/v2\/posts\/593461\/revisions"}],"predecessor-version":[{"id":593566,"href":"https:\/\/diariodominicano.com\/index.php?rest_route=\/wp\/v2\/posts\/593461\/revisions\/593566"}],"wp:featuredmedia":[{"embeddable":true,"href":"https:\/\/diariodominicano.com\/index.php?rest_route=\/wp\/v2\/media\/593480"}],"wp:attachment":[{"href":"https:\/\/diariodominicano.com\/index.php?rest_route=%2Fwp%2Fv2%2Fmedia&parent=593461"}],"wp:term":[{"taxonomy":"category","embeddable":true,"href":"https:\/\/diariodominicano.com\/index.php?rest_route=%2Fwp%2Fv2%2Fcategories&post=593461"},{"taxonomy":"post_tag","embeddable":true,"href":"https:\/\/diariodominicano.com\/index.php?rest_route=%2Fwp%2Fv2%2Ftags&post=593461"}],"curies":[{"name":"wp","href":"https:\/\/api.w.org\/{rel}","templated":true}]}}