{"id":592777,"date":"2025-02-01T01:43:40","date_gmt":"2025-02-01T05:43:40","guid":{"rendered":"https:\/\/diariodominicano.com\/?p=592777"},"modified":"2025-02-01T01:43:43","modified_gmt":"2025-02-01T05:43:43","slug":"revista-mercado-reconoce-en-su-ranking-a-grupo-puntacana-como-una-de-las-empresas-mas-admiradas-en-republica-dominicana","status":"publish","type":"post","link":"https:\/\/diariodominicano.com\/?p=592777","title":{"rendered":"Revista Mercado reconoce en su ranking a Grupo Puntacana como una de las Empresas M\u00e1s Admiradas en Rep\u00fablica Dominicana"},"content":{"rendered":"\n<p>Es la \u00fanica empresa del sector turismo que figura dentro del top 20 de empresas m\u00e1s admiradas.<\/p>\n\n\n\n<p>Punta Cana, La Altagracia. &#8211; Grupo Puntacana ha sido reconocido en la edici\u00f3n especial de \u201cEmpresas M\u00e1s Admiradas en Rep\u00fablica Dominicana 2024\u201d de la revista Mercado.<\/p>\n\n\n\n<p>El grupo empresarial ocupa el noveno lugar dentro del Top 20 de las empresas m\u00e1s admiradas del pa\u00eds, con un 10% del puntaje total, destac\u00e1ndose como la \u00fanica empresa del sector turismo que figura dentro del top.<\/p>\n\n\n\n<figure class=\"wp-block-gallery has-nested-images columns-default is-cropped wp-block-gallery-1 is-layout-flex wp-block-gallery-is-layout-flex\">\n<figure class=\"wp-block-image size-large\"><img loading=\"lazy\" decoding=\"async\" width=\"245\" height=\"163\" data-id=\"592789\" src=\"https:\/\/diariodominicano.com\/wp-content\/uploads\/2025\/02\/Punta-Cana-Airport.png\" alt=\"\" class=\"wp-image-592789\"\/><\/figure>\n<\/figure>\n\n\n\n<p>\u00abAdem\u00e1s, logr\u00f3 posicionarse en el primer lugar de la categor\u00eda \u2018Proyecto Inmobiliario Tur\u00edstico\u2019, con una puntuaci\u00f3n del 29%, reafirmando su liderazgo y contribuci\u00f3n al desarrollo tur\u00edstico e inmobiliario en la regi\u00f3n Este\u201d.<\/p>\n\n\n\n<p>La investigaci\u00f3n realizada por Read Investigaci\u00f3n &amp; Consultor\u00eda se basa en entrevistas telef\u00f3nicas con una muestra representativa de 500 personas, quienes evaluaron ocho criterios claves: innovaci\u00f3n, responsabilidad social, solidez econ\u00f3mica, calidad, capacitaci\u00f3n, tecnolog\u00eda, capacidad gerencial y servicio. El estudio abarc\u00f3 51 categor\u00edas de 14 ramas del sector empresarial nacional.<\/p>\n\n\n\n<figure class=\"wp-block-gallery has-nested-images columns-default is-cropped wp-block-gallery-2 is-layout-flex wp-block-gallery-is-layout-flex\">\n<figure class=\"wp-block-image size-large\"><img loading=\"lazy\" decoding=\"async\" width=\"431\" height=\"337\" data-id=\"592788\" src=\"https:\/\/diariodominicano.com\/wp-content\/uploads\/2025\/02\/Revista-Mercado-reconoce-en-su-ranking-a-Grupo-Puntacana-como-una-de-las-Empresas-Mas-Admiradas-Republica-Dominicana.png\" alt=\"\" class=\"wp-image-592788\" srcset=\"https:\/\/diariodominicano.com\/wp-content\/uploads\/2025\/02\/Revista-Mercado-reconoce-en-su-ranking-a-Grupo-Puntacana-como-una-de-las-Empresas-Mas-Admiradas-Republica-Dominicana.png 431w, https:\/\/diariodominicano.com\/wp-content\/uploads\/2025\/02\/Revista-Mercado-reconoce-en-su-ranking-a-Grupo-Puntacana-como-una-de-las-Empresas-Mas-Admiradas-Republica-Dominicana-300x235.png 300w\" sizes=\"auto, (max-width: 431px) 100vw, 431px\" \/><\/figure>\n<\/figure>\n\n\n\n<p>Con este galard\u00f3n, Grupo Puntacana reafirma su posici\u00f3n como un actor clave en el crecimiento del sector tur\u00edstico y empresarial de la Rep\u00fablica Dominicana, y contin\u00faa liderando la transformaci\u00f3n del pa\u00eds en t\u00e9rminos de sostenibilidad, desarrollo econ\u00f3mico e innovaci\u00f3n.<\/p>\n\n\n\n<p>Sobre Grupo Puntacana<\/p>\n\n\n\n<p>Grupo Puntacana es una empresa pionera en turismo en la regi\u00f3n este de la Rep\u00fablica Dominicana que, hace 55 a\u00f1os, tuvo la visi\u00f3n de desarrollar un destino y una comunidad inmobiliaria en un remoto, aislado y paradis\u00edaco rinc\u00f3n de la Rep\u00fablica Dominicana.<\/p>\n\n\n\n<p>Mar\u00eda Alejandra Alc\u00e1ntara <a href=\"mailto:mariaalejandra@cicom.do\">mariaalejandra@cicom.do<\/a><\/p>\n","protected":false},"excerpt":{"rendered":"<p>Es la \u00fanica empresa del sector turismo que figura dentro del top 20 de empresas m\u00e1s admiradas. Punta Cana, La Altagracia. &#8211; Grupo Puntacana ha sido reconocido en la edici\u00f3n especial de \u201cEmpresas M\u00e1s Admiradas en Rep\u00fablica Dominicana 2024\u201d de la revista Mercado. El grupo empresarial ocupa el noveno lugar dentro del Top 20 de [&hellip;]<\/p>\n","protected":false},"author":7,"featured_media":592787,"comment_status":"closed","ping_status":"closed","sticky":false,"template":"","format":"standard","meta":{"footnotes":""},"categories":[25,32],"tags":[689,1580],"class_list":["post-592777","post","type-post","status-publish","format-standard","has-post-thumbnail","hentry","category-gente","category-turismo","tag-grupo-puntacana","tag-revista-mercado"],"_links":{"self":[{"href":"https:\/\/diariodominicano.com\/index.php?rest_route=\/wp\/v2\/posts\/592777","targetHints":{"allow":["GET"]}}],"collection":[{"href":"https:\/\/diariodominicano.com\/index.php?rest_route=\/wp\/v2\/posts"}],"about":[{"href":"https:\/\/diariodominicano.com\/index.php?rest_route=\/wp\/v2\/types\/post"}],"author":[{"embeddable":true,"href":"https:\/\/diariodominicano.com\/index.php?rest_route=\/wp\/v2\/users\/7"}],"replies":[{"embeddable":true,"href":"https:\/\/diariodominicano.com\/index.php?rest_route=%2Fwp%2Fv2%2Fcomments&post=592777"}],"version-history":[{"count":1,"href":"https:\/\/diariodominicano.com\/index.php?rest_route=\/wp\/v2\/posts\/592777\/revisions"}],"predecessor-version":[{"id":592790,"href":"https:\/\/diariodominicano.com\/index.php?rest_route=\/wp\/v2\/posts\/592777\/revisions\/592790"}],"wp:featuredmedia":[{"embeddable":true,"href":"https:\/\/diariodominicano.com\/index.php?rest_route=\/wp\/v2\/media\/592787"}],"wp:attachment":[{"href":"https:\/\/diariodominicano.com\/index.php?rest_route=%2Fwp%2Fv2%2Fmedia&parent=592777"}],"wp:term":[{"taxonomy":"category","embeddable":true,"href":"https:\/\/diariodominicano.com\/index.php?rest_route=%2Fwp%2Fv2%2Fcategories&post=592777"},{"taxonomy":"post_tag","embeddable":true,"href":"https:\/\/diariodominicano.com\/index.php?rest_route=%2Fwp%2Fv2%2Ftags&post=592777"}],"curies":[{"name":"wp","href":"https:\/\/api.w.org\/{rel}","templated":true}]}}