{"id":592735,"date":"2025-01-31T19:21:02","date_gmt":"2025-01-31T23:21:02","guid":{"rendered":"https:\/\/diariodominicano.com\/?p=592735"},"modified":"2025-01-31T19:22:09","modified_gmt":"2025-01-31T23:22:09","slug":"ministro-de-administracion-publica-dice-trabajan-en-inclusion-de-talento-joven-en-instituciones-del-estado","status":"publish","type":"post","link":"https:\/\/diariodominicano.com\/?p=592735","title":{"rendered":"Ministro de Administraci\u00f3n P\u00fablica dice trabajan en inclusi\u00f3n de talento joven en\u00a0instituciones del Estado"},"content":{"rendered":"\n<p><em>Entre los proyectos que se ejecutan en el MAP se encuentra el programa de pasant\u00edas gubernamentales para j\u00f3venes que est\u00e1n pr\u00f3ximos a culminar sus estudios universitarios, con la intenci\u00f3n de que puedan adquirir experiencia mientras conocen como funcionan las instituciones p\u00fablicas.<\/em><\/p>\n\n\n\n<p><strong>Santo Domingo. &#8211;<\/strong>&nbsp;El ministro de Administraci\u00f3n P\u00fablica, Sigmund Freund destac\u00f3 la necesidad de incorporar a m\u00e1s j\u00f3venes en la&nbsp;administraci\u00f3n p\u00fablica&nbsp;para lograr \u201crevitalizarla\u201d, por lo que se encuentra trabajando en diversos proyectos para incrementar el n\u00famero de estos en el tren gubernamental.<\/p>\n\n\n\n<figure class=\"wp-block-gallery has-nested-images columns-default is-cropped wp-block-gallery-1 is-layout-flex wp-block-gallery-is-layout-flex\">\n<figure class=\"wp-block-image size-large\"><img loading=\"lazy\" decoding=\"async\" width=\"1024\" height=\"683\" data-id=\"592746\" src=\"https:\/\/diariodominicano.com\/wp-content\/uploads\/2025\/01\/Ministro-del-MAP-durante-su-participacion-en-el-foro-1024x683.jpeg\" alt=\"\" class=\"wp-image-592746\" srcset=\"https:\/\/diariodominicano.com\/wp-content\/uploads\/2025\/01\/Ministro-del-MAP-durante-su-participacion-en-el-foro-1024x683.jpeg 1024w, https:\/\/diariodominicano.com\/wp-content\/uploads\/2025\/01\/Ministro-del-MAP-durante-su-participacion-en-el-foro-300x200.jpeg 300w, https:\/\/diariodominicano.com\/wp-content\/uploads\/2025\/01\/Ministro-del-MAP-durante-su-participacion-en-el-foro-768x512.jpeg 768w, https:\/\/diariodominicano.com\/wp-content\/uploads\/2025\/01\/Ministro-del-MAP-durante-su-participacion-en-el-foro-1536x1024.jpeg 1536w, https:\/\/diariodominicano.com\/wp-content\/uploads\/2025\/01\/Ministro-del-MAP-durante-su-participacion-en-el-foro-2048x1366.jpeg 2048w, https:\/\/diariodominicano.com\/wp-content\/uploads\/2025\/01\/Ministro-del-MAP-durante-su-participacion-en-el-foro-816x544.jpeg 816w\" sizes=\"auto, (max-width: 1024px) 100vw, 1024px\" \/><\/figure>\n<\/figure>\n\n\n\n<p>El funcionario se pronunci\u00f3 al respecto durante su participaci\u00f3n en el foro \u201cJ\u00f3venes que transforman: historias de superaci\u00f3n y liderazgo\u201d, donde recibi\u00f3 un reconocimiento por\u00a0su liderazgo y contribuci\u00f3n a la juventud dominicana en la construcci\u00f3n de un mejor pa\u00eds.<\/p>\n\n\n\n<figure class=\"wp-block-gallery has-nested-images columns-default is-cropped wp-block-gallery-2 is-layout-flex wp-block-gallery-is-layout-flex\">\n<figure class=\"wp-block-image size-large\"><img loading=\"lazy\" decoding=\"async\" width=\"1024\" height=\"683\" data-id=\"592745\" src=\"https:\/\/diariodominicano.com\/wp-content\/uploads\/2025\/01\/Jovenes-que-transforman-historias-de-superacion-y-liderazgo-1024x683.jpeg\" alt=\"\" class=\"wp-image-592745\" srcset=\"https:\/\/diariodominicano.com\/wp-content\/uploads\/2025\/01\/Jovenes-que-transforman-historias-de-superacion-y-liderazgo-1024x683.jpeg 1024w, https:\/\/diariodominicano.com\/wp-content\/uploads\/2025\/01\/Jovenes-que-transforman-historias-de-superacion-y-liderazgo-300x200.jpeg 300w, https:\/\/diariodominicano.com\/wp-content\/uploads\/2025\/01\/Jovenes-que-transforman-historias-de-superacion-y-liderazgo-768x512.jpeg 768w, https:\/\/diariodominicano.com\/wp-content\/uploads\/2025\/01\/Jovenes-que-transforman-historias-de-superacion-y-liderazgo-1536x1024.jpeg 1536w, https:\/\/diariodominicano.com\/wp-content\/uploads\/2025\/01\/Jovenes-que-transforman-historias-de-superacion-y-liderazgo-2048x1366.jpeg 2048w, https:\/\/diariodominicano.com\/wp-content\/uploads\/2025\/01\/Jovenes-que-transforman-historias-de-superacion-y-liderazgo-816x544.jpeg 816w\" sizes=\"auto, (max-width: 1024px) 100vw, 1024px\" \/><\/figure>\n<\/figure>\n\n\n\n<p>Durante el encuentro, Freund destac\u00f3 la importancia de que los j\u00f3venes puedan aportar sus capacidades y nuevas ideas en beneficio del desarrollo del pa\u00eds, al tiempo que puedan acceder a oportunidades laborales en el Estado.<\/p>\n\n\n\n<p>Entre los proyectos que se ejecutan en ese sentido, est\u00e1 el programa de pasant\u00edas gubernamentales para j\u00f3venes que se encuentran pr\u00f3ximos a culminar sus estudios universitarios, con la intenci\u00f3n de que puedan adquirir experiencia mientras conocen como funcionan las instituciones p\u00fablicas.<\/p>\n\n\n\n<p>En cuanto al \u00e1mbito tecnol\u00f3gico, el titular del Ministerio de Administraci\u00f3n P\u00fablica (MAP), agreg\u00f3 que los \u00f3rganos y entes del Estado cada vez m\u00e1s requieren contar con talentos j\u00f3venes de ese sector, por lo que han aumentado la incorporaci\u00f3n de estos debido a la alta demanda de proyectos que se manejan para modernizar y eficientizar los procesos de la administraci\u00f3n&nbsp;p\u00fablica.<\/p>\n\n\n\n<p>Se\u00f1al\u00f3 que pr\u00f3ximamente se firmar\u00e1 un convenio con el&nbsp;Instituto Tecnol\u00f3gico de las Am\u00e9ricas&nbsp;(ITLA), con el prop\u00f3sito de que aproximadamente el 70% de los estudiantes de carreras tecnol\u00f3gicas tengan la oportunidad de realizar pasant\u00edas de un a\u00f1o en la administraci\u00f3n p\u00fablica.&nbsp;<\/p>\n\n\n\n<p><strong>Prensa MAP<\/strong>\u00a0&lt;prensa@map.gob.do> <\/p>\n","protected":false},"excerpt":{"rendered":"<p>Entre los proyectos que se ejecutan en el MAP se encuentra el programa de pasant\u00edas gubernamentales para j\u00f3venes que est\u00e1n pr\u00f3ximos a culminar sus estudios universitarios, con la intenci\u00f3n de que puedan adquirir experiencia mientras conocen como funcionan las instituciones p\u00fablicas. Santo Domingo. &#8211;&nbsp;El ministro de Administraci\u00f3n P\u00fablica, Sigmund Freund destac\u00f3 la necesidad de incorporar [&hellip;]<\/p>\n","protected":false},"author":7,"featured_media":592747,"comment_status":"closed","ping_status":"closed","sticky":false,"template":"","format":"standard","meta":{"footnotes":""},"categories":[20],"tags":[501],"class_list":["post-592735","post","type-post","status-publish","format-standard","has-post-thumbnail","hentry","category-dominicana-hoy","tag-ministro-de-administracion-publica"],"_links":{"self":[{"href":"https:\/\/diariodominicano.com\/index.php?rest_route=\/wp\/v2\/posts\/592735","targetHints":{"allow":["GET"]}}],"collection":[{"href":"https:\/\/diariodominicano.com\/index.php?rest_route=\/wp\/v2\/posts"}],"about":[{"href":"https:\/\/diariodominicano.com\/index.php?rest_route=\/wp\/v2\/types\/post"}],"author":[{"embeddable":true,"href":"https:\/\/diariodominicano.com\/index.php?rest_route=\/wp\/v2\/users\/7"}],"replies":[{"embeddable":true,"href":"https:\/\/diariodominicano.com\/index.php?rest_route=%2Fwp%2Fv2%2Fcomments&post=592735"}],"version-history":[{"count":1,"href":"https:\/\/diariodominicano.com\/index.php?rest_route=\/wp\/v2\/posts\/592735\/revisions"}],"predecessor-version":[{"id":592749,"href":"https:\/\/diariodominicano.com\/index.php?rest_route=\/wp\/v2\/posts\/592735\/revisions\/592749"}],"wp:featuredmedia":[{"embeddable":true,"href":"https:\/\/diariodominicano.com\/index.php?rest_route=\/wp\/v2\/media\/592747"}],"wp:attachment":[{"href":"https:\/\/diariodominicano.com\/index.php?rest_route=%2Fwp%2Fv2%2Fmedia&parent=592735"}],"wp:term":[{"taxonomy":"category","embeddable":true,"href":"https:\/\/diariodominicano.com\/index.php?rest_route=%2Fwp%2Fv2%2Fcategories&post=592735"},{"taxonomy":"post_tag","embeddable":true,"href":"https:\/\/diariodominicano.com\/index.php?rest_route=%2Fwp%2Fv2%2Ftags&post=592735"}],"curies":[{"name":"wp","href":"https:\/\/api.w.org\/{rel}","templated":true}]}}