{"id":592598,"date":"2025-01-31T16:38:34","date_gmt":"2025-01-31T20:38:34","guid":{"rendered":"https:\/\/diariodominicano.com\/?p=592598"},"modified":"2025-01-31T19:09:17","modified_gmt":"2025-01-31T23:09:17","slug":"defensa-civil-realiza-gran-operativo-medico-en-sabana-grande-de-boya","status":"publish","type":"post","link":"https:\/\/diariodominicano.com\/?p=592598","title":{"rendered":"Defensa Civil realiza gran operativo m\u00e9dico en Sabana Grande de Boy\u00e1"},"content":{"rendered":"\n<p><strong>Monte Plata.-<\/strong>&nbsp;Como una forma de llevar salud y bienestar a las comunidades vulnerables, la Defensa Civil dominicana realiz\u00f3 este jueves un gran operativo m\u00e9dico en el municipio Sabana Grande de Boy\u00e1,&nbsp; donde unas de 800 personas recibieron atenci\u00f3n en diferentes \u00e1reas de la salud.<\/p>\n\n\n\n<p>La jornada, encabezada por el director ejecutivo de la instituci\u00f3n, Juan Salas y el alcalde local Marcos Tav\u00e1res, incluy\u00f3 la entrega de medicamentos gratis, chequeo m\u00e9dico general y pediatr\u00eda.<\/p>\n\n\n\n<p>Salas, explic\u00f3 que esta iniciativa responde al compromiso que asumi\u00f3 de cercar la Defensa Civil en diferentes comunidades vulnerables, con acciones que promuevan una cultura de prevenci\u00f3n y buena salud, con miras a salvar vidas.<\/p>\n\n\n\n<p>\u201cEstamos aqu\u00ed en nombre del gobierno central y por instrucciones del presidente Luis Abinader, con la intenci\u00f3n de que ustedes puedan ser beneficiarios de esta jornada que lleva vida y previene enfermedades. Sabana Grande de Boy\u00e1 sigue desarroll\u00e1ndose y esto aumenta nuestro compromiso para seguir a su servicio siempre\u201d, dijo Salas.<\/p>\n\n\n\n<p>El operativo se realiz\u00f3 en el parque central del municipio como parte de la celebraci\u00f3n de las fiestas patronales que se realizan del 25 al 2 de febrero.<\/p>\n","protected":false},"excerpt":{"rendered":"<p>Monte Plata.-&nbsp;Como una forma de llevar salud y bienestar a las comunidades vulnerables, la Defensa Civil dominicana realiz\u00f3 este jueves un gran operativo m\u00e9dico en el municipio Sabana Grande de Boy\u00e1,&nbsp; donde unas de 800 personas recibieron atenci\u00f3n en diferentes \u00e1reas de la salud. La jornada, encabezada por el director ejecutivo de la instituci\u00f3n, Juan [&hellip;]<\/p>\n","protected":false},"author":7,"featured_media":0,"comment_status":"closed","ping_status":"closed","sticky":false,"template":"","format":"standard","meta":{"footnotes":""},"categories":[1],"tags":[573],"class_list":["post-592598","post","type-post","status-publish","format-standard","hentry","category-editorial","tag-defensa-civil"],"_links":{"self":[{"href":"https:\/\/diariodominicano.com\/index.php?rest_route=\/wp\/v2\/posts\/592598","targetHints":{"allow":["GET"]}}],"collection":[{"href":"https:\/\/diariodominicano.com\/index.php?rest_route=\/wp\/v2\/posts"}],"about":[{"href":"https:\/\/diariodominicano.com\/index.php?rest_route=\/wp\/v2\/types\/post"}],"author":[{"embeddable":true,"href":"https:\/\/diariodominicano.com\/index.php?rest_route=\/wp\/v2\/users\/7"}],"replies":[{"embeddable":true,"href":"https:\/\/diariodominicano.com\/index.php?rest_route=%2Fwp%2Fv2%2Fcomments&post=592598"}],"version-history":[{"count":1,"href":"https:\/\/diariodominicano.com\/index.php?rest_route=\/wp\/v2\/posts\/592598\/revisions"}],"predecessor-version":[{"id":592626,"href":"https:\/\/diariodominicano.com\/index.php?rest_route=\/wp\/v2\/posts\/592598\/revisions\/592626"}],"wp:attachment":[{"href":"https:\/\/diariodominicano.com\/index.php?rest_route=%2Fwp%2Fv2%2Fmedia&parent=592598"}],"wp:term":[{"taxonomy":"category","embeddable":true,"href":"https:\/\/diariodominicano.com\/index.php?rest_route=%2Fwp%2Fv2%2Fcategories&post=592598"},{"taxonomy":"post_tag","embeddable":true,"href":"https:\/\/diariodominicano.com\/index.php?rest_route=%2Fwp%2Fv2%2Ftags&post=592598"}],"curies":[{"name":"wp","href":"https:\/\/api.w.org\/{rel}","templated":true}]}}