{"id":592571,"date":"2025-01-31T09:16:54","date_gmt":"2025-01-31T13:16:54","guid":{"rendered":"https:\/\/diariodominicano.com\/?p=592571"},"modified":"2025-01-31T09:22:42","modified_gmt":"2025-01-31T13:22:42","slug":"el-trafico-de-organos-humanos-otro-azote-para-haiti","status":"publish","type":"post","link":"https:\/\/diariodominicano.com\/?p=592571","title":{"rendered":"Leslie Voltaire, presidente del Consejo Presidencial de Hait\u00ed dice que el tr\u00e1fico de \u00f3rganos humanos agobia la vida de Hait\u00ed"},"content":{"rendered":"\n<p>diariodominicano.com<\/p>\n\n\n\n<p>Puerto Pr\u00edncipe, 31 ene (Prensa Latina) El presidente del Consejo Presidencial de Transici\u00f3n de Hait\u00ed, Leslie Voltaire confirm\u00f3 que el tr\u00e1fico de \u00f3rganos humanos es hoy otro flagelo que agobia la vida de los habitantes de la naci\u00f3n caribe\u00f1a.<\/p>\n\n\n\n<p>Voltaire calific\u00f3 de preocupante las desapariciones de ciudadanos, Y la progresi\u00f3n de este delito vinculado al comercio ilegal.<\/p>\n\n\n\n<p>Partes vitales del cuerpo como ri\u00f1ones, h\u00edgado y corazones, son extra\u00eddos y vendidos al extranjero por sumas astron\u00f3micas, puntualiz\u00f3.<\/p>\n\n\n\n<p>El tr\u00e1fico de \u00f3rganos es un flagelo mundial, y Hait\u00ed no parece estar exento de \u00e9l, lament\u00f3 Voltaire citado por el sitio digital Noticias Kominotek.<\/p>\n\n\n\n<p>Sus declaraciones subrayan la gravedad de la situaci\u00f3n, de ah\u00ed que afirmara que a veces, cuando las personas desaparecen y sus cuerpos nunca son encontrados.<\/p>\n\n\n\n<p>Esto puede ser un indicador de que est\u00e1 estructurada una red de tr\u00e1fico de \u00f3rganos en la llamada Perla de las Antillas.<\/p>\n\n\n\n<p>Seg\u00fan Noticias Kominotek, estas desapariciones podr\u00edan ser impulsadas por redes internacionales que explotan la vulnerabilidad de las personas en contextos de inestabilidad pol\u00edtica y social.<\/p>\n\n\n\n<p>Es vital poner en marcha una campa\u00f1a para informar a la poblaci\u00f3n de los riesgos que conlleva este flagelo, pero ser\u00e1 necesario acciones m\u00e1s amplias y concretas para erradicar esta pr\u00e1ctica.<\/p>\n\n\n\n<p>mem\/joe<\/p>\n","protected":false},"excerpt":{"rendered":"<p>diariodominicano.com Puerto Pr\u00edncipe, 31 ene (Prensa Latina) El presidente del Consejo Presidencial de Transici\u00f3n de Hait\u00ed, Leslie Voltaire confirm\u00f3 que el tr\u00e1fico de \u00f3rganos humanos es hoy otro flagelo que agobia la vida de los habitantes de la naci\u00f3n caribe\u00f1a. Voltaire calific\u00f3 de preocupante las desapariciones de ciudadanos, Y la progresi\u00f3n de este delito vinculado [&hellip;]<\/p>\n","protected":false},"author":5,"featured_media":592572,"comment_status":"closed","ping_status":"closed","sticky":true,"template":"","format":"standard","meta":{"footnotes":""},"categories":[112,23,27],"tags":[],"class_list":["post-592571","post","type-post","status-publish","format-standard","has-post-thumbnail","hentry","category-haiti","category-internacional","category-portada"],"_links":{"self":[{"href":"https:\/\/diariodominicano.com\/index.php?rest_route=\/wp\/v2\/posts\/592571","targetHints":{"allow":["GET"]}}],"collection":[{"href":"https:\/\/diariodominicano.com\/index.php?rest_route=\/wp\/v2\/posts"}],"about":[{"href":"https:\/\/diariodominicano.com\/index.php?rest_route=\/wp\/v2\/types\/post"}],"author":[{"embeddable":true,"href":"https:\/\/diariodominicano.com\/index.php?rest_route=\/wp\/v2\/users\/5"}],"replies":[{"embeddable":true,"href":"https:\/\/diariodominicano.com\/index.php?rest_route=%2Fwp%2Fv2%2Fcomments&post=592571"}],"version-history":[{"count":2,"href":"https:\/\/diariodominicano.com\/index.php?rest_route=\/wp\/v2\/posts\/592571\/revisions"}],"predecessor-version":[{"id":592575,"href":"https:\/\/diariodominicano.com\/index.php?rest_route=\/wp\/v2\/posts\/592571\/revisions\/592575"}],"wp:featuredmedia":[{"embeddable":true,"href":"https:\/\/diariodominicano.com\/index.php?rest_route=\/wp\/v2\/media\/592572"}],"wp:attachment":[{"href":"https:\/\/diariodominicano.com\/index.php?rest_route=%2Fwp%2Fv2%2Fmedia&parent=592571"}],"wp:term":[{"taxonomy":"category","embeddable":true,"href":"https:\/\/diariodominicano.com\/index.php?rest_route=%2Fwp%2Fv2%2Fcategories&post=592571"},{"taxonomy":"post_tag","embeddable":true,"href":"https:\/\/diariodominicano.com\/index.php?rest_route=%2Fwp%2Fv2%2Ftags&post=592571"}],"curies":[{"name":"wp","href":"https:\/\/api.w.org\/{rel}","templated":true}]}}