{"id":592491,"date":"2025-01-31T00:33:01","date_gmt":"2025-01-31T04:33:01","guid":{"rendered":"https:\/\/diariodominicano.com\/?p=592491"},"modified":"2025-01-31T19:08:13","modified_gmt":"2025-01-31T23:08:13","slug":"director-de-inapa-anuncia-acueducto-de-miches-sera-inaugurado-en-febrero","status":"publish","type":"post","link":"https:\/\/diariodominicano.com\/?p=592491","title":{"rendered":"Director de INAPA, anuncia acueducto de Miches ser\u00e1 inaugurado en febrero"},"content":{"rendered":"\n<p>El director ejecutivo del Instituto Nacional de Aguas Potables y Alcantarillados (INAPA), Wellington Arnaud, anunci\u00f3 que\u00a0 el Acueducto M\u00faltiple Miches-Zona Tur\u00edstica, provincia El Seibo, ser\u00e1 inaugurado en febrero.<\/p>\n\n\n\n<p>\u00abEl pr\u00f3ximo mes de febrero estaremos inaugurando junto al presidente Luis Abinader\u00bb, inform\u00f3 el funcionario durante un recorrido de supervisi\u00f3n.<\/p>\n\n\n\n<p>Con esta obra, la instituci\u00f3n llevar\u00e1 agua de calidad a m\u00e1s de 33,000 habitantes, adem\u00e1s de garantizar el servicio a la zona hotelera, cumpliendo una vez un compromiso asumido por el presidente Luis Abinader.<\/p>\n\n\n\n<p>Como parte del recorrido, el funcionario inspeccion\u00f3 la planta potabilizadora de 300 litros por segundo.<\/p>\n\n\n\n<p>El lugar cuenta con una aula donde los estudiantes recibir\u00e1n charlas sobre los procesos de potabilizaci\u00f3n del agua y el ahorro de este vital recurso.<\/p>\n\n\n\n<p>De igual modo, Arnaud visit\u00f3 las estaciones de bombeo en los r\u00edos Jovero y Yeguada, cuya capacidad es de 100 y 200 litros por segundo, respectivamente, para un total de 300 litros por segundo.<\/p>\n\n\n\n<p>De acuerdo a lo expresado por el funcionario, la obra cumple con todos los est\u00e1ndares de calidad para garantizar un servicio eficaz y eficiente.<\/p>\n\n\n\n<p>Arnaud record\u00f3 que la construcci\u00f3n del acueducto hab\u00eda iniciado hace 20 a\u00f1os y que&nbsp; fue abandonado por los gobiernos pasados.&nbsp;<\/p>\n\n\n\n<p>Explic\u00f3 que el dep\u00f3sito regulador servir\u00e1 de atracci\u00f3n tur\u00edstica, ya que la explanada cuenta con una espectacular vista de la ciudad para el disfrute de los visitantes.<\/p>\n\n\n\n<p>Esta obra incluye obras de toma y estaciones de bombeo en los r\u00edos Jovero y Yeguada, as\u00ed como redes de distribuci\u00f3n y l\u00edneas de conducci\u00f3n hacia la zona hotelera. <\/p>\n","protected":false},"excerpt":{"rendered":"<p>El director ejecutivo del Instituto Nacional de Aguas Potables y Alcantarillados (INAPA), Wellington Arnaud, anunci\u00f3 que\u00a0 el Acueducto M\u00faltiple Miches-Zona Tur\u00edstica, provincia El Seibo, ser\u00e1 inaugurado en febrero. \u00abEl pr\u00f3ximo mes de febrero estaremos inaugurando junto al presidente Luis Abinader\u00bb, inform\u00f3 el funcionario durante un recorrido de supervisi\u00f3n. Con esta obra, la instituci\u00f3n llevar\u00e1 agua [&hellip;]<\/p>\n","protected":false},"author":7,"featured_media":0,"comment_status":"closed","ping_status":"closed","sticky":true,"template":"","format":"standard","meta":{"footnotes":""},"categories":[20],"tags":[482],"class_list":["post-592491","post","type-post","status-publish","format-standard","hentry","category-dominicana-hoy","tag-inapa"],"_links":{"self":[{"href":"https:\/\/diariodominicano.com\/index.php?rest_route=\/wp\/v2\/posts\/592491","targetHints":{"allow":["GET"]}}],"collection":[{"href":"https:\/\/diariodominicano.com\/index.php?rest_route=\/wp\/v2\/posts"}],"about":[{"href":"https:\/\/diariodominicano.com\/index.php?rest_route=\/wp\/v2\/types\/post"}],"author":[{"embeddable":true,"href":"https:\/\/diariodominicano.com\/index.php?rest_route=\/wp\/v2\/users\/7"}],"replies":[{"embeddable":true,"href":"https:\/\/diariodominicano.com\/index.php?rest_route=%2Fwp%2Fv2%2Fcomments&post=592491"}],"version-history":[{"count":2,"href":"https:\/\/diariodominicano.com\/index.php?rest_route=\/wp\/v2\/posts\/592491\/revisions"}],"predecessor-version":[{"id":592539,"href":"https:\/\/diariodominicano.com\/index.php?rest_route=\/wp\/v2\/posts\/592491\/revisions\/592539"}],"wp:attachment":[{"href":"https:\/\/diariodominicano.com\/index.php?rest_route=%2Fwp%2Fv2%2Fmedia&parent=592491"}],"wp:term":[{"taxonomy":"category","embeddable":true,"href":"https:\/\/diariodominicano.com\/index.php?rest_route=%2Fwp%2Fv2%2Fcategories&post=592491"},{"taxonomy":"post_tag","embeddable":true,"href":"https:\/\/diariodominicano.com\/index.php?rest_route=%2Fwp%2Fv2%2Ftags&post=592491"}],"curies":[{"name":"wp","href":"https:\/\/api.w.org\/{rel}","templated":true}]}}